{"id":1052688,"date":"2026-05-03T10:14:00","date_gmt":"2026-05-03T07:14:00","guid":{"rendered":"https:\/\/darkamazi.info\/?p=1052688"},"modified":"2026-05-03T10:14:00","modified_gmt":"2026-05-03T07:14:00","slug":"amedspor-bi-serbilindi-gihist-super-lige-necirvan-barzani-u-erdogan-pirozbahi-li-time-kirin","status":"publish","type":"post","link":"https:\/\/darkamazi.info\/archives\/1052688","title":{"rendered":"Amedspor bi serbilind\u00ee gih\u00ee\u015ft Super L\u00eeg\u00ea: N\u00ea\u00e7\u00eervan Barzan\u00ee \u00fb erdogan p\u00eerozbah\u00ee li t\u00eem\u00ea kirin"},"content":{"rendered":"<h3 style=\"text-align: justify;\"><span style=\"font-family: 'arial black', sans-serif;\">Werza futbol\u00ea ya 2025-2026an ji bo bajar\u00ea Amed\u00ea b\u00fb werzeke d\u00eerok\u00ee. Amedspor\u00ea di hefteya daw\u00ee ya L\u00eega Yekem de, pi\u015ft\u00ee p\u00ea\u015fbirka ligel I\u011fd\u0131r FK, xewna xwe ya bi salan p\u00eak an\u00ee \u00fb bilindb\u00fbna xwe ya bo Super Liga Tirkiyey\u00ea m\u00eesoger kir. Ev serkeftina mezin di asta navdewlet\u00ee \u00fb navxwey\u00ee de deng veda \u00fb b\u00fb sedema k\u00eafxwe\u015fiyeke mezin.<\/span><\/h3>\n<h3 style=\"text-align: justify;\">Di hefteya 38an a l\u00eeg\u00ea de, Amedspor li qada xwe p\u00ea\u015fwaziya I\u011fd\u0131r FK kir. Di ma\u00e7eke tij\u00ee heyecan \u00fb gol de, her du t\u00eem bi encama 3-3 wekhev man. Bi v\u00ea encam\u00ea Amedspor\u00ea p\u00fban\u00ean xwe gihand 74an. Tev\u00ee ku t\u00eema Esenler Erokspor j\u00ee gih\u00ee\u015ft heman p\u00fban\u00ee, Amedspor ji ber serkeftina di ma\u00e7\u00ean navbera her du t\u00eeman de (averaj) ket r\u00eaza duyem \u00fb li gel Erzurumspor\u00ea rasterast bilind\u00ee Super Lig\u00ea b\u00fb.<\/h3>\n<h3 style=\"text-align: justify;\"><span style=\"font-family: 'arial black', sans-serif;\">N\u00ea\u00e7\u00eervan Barzan\u00ee: &#8220;Em bi Serkeftina Amedspor\u00ea Pir \u015ea B\u00fbn&#8221;<\/span><\/h3>\n<h3 style=\"text-align: justify;\">Serok\u00ea Her\u00eama Kurdistan\u00ea N\u00ea\u00e7\u00eervan Barzan\u00ee, yekser pi\u015ft\u00ee m\u00eesogerkirina serkeftin\u00ea, peyameke p\u00eerozbahiy\u00ea we\u015fand. Barzan\u00ee di peyama xwe de got: &#8220;Ez Amedspor\u00ea \u00fb hem\u00fb al\u00eegir\u00ean w\u00ea ji dil \u00fb can p\u00eeroz dikim. Em bi v\u00ea serkeftin\u00ea pir \u015fa b\u00fbn. H\u00eav\u00eedar im ku Amed\u00ea bi awayek\u00ee her\u00ee ba\u015f di Super Lig\u00ea de tems\u00eel bikin.&#8221;<\/h3>\n<h3 style=\"text-align: justify;\"><span style=\"font-family: 'arial black', sans-serif;\">Erdogan: &#8220;Ez Biray\u00ean Xwe y\u00ean Diyarbekir\u00ee P\u00eeroz Dikim&#8221;<\/span><\/h3>\n<h3 style=\"text-align: justify;\">Serokkomar\u00ea Tirkiyey\u00ea Recep Tayyip Erdogan j\u00ee bi peyameke ferm\u00ee p\u00eerozbah\u00ee li camiaya Amedspor\u00ea kir. Erdogan diyar kir ku ew k\u00eafxwe\u015f e ku Amedspor d\u00ea bajar\u00ea Diyarbekir\u00ea di asta her\u00ee bilind a futbol\u00ea de tems\u00eel bike \u00fb serkeftin ji bo werza n\u00fb ji bo t\u00eem\u00ea xwest.<\/h3>\n<h3 style=\"text-align: justify;\"><span style=\"font-family: 'arial black', sans-serif;\">Kurteya Ma\u00e7\u00ea \u00fb Gol\u00ean D\u00eerok\u00ee:<\/span><\/h3>\n<h3 style=\"text-align: justify;\">Ma\u00e7a f\u00eenal\u00ea b\u00eeran\u00eeneke jib\u00eernekir\u00ee hi\u015ft. Gol\u00ean ku Amedspor birin Super Lig\u00ea bi v\u00ee away\u00ee hatin tomarkirin:<\/h3>\n<h3 style=\"text-align: justify;\">Hasan Ali Kald\u0131r\u0131m (Xuleka 19)<\/h3>\n<h3 style=\"text-align: justify;\">Mbaye Diagne (Xuleka 45+1)<\/h3>\n<h3 style=\"text-align: justify;\">Dia Saba (Xuleka 49)<\/h3>\n<h3 style=\"text-align: justify;\">Ji bo I\u011fd\u0131r FK j\u00ee Fofana, G\u00fcray Vural \u00fb Atakan \u00c7ankaya gol av\u00eatin, l\u00ea ev encam t\u00ear\u00ea kir ku Amedspor xewna xwe ya Super Lig\u00ea p\u00eak b\u00eene. \u00cad\u00ee Amedspor amade ye ku di werza b\u00ea de li hember\u00ee d\u00eaw\u00ean futbol\u00ea y\u00ean wek\u00ee Galatasaray \u00fb Fenerbah\u00e7ey\u00ea t\u00ea biko\u015fe.<\/h3>\n","protected":false},"excerpt":{"rendered":"<p>Werza futbol\u00ea ya 2025-2026an ji bo bajar\u00ea Amed\u00ea b\u00fb werzeke d\u00eerok\u00ee. Amedspor\u00ea di hefteya daw\u00ee ya L\u00eega Yekem de, pi\u015ft\u00ee p\u00ea\u015fbirka ligel I\u011fd\u0131r FK, xewna xwe ya bi salan p\u00eak an\u00ee \u00fb bilindb\u00fbna xwe ya bo Super Liga Tirkiyey\u00ea m\u00eesoger kir. Ev serkeftina mezin di asta navdewlet\u00ee \u00fb navxwey\u00ee de deng veda \u00fb b\u00fb sedema [&hellip;]<\/p>\n","protected":false},"author":2,"featured_media":1052689,"comment_status":"closed","ping_status":"closed","sticky":false,"template":"","format":"standard","meta":{"footnotes":""},"categories":[29],"tags":[37],"class_list":["post-1052688","post","type-post","status-publish","format-standard","has-post-thumbnail","hentry","category-kurdistan","tag-sereke"],"blocksy_meta":[],"seo_head":"<!-- This site is optimized with the Yoast SEO plugin v27.5 - https:\/\/yoast.com\/product\/yoast-seo-wordpress\/ -->\n<title>Amedspor bi serbilind\u00ee gih\u00ee\u015ft Super L\u00eeg\u00ea: N\u00ea\u00e7\u00eervan Barzan\u00ee \u00fb erdogan p\u00eerozbah\u00ee li t\u00eem\u00ea kirin - Darka Maz\u00ee<\/title>\n<meta name=\"robots\" content=\"index, follow, max-snippet:-1, max-image-preview:large, max-video-preview:-1\" \/>\n<link rel=\"canonical\" href=\"https:\/\/darkamazi.info\/archives\/1052688\" \/>\n<meta property=\"og:locale\" content=\"en_US\" \/>\n<meta property=\"og:type\" content=\"article\" \/>\n<meta property=\"og:title\" content=\"Amedspor bi serbilind\u00ee gih\u00ee\u015ft Super L\u00eeg\u00ea: N\u00ea\u00e7\u00eervan Barzan\u00ee \u00fb erdogan p\u00eerozbah\u00ee li t\u00eem\u00ea kirin - Darka Maz\u00ee\" \/>\n<meta property=\"og:description\" content=\"Werza futbol\u00ea ya 2025-2026an ji bo bajar\u00ea Amed\u00ea b\u00fb werzeke d\u00eerok\u00ee. Amedspor\u00ea di hefteya daw\u00ee ya L\u00eega Yekem de, pi\u015ft\u00ee p\u00ea\u015fbirka ligel I\u011fd\u0131r FK, xewna xwe ya bi salan p\u00eak an\u00ee \u00fb bilindb\u00fbna xwe ya bo Super Liga Tirkiyey\u00ea m\u00eesoger kir. Ev serkeftina mezin di asta navdewlet\u00ee \u00fb navxwey\u00ee de deng veda \u00fb b\u00fb sedema [&hellip;]\" \/>\n<meta property=\"og:url\" content=\"https:\/\/darkamazi.info\/archives\/1052688\" \/>\n<meta property=\"og:site_name\" content=\"Darka Maz\u00ee\" \/>\n<meta property=\"article:publisher\" content=\"https:\/\/www.facebook.com\/DarMaziKurmanci\" \/>\n<meta property=\"article:published_time\" content=\"2026-05-03T07:14:00+00:00\" \/>\n<meta property=\"og:image\" content=\"https:\/\/darkamazi.info\/file\/2026\/05\/amedspor.jpg\" \/>\n\t<meta property=\"og:image:width\" content=\"900\" \/>\n\t<meta property=\"og:image:height\" content=\"497\" \/>\n\t<meta property=\"og:image:type\" content=\"image\/jpeg\" \/>\n<meta name=\"author\" content=\"darka mazi\" \/>\n<meta name=\"twitter:card\" content=\"summary_large_image\" \/>\n<meta name=\"twitter:creator\" content=\"@DarkaMaziLatini\" \/>\n<meta name=\"twitter:site\" content=\"@DarkaMaziLatini\" \/>\n<meta name=\"twitter:label1\" content=\"Written by\" \/>\n\t<meta name=\"twitter:data1\" content=\"darka mazi\" \/>\n\t<meta name=\"twitter:label2\" content=\"Est. reading time\" \/>\n\t<meta name=\"twitter:data2\" content=\"2 minutes\" \/>\n<script type=\"application\/ld+json\" class=\"seo-schema-graph\">{\"@context\":\"https:\\\/\\\/schema.org\",\"@graph\":[{\"@type\":\"Article\",\"@id\":\"https:\\\/\\\/darkamazi.info\\\/archives\\\/1052688#article\",\"isPartOf\":{\"@id\":\"https:\\\/\\\/darkamazi.info\\\/archives\\\/1052688\"},\"author\":{\"name\":\"darka mazi\",\"@id\":\"https:\\\/\\\/darkamazi.info\\\/#\\\/schema\\\/person\\\/5ad3e24553a0567993fa8ed4bd0a776c\"},\"headline\":\"Amedspor bi serbilind\u00ee gih\u00ee\u015ft Super L\u00eeg\u00ea: N\u00ea\u00e7\u00eervan Barzan\u00ee \u00fb erdogan p\u00eerozbah\u00ee li t\u00eem\u00ea kirin\",\"datePublished\":\"2026-05-03T07:14:00+00:00\",\"mainEntityOfPage\":{\"@id\":\"https:\\\/\\\/darkamazi.info\\\/archives\\\/1052688\"},\"wordCount\":396,\"publisher\":{\"@id\":\"https:\\\/\\\/darkamazi.info\\\/#organization\"},\"image\":{\"@id\":\"https:\\\/\\\/darkamazi.info\\\/archives\\\/1052688#primaryimage\"},\"thumbnailUrl\":\"https:\\\/\\\/darkamazi.info\\\/darka-content\\\/uploads\\\/2026\\\/05\\\/amedspor.jpg\",\"keywords\":[\"sereke\"],\"articleSection\":[\"Kurdistan\"],\"inLanguage\":\"en-US\"},{\"@type\":\"WebPage\",\"@id\":\"https:\\\/\\\/darkamazi.info\\\/archives\\\/1052688\",\"url\":\"https:\\\/\\\/darkamazi.info\\\/archives\\\/1052688\",\"name\":\"Amedspor bi serbilind\u00ee gih\u00ee\u015ft Super L\u00eeg\u00ea: N\u00ea\u00e7\u00eervan Barzan\u00ee \u00fb erdogan p\u00eerozbah\u00ee li t\u00eem\u00ea kirin - Darka Maz\u00ee\",\"isPartOf\":{\"@id\":\"https:\\\/\\\/darkamazi.info\\\/#website\"},\"primaryImageOfPage\":{\"@id\":\"https:\\\/\\\/darkamazi.info\\\/archives\\\/1052688#primaryimage\"},\"image\":{\"@id\":\"https:\\\/\\\/darkamazi.info\\\/archives\\\/1052688#primaryimage\"},\"thumbnailUrl\":\"https:\\\/\\\/darkamazi.info\\\/darka-content\\\/uploads\\\/2026\\\/05\\\/amedspor.jpg\",\"datePublished\":\"2026-05-03T07:14:00+00:00\",\"breadcrumb\":{\"@id\":\"https:\\\/\\\/darkamazi.info\\\/archives\\\/1052688#breadcrumb\"},\"inLanguage\":\"en-US\",\"potentialAction\":[{\"@type\":\"ReadAction\",\"target\":[\"https:\\\/\\\/darkamazi.info\\\/archives\\\/1052688\"]}]},{\"@type\":\"ImageObject\",\"inLanguage\":\"en-US\",\"@id\":\"https:\\\/\\\/darkamazi.info\\\/archives\\\/1052688#primaryimage\",\"url\":\"https:\\\/\\\/darkamazi.info\\\/darka-content\\\/uploads\\\/2026\\\/05\\\/amedspor.jpg\",\"contentUrl\":\"https:\\\/\\\/darkamazi.info\\\/darka-content\\\/uploads\\\/2026\\\/05\\\/amedspor.jpg\",\"width\":900,\"height\":497,\"caption\":\"Amedspor bi serbilind\u00ee gih\u00ee\u015ft Super L\u00eeg\u00ea: N\u00ea\u00e7\u00eervan Barzan\u00ee \u00fb erdogan p\u00eerozbah\u00ee li t\u00eem\u00ea kirin\"},{\"@type\":\"BreadcrumbList\",\"@id\":\"https:\\\/\\\/darkamazi.info\\\/archives\\\/1052688#breadcrumb\",\"itemListElement\":[{\"@type\":\"ListItem\",\"position\":1,\"name\":\"Home\",\"item\":\"https:\\\/\\\/darkamazi.info\\\/\"},{\"@type\":\"ListItem\",\"position\":2,\"name\":\"Amedspor bi serbilind\u00ee gih\u00ee\u015ft Super L\u00eeg\u00ea: N\u00ea\u00e7\u00eervan Barzan\u00ee \u00fb erdogan p\u00eerozbah\u00ee li t\u00eem\u00ea kirin\"}]},{\"@type\":\"WebSite\",\"@id\":\"https:\\\/\\\/darkamazi.info\\\/#website\",\"url\":\"https:\\\/\\\/darkamazi.info\\\/\",\"name\":\"Darka Maz\u00ee\",\"description\":\"P\u00eageha Zanyariy\u00ean Nebih\u00eest\u00ee\",\"publisher\":{\"@id\":\"https:\\\/\\\/darkamazi.info\\\/#organization\"},\"potentialAction\":[{\"@type\":\"SearchAction\",\"target\":{\"@type\":\"EntryPoint\",\"urlTemplate\":\"https:\\\/\\\/darkamazi.info\\\/?s={search_term_string}\"},\"query-input\":{\"@type\":\"PropertyValueSpecification\",\"valueRequired\":true,\"valueName\":\"search_term_string\"}}],\"inLanguage\":\"en-US\"},{\"@type\":\"Organization\",\"@id\":\"https:\\\/\\\/darkamazi.info\\\/#organization\",\"name\":\"Darka Maz\u00ee\",\"url\":\"https:\\\/\\\/darkamazi.info\\\/\",\"logo\":{\"@type\":\"ImageObject\",\"inLanguage\":\"en-US\",\"@id\":\"https:\\\/\\\/darkamazi.info\\\/#\\\/schema\\\/logo\\\/image\\\/\",\"url\":\"https:\\\/\\\/darkamazi.info\\\/darka-content\\\/uploads\\\/2017\\\/12\\\/darka-mazi-logo.png\",\"contentUrl\":\"https:\\\/\\\/darkamazi.info\\\/darka-content\\\/uploads\\\/2017\\\/12\\\/darka-mazi-logo.png\",\"width\":151,\"height\":75,\"caption\":\"Darka Maz\u00ee\"},\"image\":{\"@id\":\"https:\\\/\\\/darkamazi.info\\\/#\\\/schema\\\/logo\\\/image\\\/\"},\"sameAs\":[\"https:\\\/\\\/www.facebook.com\\\/DarMaziKurmanci\",\"https:\\\/\\\/x.com\\\/DarkaMaziLatini\",\"https:\\\/\\\/www.instagram.com\\\/darkamazi.kurmanci\\\/\",\"https:\\\/\\\/www.youtube.com\\\/channel\\\/UCa5HkTdmI8U1qCUFuTw8B2g\"]},{\"@type\":\"Person\",\"@id\":\"https:\\\/\\\/darkamazi.info\\\/#\\\/schema\\\/person\\\/5ad3e24553a0567993fa8ed4bd0a776c\",\"name\":\"darka mazi\",\"sameAs\":[\"https:\\\/\\\/darkamazi.info\\\/\"],\"url\":\"https:\\\/\\\/darkamazi.info\\\/archives\\\/author\\\/kurdi\"}]}<\/script>\n<!-- \/ Yoast SEO plugin. -->","seo_head_json":{"title":"Amedspor bi serbilind\u00ee gih\u00ee\u015ft Super L\u00eeg\u00ea: N\u00ea\u00e7\u00eervan Barzan\u00ee \u00fb erdogan p\u00eerozbah\u00ee li t\u00eem\u00ea kirin - Darka Maz\u00ee","robots":{"index":"index","follow":"follow","max-snippet":"max-snippet:-1","max-image-preview":"max-image-preview:large","max-video-preview":"max-video-preview:-1"},"canonical":"https:\/\/darkamazi.info\/archives\/1052688","og_locale":"en_US","og_type":"article","og_title":"Amedspor bi serbilind\u00ee gih\u00ee\u015ft Super L\u00eeg\u00ea: N\u00ea\u00e7\u00eervan Barzan\u00ee \u00fb erdogan p\u00eerozbah\u00ee li t\u00eem\u00ea kirin - Darka Maz\u00ee","og_description":"Werza futbol\u00ea ya 2025-2026an ji bo bajar\u00ea Amed\u00ea b\u00fb werzeke d\u00eerok\u00ee. Amedspor\u00ea di hefteya daw\u00ee ya L\u00eega Yekem de, pi\u015ft\u00ee p\u00ea\u015fbirka ligel I\u011fd\u0131r FK, xewna xwe ya bi salan p\u00eak an\u00ee \u00fb bilindb\u00fbna xwe ya bo Super Liga Tirkiyey\u00ea m\u00eesoger kir. Ev serkeftina mezin di asta navdewlet\u00ee \u00fb navxwey\u00ee de deng veda \u00fb b\u00fb sedema [&hellip;]","og_url":"https:\/\/darkamazi.info\/archives\/1052688","og_site_name":"Darka Maz\u00ee","article_publisher":"https:\/\/www.facebook.com\/DarMaziKurmanci","article_published_time":"2026-05-03T07:14:00+00:00","og_image":[{"width":900,"height":497,"url":"https:\/\/darkamazi.info\/file\/2026\/05\/amedspor.jpg","type":"image\/jpeg"}],"author":"darka mazi","twitter_card":"summary_large_image","twitter_creator":"@DarkaMaziLatini","twitter_site":"@DarkaMaziLatini","twitter_misc":{"Written by":"darka mazi","Est. reading time":"2 minutes"},"schema":{"@context":"https:\/\/schema.org","@graph":[{"@type":"Article","@id":"https:\/\/darkamazi.info\/archives\/1052688#article","isPartOf":{"@id":"https:\/\/darkamazi.info\/archives\/1052688"},"author":{"name":"darka mazi","@id":"https:\/\/darkamazi.info\/#\/schema\/person\/5ad3e24553a0567993fa8ed4bd0a776c"},"headline":"Amedspor bi serbilind\u00ee gih\u00ee\u015ft Super L\u00eeg\u00ea: N\u00ea\u00e7\u00eervan Barzan\u00ee \u00fb erdogan p\u00eerozbah\u00ee li t\u00eem\u00ea kirin","datePublished":"2026-05-03T07:14:00+00:00","mainEntityOfPage":{"@id":"https:\/\/darkamazi.info\/archives\/1052688"},"wordCount":396,"publisher":{"@id":"https:\/\/darkamazi.info\/#organization"},"image":{"@id":"https:\/\/darkamazi.info\/archives\/1052688#primaryimage"},"thumbnailUrl":"https:\/\/darkamazi.info\/file\/2026\/05\/amedspor.jpg","keywords":["sereke"],"articleSection":["Kurdistan"],"inLanguage":"en-US"},{"@type":"WebPage","@id":"https:\/\/darkamazi.info\/archives\/1052688","url":"https:\/\/darkamazi.info\/archives\/1052688","name":"Amedspor bi serbilind\u00ee gih\u00ee\u015ft Super L\u00eeg\u00ea: N\u00ea\u00e7\u00eervan Barzan\u00ee \u00fb erdogan p\u00eerozbah\u00ee li t\u00eem\u00ea kirin - Darka Maz\u00ee","isPartOf":{"@id":"https:\/\/darkamazi.info\/#website"},"primaryImageOfPage":{"@id":"https:\/\/darkamazi.info\/archives\/1052688#primaryimage"},"image":{"@id":"https:\/\/darkamazi.info\/archives\/1052688#primaryimage"},"thumbnailUrl":"https:\/\/darkamazi.info\/file\/2026\/05\/amedspor.jpg","datePublished":"2026-05-03T07:14:00+00:00","breadcrumb":{"@id":"https:\/\/darkamazi.info\/archives\/1052688#breadcrumb"},"inLanguage":"en-US","potentialAction":[{"@type":"ReadAction","target":["https:\/\/darkamazi.info\/archives\/1052688"]}]},{"@type":"ImageObject","inLanguage":"en-US","@id":"https:\/\/darkamazi.info\/archives\/1052688#primaryimage","url":"https:\/\/darkamazi.info\/file\/2026\/05\/amedspor.jpg","contentUrl":"https:\/\/darkamazi.info\/file\/2026\/05\/amedspor.jpg","width":900,"height":497,"caption":"Amedspor bi serbilind\u00ee gih\u00ee\u015ft Super L\u00eeg\u00ea: N\u00ea\u00e7\u00eervan Barzan\u00ee \u00fb erdogan p\u00eerozbah\u00ee li t\u00eem\u00ea kirin"},{"@type":"BreadcrumbList","@id":"https:\/\/darkamazi.info\/archives\/1052688#breadcrumb","itemListElement":[{"@type":"ListItem","position":1,"name":"Home","item":"https:\/\/darkamazi.info\/"},{"@type":"ListItem","position":2,"name":"Amedspor bi serbilind\u00ee gih\u00ee\u015ft Super L\u00eeg\u00ea: N\u00ea\u00e7\u00eervan Barzan\u00ee \u00fb erdogan p\u00eerozbah\u00ee li t\u00eem\u00ea kirin"}]},{"@type":"WebSite","@id":"https:\/\/darkamazi.info\/#website","url":"https:\/\/darkamazi.info\/","name":"Darka Maz\u00ee","description":"P\u00eageha Zanyariy\u00ean Nebih\u00eest\u00ee","publisher":{"@id":"https:\/\/darkamazi.info\/#organization"},"potentialAction":[{"@type":"SearchAction","target":{"@type":"EntryPoint","urlTemplate":"https:\/\/darkamazi.info\/?s={search_term_string}"},"query-input":{"@type":"PropertyValueSpecification","valueRequired":true,"valueName":"search_term_string"}}],"inLanguage":"en-US"},{"@type":"Organization","@id":"https:\/\/darkamazi.info\/#organization","name":"Darka Maz\u00ee","url":"https:\/\/darkamazi.info\/","logo":{"@type":"ImageObject","inLanguage":"en-US","@id":"https:\/\/darkamazi.info\/#\/schema\/logo\/image\/","url":"https:\/\/darkamazi.info\/file\/2017\/12\/darka-mazi-logo.png","contentUrl":"https:\/\/darkamazi.info\/file\/2017\/12\/darka-mazi-logo.png","width":151,"height":75,"caption":"Darka Maz\u00ee"},"image":{"@id":"https:\/\/darkamazi.info\/#\/schema\/logo\/image\/"},"sameAs":["https:\/\/www.facebook.com\/DarMaziKurmanci","https:\/\/x.com\/DarkaMaziLatini","https:\/\/www.instagram.com\/darkamazi.kurmanci\/","https:\/\/www.youtube.com\/channel\/UCa5HkTdmI8U1qCUFuTw8B2g"]},{"@type":"Person","@id":"https:\/\/darkamazi.info\/#\/schema\/person\/5ad3e24553a0567993fa8ed4bd0a776c","name":"darka mazi","sameAs":["https:\/\/darkamazi.info\/"],"url":"https:\/\/darkamazi.info\/archives\/author\/kurdi"}]}},"_links":{"self":[{"href":"https:\/\/darkamazi.info\/funavuv\/wp\/v2\/posts\/1052688","targetHints":{"allow":["GET"]}}],"collection":[{"href":"https:\/\/darkamazi.info\/funavuv\/wp\/v2\/posts"}],"about":[{"href":"https:\/\/darkamazi.info\/funavuv\/wp\/v2\/types\/post"}],"author":[{"embeddable":true,"href":"https:\/\/darkamazi.info\/funavuv\/wp\/v2\/users\/2"}],"replies":[{"embeddable":true,"href":"https:\/\/darkamazi.info\/funavuv\/wp\/v2\/comments?post=1052688"}],"version-history":[{"count":1,"href":"https:\/\/darkamazi.info\/funavuv\/wp\/v2\/posts\/1052688\/revisions"}],"predecessor-version":[{"id":1052690,"href":"https:\/\/darkamazi.info\/funavuv\/wp\/v2\/posts\/1052688\/revisions\/1052690"}],"wp:featuredmedia":[{"embeddable":true,"href":"https:\/\/darkamazi.info\/funavuv\/wp\/v2\/media\/1052689"}],"wp:attachment":[{"href":"https:\/\/darkamazi.info\/funavuv\/wp\/v2\/media?parent=1052688"}],"wp:term":[{"taxonomy":"category","embeddable":true,"href":"https:\/\/darkamazi.info\/funavuv\/wp\/v2\/categories?post=1052688"},{"taxonomy":"post_tag","embeddable":true,"href":"https:\/\/darkamazi.info\/funavuv\/wp\/v2\/tags?post=1052688"}],"curies":[{"name":"wp","href":"https:\/\/api.w.org\/{rel}","templated":true}]}}