{"id":1052691,"date":"2026-05-03T11:58:23","date_gmt":"2026-05-03T08:58:23","guid":{"rendered":"https:\/\/darkamazi.info\/?p=1052691"},"modified":"2026-05-03T11:58:23","modified_gmt":"2026-05-03T08:58:23","slug":"pengava-vegere-1500-malbaten-ereb-ji-efrine-ber-bi-derezore-ve-dicin","status":"publish","type":"post","link":"https:\/\/darkamazi.info\/archives\/1052691","title":{"rendered":"P\u00eangava veger\u00ea: 1500 malbat\u00ean Ereb ji Efr\u00een\u00ea ber bi d\u00earezor\u00ea ve di\u00e7in"},"content":{"rendered":"<h3 style=\"text-align: justify;\"><span style=\"font-family: 'arial black', sans-serif;\">Pi\u015ft\u00ee r\u00fbxandina desthilata Be\u015far Esed \u00fb guhertin\u00ean lezg\u00een \u00ean li S\u00fbriyey\u00ea, proseya valakirina mal\u00ean Kurdan li Efr\u00een\u00ea dest p\u00ea kir. Li gor\u00ee zanyariy\u00ean her\u00ee daw\u00ee, biryar hatiye day\u00een ku 1500 malbat\u00ean Ereb\u00ean hawirde, y\u00ean ku ji D\u00earezor\u00ea hatib\u00fbn an\u00een, ji her\u00eama Efr\u00een\u00ea vegerin cih \u00fb war\u00ean xwe y\u00ean resen.<\/span><\/h3>\n<h3 style=\"text-align: justify;\">Par\u00eazgar\u00ea D\u00earezor\u00ea \u00fb berpirs\u00ea her\u00eama Efr\u00een\u00ea, X\u00earo Daw\u00fbd, ligel n\u00fbner\u00ean malbat\u00ean Ereb \u00ean li Efr\u00een\u00ea civiyan daku h\u00fbrgiliy\u00ean v\u00ea plana veger\u00ea got\u00fbb\u00eaj bikin. Hat ragihandinn ku ev malbat d\u00ea di nava mehek\u00ea de, bi r\u00eaya karwan\u00ean bir\u00eak\u00fbp\u00eak, ji her\u00eama Efr\u00een\u00ea derkevin \u00fb ber bi par\u00eazgeha D\u00earezor\u00ea ve bi r\u00ea bikevin.<\/h3>\n<h3 style=\"text-align: justify;\">Ji bo h\u00easankirina v\u00ea prosey\u00ea, hik\u00fbmet\u00ea planeke daray\u00ee amade kiriye. Li gor\u00ee v\u00ea plan\u00ea, d\u00ea al\u00eekariya drav\u00ee bidin wan malbatan daku karibin l\u00ea\u00e7\u00fbn\u00ean veger\u00ea peyda bikin \u00fb li D\u00earezor\u00ea ji n\u00fb ve jiyana xwe bir\u00eaxistin bikin. Ev p\u00eangav wek\u00ee hewildanek\u00ea ji bo k\u00eamkirina girjiy\u00ean demograf\u00eek li Efr\u00een\u00ea t\u00ea nirxandin.<\/h3>\n<h3 style=\"text-align: justify;\">Her\u00eama Efr\u00een\u00ea ya Rojavay\u00ea Kurdistan\u00ea, di sala 2018an de ji aliy\u00ea art\u00ea\u015fa Tirkiyey\u00ea \u00fb kom\u00ean \u00e7ekdar ve hatib\u00fb kontrolkirin. Di w\u00ea dem\u00ea de bi sed hezaran Kurd\u00ean resen ne\u00e7ar mab\u00fbn ko\u00e7ber bibin \u00fb li \u015f\u00fbna wan malbat\u00ean Ereb ji par\u00eazgeh\u00ean wek\u00ee D\u00earezor, X\u00fbte, Hims \u00fb Heleb\u00ea hatib\u00fbn bicihkirin.<\/h3>\n<h3 style=\"text-align: justify;\">Bi r\u00fbdana guhertin\u00ean daw\u00ee y\u00ean li S\u00fbriyey\u00ea, li aliyek\u00ee p\u00ealeke n\u00fb ya vegera Kurdan a bo Efr\u00een\u00ea dest p\u00ea kiriye \u00fb li aliy\u00ea din j\u00ee, Ereb\u00ean hawirde dest bi valakirina xan\u00ee \u00fb milk\u00ean Kurdan kirine. \u00c7avd\u00ear diyar dikin ku vegera van 1500 malbatan, d\u00ea bibe destp\u00eaka proseyeke berfirehtir daku nasnameya resen a her\u00eama Efr\u00een\u00ea careke din were parastin.<\/h3>\n","protected":false},"excerpt":{"rendered":"<p>Pi\u015ft\u00ee r\u00fbxandina desthilata Be\u015far Esed \u00fb guhertin\u00ean lezg\u00een \u00ean li S\u00fbriyey\u00ea, proseya valakirina mal\u00ean Kurdan li Efr\u00een\u00ea dest p\u00ea kir. Li gor\u00ee zanyariy\u00ean her\u00ee daw\u00ee, biryar hatiye day\u00een ku 1500 malbat\u00ean Ereb\u00ean hawirde, y\u00ean ku ji D\u00earezor\u00ea hatib\u00fbn an\u00een, ji her\u00eama Efr\u00een\u00ea vegerin cih \u00fb war\u00ean xwe y\u00ean resen. Par\u00eazgar\u00ea D\u00earezor\u00ea \u00fb berpirs\u00ea her\u00eama Efr\u00een\u00ea, [&hellip;]<\/p>\n","protected":false},"author":2,"featured_media":1052692,"comment_status":"closed","ping_status":"closed","sticky":false,"template":"","format":"standard","meta":{"footnotes":""},"categories":[29],"tags":[37],"class_list":["post-1052691","post","type-post","status-publish","format-standard","has-post-thumbnail","hentry","category-kurdistan","tag-sereke"],"blocksy_meta":[],"seo_head":"<!-- This site is optimized with the Yoast SEO plugin v27.5 - https:\/\/yoast.com\/product\/yoast-seo-wordpress\/ -->\n<title>P\u00eangava veger\u00ea: 1500 malbat\u00ean Ereb ji Efr\u00een\u00ea ber bi d\u00earezor\u00ea ve di\u00e7in - Darka Maz\u00ee<\/title>\n<meta name=\"robots\" content=\"index, follow, max-snippet:-1, max-image-preview:large, max-video-preview:-1\" \/>\n<link rel=\"canonical\" href=\"https:\/\/darkamazi.info\/archives\/1052691\" \/>\n<meta property=\"og:locale\" content=\"en_US\" \/>\n<meta property=\"og:type\" content=\"article\" \/>\n<meta property=\"og:title\" content=\"P\u00eangava veger\u00ea: 1500 malbat\u00ean Ereb ji Efr\u00een\u00ea ber bi d\u00earezor\u00ea ve di\u00e7in - Darka Maz\u00ee\" \/>\n<meta property=\"og:description\" content=\"Pi\u015ft\u00ee r\u00fbxandina desthilata Be\u015far Esed \u00fb guhertin\u00ean lezg\u00een \u00ean li S\u00fbriyey\u00ea, proseya valakirina mal\u00ean Kurdan li Efr\u00een\u00ea dest p\u00ea kir. Li gor\u00ee zanyariy\u00ean her\u00ee daw\u00ee, biryar hatiye day\u00een ku 1500 malbat\u00ean Ereb\u00ean hawirde, y\u00ean ku ji D\u00earezor\u00ea hatib\u00fbn an\u00een, ji her\u00eama Efr\u00een\u00ea vegerin cih \u00fb war\u00ean xwe y\u00ean resen. Par\u00eazgar\u00ea D\u00earezor\u00ea \u00fb berpirs\u00ea her\u00eama Efr\u00een\u00ea, [&hellip;]\" \/>\n<meta property=\"og:url\" content=\"https:\/\/darkamazi.info\/archives\/1052691\" \/>\n<meta property=\"og:site_name\" content=\"Darka Maz\u00ee\" \/>\n<meta property=\"article:publisher\" content=\"https:\/\/www.facebook.com\/DarMaziKurmanci\" \/>\n<meta property=\"article:published_time\" content=\"2026-05-03T08:58:23+00:00\" \/>\n<meta property=\"og:image\" content=\"https:\/\/darkamazi.info\/file\/2026\/05\/sirya.jpg\" \/>\n\t<meta property=\"og:image:width\" content=\"900\" \/>\n\t<meta property=\"og:image:height\" content=\"497\" \/>\n\t<meta property=\"og:image:type\" content=\"image\/jpeg\" \/>\n<meta name=\"author\" content=\"darka mazi\" \/>\n<meta name=\"twitter:card\" content=\"summary_large_image\" \/>\n<meta name=\"twitter:creator\" content=\"@DarkaMaziLatini\" \/>\n<meta name=\"twitter:site\" content=\"@DarkaMaziLatini\" \/>\n<meta name=\"twitter:label1\" content=\"Written by\" \/>\n\t<meta name=\"twitter:data1\" content=\"darka mazi\" \/>\n\t<meta name=\"twitter:label2\" content=\"Est. reading time\" \/>\n\t<meta name=\"twitter:data2\" content=\"2 minutes\" \/>\n<script type=\"application\/ld+json\" class=\"seo-schema-graph\">{\"@context\":\"https:\\\/\\\/schema.org\",\"@graph\":[{\"@type\":\"Article\",\"@id\":\"https:\\\/\\\/darkamazi.info\\\/archives\\\/1052691#article\",\"isPartOf\":{\"@id\":\"https:\\\/\\\/darkamazi.info\\\/archives\\\/1052691\"},\"author\":{\"name\":\"darka mazi\",\"@id\":\"https:\\\/\\\/darkamazi.info\\\/#\\\/schema\\\/person\\\/5ad3e24553a0567993fa8ed4bd0a776c\"},\"headline\":\"P\u00eangava veger\u00ea: 1500 malbat\u00ean Ereb ji Efr\u00een\u00ea ber bi d\u00earezor\u00ea ve di\u00e7in\",\"datePublished\":\"2026-05-03T08:58:23+00:00\",\"mainEntityOfPage\":{\"@id\":\"https:\\\/\\\/darkamazi.info\\\/archives\\\/1052691\"},\"wordCount\":339,\"publisher\":{\"@id\":\"https:\\\/\\\/darkamazi.info\\\/#organization\"},\"image\":{\"@id\":\"https:\\\/\\\/darkamazi.info\\\/archives\\\/1052691#primaryimage\"},\"thumbnailUrl\":\"https:\\\/\\\/darkamazi.info\\\/darka-content\\\/uploads\\\/2026\\\/05\\\/sirya.jpg\",\"keywords\":[\"sereke\"],\"articleSection\":[\"Kurdistan\"],\"inLanguage\":\"en-US\"},{\"@type\":\"WebPage\",\"@id\":\"https:\\\/\\\/darkamazi.info\\\/archives\\\/1052691\",\"url\":\"https:\\\/\\\/darkamazi.info\\\/archives\\\/1052691\",\"name\":\"P\u00eangava veger\u00ea: 1500 malbat\u00ean Ereb ji Efr\u00een\u00ea ber bi d\u00earezor\u00ea ve di\u00e7in - Darka Maz\u00ee\",\"isPartOf\":{\"@id\":\"https:\\\/\\\/darkamazi.info\\\/#website\"},\"primaryImageOfPage\":{\"@id\":\"https:\\\/\\\/darkamazi.info\\\/archives\\\/1052691#primaryimage\"},\"image\":{\"@id\":\"https:\\\/\\\/darkamazi.info\\\/archives\\\/1052691#primaryimage\"},\"thumbnailUrl\":\"https:\\\/\\\/darkamazi.info\\\/darka-content\\\/uploads\\\/2026\\\/05\\\/sirya.jpg\",\"datePublished\":\"2026-05-03T08:58:23+00:00\",\"breadcrumb\":{\"@id\":\"https:\\\/\\\/darkamazi.info\\\/archives\\\/1052691#breadcrumb\"},\"inLanguage\":\"en-US\",\"potentialAction\":[{\"@type\":\"ReadAction\",\"target\":[\"https:\\\/\\\/darkamazi.info\\\/archives\\\/1052691\"]}]},{\"@type\":\"ImageObject\",\"inLanguage\":\"en-US\",\"@id\":\"https:\\\/\\\/darkamazi.info\\\/archives\\\/1052691#primaryimage\",\"url\":\"https:\\\/\\\/darkamazi.info\\\/darka-content\\\/uploads\\\/2026\\\/05\\\/sirya.jpg\",\"contentUrl\":\"https:\\\/\\\/darkamazi.info\\\/darka-content\\\/uploads\\\/2026\\\/05\\\/sirya.jpg\",\"width\":900,\"height\":497,\"caption\":\"P\u00eangava veger\u00ea: 1500 malbat\u00ean Ereb ji Efr\u00een\u00ea ber bi d\u00earezor\u00ea ve di\u00e7in\"},{\"@type\":\"BreadcrumbList\",\"@id\":\"https:\\\/\\\/darkamazi.info\\\/archives\\\/1052691#breadcrumb\",\"itemListElement\":[{\"@type\":\"ListItem\",\"position\":1,\"name\":\"Home\",\"item\":\"https:\\\/\\\/darkamazi.info\\\/\"},{\"@type\":\"ListItem\",\"position\":2,\"name\":\"P\u00eangava veger\u00ea: 1500 malbat\u00ean Ereb ji Efr\u00een\u00ea ber bi d\u00earezor\u00ea ve di\u00e7in\"}]},{\"@type\":\"WebSite\",\"@id\":\"https:\\\/\\\/darkamazi.info\\\/#website\",\"url\":\"https:\\\/\\\/darkamazi.info\\\/\",\"name\":\"Darka Maz\u00ee\",\"description\":\"P\u00eageha Zanyariy\u00ean Nebih\u00eest\u00ee\",\"publisher\":{\"@id\":\"https:\\\/\\\/darkamazi.info\\\/#organization\"},\"potentialAction\":[{\"@type\":\"SearchAction\",\"target\":{\"@type\":\"EntryPoint\",\"urlTemplate\":\"https:\\\/\\\/darkamazi.info\\\/?s={search_term_string}\"},\"query-input\":{\"@type\":\"PropertyValueSpecification\",\"valueRequired\":true,\"valueName\":\"search_term_string\"}}],\"inLanguage\":\"en-US\"},{\"@type\":\"Organization\",\"@id\":\"https:\\\/\\\/darkamazi.info\\\/#organization\",\"name\":\"Darka Maz\u00ee\",\"url\":\"https:\\\/\\\/darkamazi.info\\\/\",\"logo\":{\"@type\":\"ImageObject\",\"inLanguage\":\"en-US\",\"@id\":\"https:\\\/\\\/darkamazi.info\\\/#\\\/schema\\\/logo\\\/image\\\/\",\"url\":\"https:\\\/\\\/darkamazi.info\\\/darka-content\\\/uploads\\\/2017\\\/12\\\/darka-mazi-logo.png\",\"contentUrl\":\"https:\\\/\\\/darkamazi.info\\\/darka-content\\\/uploads\\\/2017\\\/12\\\/darka-mazi-logo.png\",\"width\":151,\"height\":75,\"caption\":\"Darka Maz\u00ee\"},\"image\":{\"@id\":\"https:\\\/\\\/darkamazi.info\\\/#\\\/schema\\\/logo\\\/image\\\/\"},\"sameAs\":[\"https:\\\/\\\/www.facebook.com\\\/DarMaziKurmanci\",\"https:\\\/\\\/x.com\\\/DarkaMaziLatini\",\"https:\\\/\\\/www.instagram.com\\\/darkamazi.kurmanci\\\/\",\"https:\\\/\\\/www.youtube.com\\\/channel\\\/UCa5HkTdmI8U1qCUFuTw8B2g\"]},{\"@type\":\"Person\",\"@id\":\"https:\\\/\\\/darkamazi.info\\\/#\\\/schema\\\/person\\\/5ad3e24553a0567993fa8ed4bd0a776c\",\"name\":\"darka mazi\",\"sameAs\":[\"https:\\\/\\\/darkamazi.info\\\/\"],\"url\":\"https:\\\/\\\/darkamazi.info\\\/archives\\\/author\\\/kurdi\"}]}<\/script>\n<!-- \/ Yoast SEO plugin. -->","seo_head_json":{"title":"P\u00eangava veger\u00ea: 1500 malbat\u00ean Ereb ji Efr\u00een\u00ea ber bi d\u00earezor\u00ea ve di\u00e7in - Darka Maz\u00ee","robots":{"index":"index","follow":"follow","max-snippet":"max-snippet:-1","max-image-preview":"max-image-preview:large","max-video-preview":"max-video-preview:-1"},"canonical":"https:\/\/darkamazi.info\/archives\/1052691","og_locale":"en_US","og_type":"article","og_title":"P\u00eangava veger\u00ea: 1500 malbat\u00ean Ereb ji Efr\u00een\u00ea ber bi d\u00earezor\u00ea ve di\u00e7in - Darka Maz\u00ee","og_description":"Pi\u015ft\u00ee r\u00fbxandina desthilata Be\u015far Esed \u00fb guhertin\u00ean lezg\u00een \u00ean li S\u00fbriyey\u00ea, proseya valakirina mal\u00ean Kurdan li Efr\u00een\u00ea dest p\u00ea kir. Li gor\u00ee zanyariy\u00ean her\u00ee daw\u00ee, biryar hatiye day\u00een ku 1500 malbat\u00ean Ereb\u00ean hawirde, y\u00ean ku ji D\u00earezor\u00ea hatib\u00fbn an\u00een, ji her\u00eama Efr\u00een\u00ea vegerin cih \u00fb war\u00ean xwe y\u00ean resen. Par\u00eazgar\u00ea D\u00earezor\u00ea \u00fb berpirs\u00ea her\u00eama Efr\u00een\u00ea, [&hellip;]","og_url":"https:\/\/darkamazi.info\/archives\/1052691","og_site_name":"Darka Maz\u00ee","article_publisher":"https:\/\/www.facebook.com\/DarMaziKurmanci","article_published_time":"2026-05-03T08:58:23+00:00","og_image":[{"width":900,"height":497,"url":"https:\/\/darkamazi.info\/file\/2026\/05\/sirya.jpg","type":"image\/jpeg"}],"author":"darka mazi","twitter_card":"summary_large_image","twitter_creator":"@DarkaMaziLatini","twitter_site":"@DarkaMaziLatini","twitter_misc":{"Written by":"darka mazi","Est. reading time":"2 minutes"},"schema":{"@context":"https:\/\/schema.org","@graph":[{"@type":"Article","@id":"https:\/\/darkamazi.info\/archives\/1052691#article","isPartOf":{"@id":"https:\/\/darkamazi.info\/archives\/1052691"},"author":{"name":"darka mazi","@id":"https:\/\/darkamazi.info\/#\/schema\/person\/5ad3e24553a0567993fa8ed4bd0a776c"},"headline":"P\u00eangava veger\u00ea: 1500 malbat\u00ean Ereb ji Efr\u00een\u00ea ber bi d\u00earezor\u00ea ve di\u00e7in","datePublished":"2026-05-03T08:58:23+00:00","mainEntityOfPage":{"@id":"https:\/\/darkamazi.info\/archives\/1052691"},"wordCount":339,"publisher":{"@id":"https:\/\/darkamazi.info\/#organization"},"image":{"@id":"https:\/\/darkamazi.info\/archives\/1052691#primaryimage"},"thumbnailUrl":"https:\/\/darkamazi.info\/file\/2026\/05\/sirya.jpg","keywords":["sereke"],"articleSection":["Kurdistan"],"inLanguage":"en-US"},{"@type":"WebPage","@id":"https:\/\/darkamazi.info\/archives\/1052691","url":"https:\/\/darkamazi.info\/archives\/1052691","name":"P\u00eangava veger\u00ea: 1500 malbat\u00ean Ereb ji Efr\u00een\u00ea ber bi d\u00earezor\u00ea ve di\u00e7in - Darka Maz\u00ee","isPartOf":{"@id":"https:\/\/darkamazi.info\/#website"},"primaryImageOfPage":{"@id":"https:\/\/darkamazi.info\/archives\/1052691#primaryimage"},"image":{"@id":"https:\/\/darkamazi.info\/archives\/1052691#primaryimage"},"thumbnailUrl":"https:\/\/darkamazi.info\/file\/2026\/05\/sirya.jpg","datePublished":"2026-05-03T08:58:23+00:00","breadcrumb":{"@id":"https:\/\/darkamazi.info\/archives\/1052691#breadcrumb"},"inLanguage":"en-US","potentialAction":[{"@type":"ReadAction","target":["https:\/\/darkamazi.info\/archives\/1052691"]}]},{"@type":"ImageObject","inLanguage":"en-US","@id":"https:\/\/darkamazi.info\/archives\/1052691#primaryimage","url":"https:\/\/darkamazi.info\/file\/2026\/05\/sirya.jpg","contentUrl":"https:\/\/darkamazi.info\/file\/2026\/05\/sirya.jpg","width":900,"height":497,"caption":"P\u00eangava veger\u00ea: 1500 malbat\u00ean Ereb ji Efr\u00een\u00ea ber bi d\u00earezor\u00ea ve di\u00e7in"},{"@type":"BreadcrumbList","@id":"https:\/\/darkamazi.info\/archives\/1052691#breadcrumb","itemListElement":[{"@type":"ListItem","position":1,"name":"Home","item":"https:\/\/darkamazi.info\/"},{"@type":"ListItem","position":2,"name":"P\u00eangava veger\u00ea: 1500 malbat\u00ean Ereb ji Efr\u00een\u00ea ber bi d\u00earezor\u00ea ve di\u00e7in"}]},{"@type":"WebSite","@id":"https:\/\/darkamazi.info\/#website","url":"https:\/\/darkamazi.info\/","name":"Darka Maz\u00ee","description":"P\u00eageha Zanyariy\u00ean Nebih\u00eest\u00ee","publisher":{"@id":"https:\/\/darkamazi.info\/#organization"},"potentialAction":[{"@type":"SearchAction","target":{"@type":"EntryPoint","urlTemplate":"https:\/\/darkamazi.info\/?s={search_term_string}"},"query-input":{"@type":"PropertyValueSpecification","valueRequired":true,"valueName":"search_term_string"}}],"inLanguage":"en-US"},{"@type":"Organization","@id":"https:\/\/darkamazi.info\/#organization","name":"Darka Maz\u00ee","url":"https:\/\/darkamazi.info\/","logo":{"@type":"ImageObject","inLanguage":"en-US","@id":"https:\/\/darkamazi.info\/#\/schema\/logo\/image\/","url":"https:\/\/darkamazi.info\/file\/2017\/12\/darka-mazi-logo.png","contentUrl":"https:\/\/darkamazi.info\/file\/2017\/12\/darka-mazi-logo.png","width":151,"height":75,"caption":"Darka Maz\u00ee"},"image":{"@id":"https:\/\/darkamazi.info\/#\/schema\/logo\/image\/"},"sameAs":["https:\/\/www.facebook.com\/DarMaziKurmanci","https:\/\/x.com\/DarkaMaziLatini","https:\/\/www.instagram.com\/darkamazi.kurmanci\/","https:\/\/www.youtube.com\/channel\/UCa5HkTdmI8U1qCUFuTw8B2g"]},{"@type":"Person","@id":"https:\/\/darkamazi.info\/#\/schema\/person\/5ad3e24553a0567993fa8ed4bd0a776c","name":"darka mazi","sameAs":["https:\/\/darkamazi.info\/"],"url":"https:\/\/darkamazi.info\/archives\/author\/kurdi"}]}},"_links":{"self":[{"href":"https:\/\/darkamazi.info\/funavuv\/wp\/v2\/posts\/1052691","targetHints":{"allow":["GET"]}}],"collection":[{"href":"https:\/\/darkamazi.info\/funavuv\/wp\/v2\/posts"}],"about":[{"href":"https:\/\/darkamazi.info\/funavuv\/wp\/v2\/types\/post"}],"author":[{"embeddable":true,"href":"https:\/\/darkamazi.info\/funavuv\/wp\/v2\/users\/2"}],"replies":[{"embeddable":true,"href":"https:\/\/darkamazi.info\/funavuv\/wp\/v2\/comments?post=1052691"}],"version-history":[{"count":1,"href":"https:\/\/darkamazi.info\/funavuv\/wp\/v2\/posts\/1052691\/revisions"}],"predecessor-version":[{"id":1052693,"href":"https:\/\/darkamazi.info\/funavuv\/wp\/v2\/posts\/1052691\/revisions\/1052693"}],"wp:featuredmedia":[{"embeddable":true,"href":"https:\/\/darkamazi.info\/funavuv\/wp\/v2\/media\/1052692"}],"wp:attachment":[{"href":"https:\/\/darkamazi.info\/funavuv\/wp\/v2\/media?parent=1052691"}],"wp:term":[{"taxonomy":"category","embeddable":true,"href":"https:\/\/darkamazi.info\/funavuv\/wp\/v2\/categories?post=1052691"},{"taxonomy":"post_tag","embeddable":true,"href":"https:\/\/darkamazi.info\/funavuv\/wp\/v2\/tags?post=1052691"}],"curies":[{"name":"wp","href":"https:\/\/api.w.org\/{rel}","templated":true}]}}