{"id":1052694,"date":"2026-05-03T17:27:29","date_gmt":"2026-05-03T14:27:29","guid":{"rendered":"https:\/\/darkamazi.info\/?p=1052694"},"modified":"2026-05-03T17:27:29","modified_gmt":"2026-05-03T14:27:29","slug":"serkeftina-cehsati-u-rastiya-bafil-talabani","status":"publish","type":"post","link":"https:\/\/darkamazi.info\/archives\/1052694","title":{"rendered":"Serkeftina Ceh\u015fat\u00ee \u00fb Rastiya Bafil Talaban\u00ee"},"content":{"rendered":"<div class=\"wpb-content-wrapper\"><p>[darkamazi_row][darkamazi_column][darkamazi_video link=&#8221;https:\/\/www.youtube.com\/watch?v=B5j-rUWzQkQ&#8221; align=&#8221;center&#8221; css=&#8221;&#8221;][darkamazi_column_text]<\/p>\n<h3 style=\"text-align: justify;\"><span style=\"font-family: 'arial black', sans-serif;\">Peyva &#8220;siyaset&#8221; ji koka &#8220;seys&#8221; a ereb\u00ee t\u00ea ku t\u00ea wateya xwed\u00eekirin \u00fb perwerdekirina hespan. Ji ber v\u00ea yek\u00ea, siyaset di esl\u00ea xwe de meseleyeke perwerde \u00fb r\u00eaveberiy\u00ea ye.<\/span><\/h3>\n<h3 style=\"text-align: justify;\"><span style=\"font-family: arial, helvetica, sans-serif;\">Di sala 1966an de, Kurdan p\u00eanaseyeke pir guncaw li v\u00ea peyv\u00ea z\u00eade kirin; ji kes\u00ean ku ji h\u00eala dagirker\u00ean xwe ve t\u00eane perwerdekirin \u00fb r\u00eavebirin re, li \u015f\u00fbna &#8220;siyasetmedar&#8221;, gotin <strong>&#8220;Ceh\u015f&#8221;<\/strong>.<\/span><\/h3>\n<h3 style=\"text-align: justify;\"><span style=\"font-family: arial, helvetica, sans-serif;\">\u00c7awa ku peyva siyaset ji bo c\u00eehan\u00ea gir\u00eeng e, peyva &#8220;cah\u015f&#8221; j\u00ee ji bo ferhenga siyas\u00ee ya Kurdan bi heman reng\u00ee gir\u00eeng e. Her gava ku Kurdan dixwest gavek\u00ea ber bi azadiy\u00ea ve bavejin, dagirkeran bi r\u00eaya &#8220;ceh\u015fan&#8221; r\u00ea li ber wan girtiye.<\/span><\/h3>\n<h3 style=\"text-align: justify;\"><span style=\"font-family: arial, helvetica, sans-serif;\">Ji sala 2017an vir ve, Bafil Talaban\u00ee ala ceh\u015fatiy\u00ea bilind dike. Bafil Talaban\u00ee, y\u00ea ku ber\u00ea nikarib\u00fb p\u00ealav\u00ean xwe rast li p\u00eay\u00ean xwe bike \u00fb bi uslubeke soytar\u00ee diaxiv\u00ee, gelo \u00e7awa di nava 9 salan de li Kurdistan\u00ea b\u00fb &#8220;siyasetmedar&#8221;?<\/span><\/h3>\n<h3 style=\"text-align: justify;\"><span style=\"font-family: arial, helvetica, sans-serif;\">Sedem e\u015fkere ye: Eniya dij\u00ee-Kurd di sedsala 21an de hewcey\u00ee kesek\u00ee b\u00fb ku w\u00ee li dij\u00ee daxwaza azadiy\u00ea ya Kurdan bikar b\u00eene. Bafil Talaban\u00ee ji bo pileya ceh\u015fatiy\u00ea nav\u00ea her\u00ee guncaw b\u00fb. Ji ber ku Bafil qet li Kurdistan\u00ea nejiya b\u00fb, bi Kurd\u00ee nedizan\u00ee \u00fb di navbera alkol, qumar \u00fb madey\u00ean hi\u015fber de as\u00ea mab\u00fb.<\/span><\/h3>\n<h3 style=\"text-align: justify;\"><span style=\"font-family: arial, helvetica, sans-serif;\">Malbata w\u00ee, bi taybet\u00ee bav\u00ea w\u00ee Celal Talaban\u00ee, hatina w\u00ee ya Kurdistan\u00ea qedexe kirib\u00fb \u00fb ew n\u00eaz\u00ee kar\u00ean siyas\u00ee y\u00ean YNK\u2019\u00ea nedikir. Bafil Talaban\u00ee, ku tu t\u00eakiliya w\u00ee bi Kurdb\u00fbn \u00fb welatpar\u00eaziy\u00ea re tuneb\u00fb, ji bo bikaran\u00een\u00ea am\u00fbreke pir h\u00easan b\u00fb; ji ber v\u00ea yek\u00ea ew hate xemilandin, kemilandin \u00fb kirin serok\u00ea YNK\u2019\u00ea.<\/span><\/h3>\n<h3 style=\"text-align: justify;\"><span style=\"font-family: arial, helvetica, sans-serif;\">Wek\u00ee hem\u00fb xay\u00eenan, ew j\u00ee di destp\u00eak\u00ea de t\u00eane bikar an\u00een, t\u00eane biriqandin \u00fb bilindkirin; pa\u015f\u00ea dibin xulam \u00fb di dawiy\u00ea de, dema ku dema wan derbas b\u00fb, wan diav\u00eajin nav zibl\u00ea d\u00eerok\u00ea. Bafil Talaban\u00ee niha di qonaxa &#8220;biriqandin\u00ea&#8221; de ye \u00fb serkeftin\u00ean w\u00ee y\u00ean derew\u00een wek\u00ee rast\u00ee t\u00eane n\u00ee\u015fandan. L\u00ea di rastiy\u00ea de, Bafil Talaban\u00ee p\u00eakenokek e ku hevsar\u00ea w\u00ee di dest\u00ea \u00ceran, Br\u00eetanya \u00fb her kes\u00ea ku li dij\u00ee serxweb\u00fbna Kurdan e, de ye. Ew li gor\u00ee daxwaza kes\u00ean ku hevsar\u00ea w\u00ee diki\u015f\u00eenin tevdigere.<\/span><\/h3>\n<h3 style=\"text-align: justify;\"><span style=\"font-family: arial, helvetica, sans-serif;\">Gelo ew serkeftin e ku mirov bih\u00eale P\u00ea\u015fmergey\u00ean m\u00eena Xezal Mewlan ji Rojhilat\u00ea Kurdistan\u00ea, ji ber tirsa \u00ceran\u00ea, li nexwe\u015fxaney\u00ean Sil\u00eamaniy\u00ea ney\u00ean dermankirin?<\/span><br \/>\n<span style=\"font-family: arial, helvetica, sans-serif;\">Gelo ma serkeftin e ku YNK hem\u00fb \u00e7avkaniy\u00ean xwe ji bo dijminatiya Kurdistan\u00ea bikar b\u00eene?<\/span><\/h3>\n<h3 style=\"text-align: justify;\"><span style=\"font-family: arial, helvetica, sans-serif;\">Y\u00ean ku w\u00ee bikar t\u00eenin j\u00ee ba\u015f dizanin ku ew kesek\u00ee b\u00eaqel\u00eete ye.<\/span><\/h3>\n<h3 style=\"text-align: justify;\"><span style=\"font-family: arial, helvetica, sans-serif;\">Di N\u00eesana 2026an de, l\u00fbtkeya &#8220;serkeftina&#8221; Bafil Talaban\u00ee wek\u00ee kuklayek\u00ee (p\u00eal\u00eestokek\u00ee) derket p\u00ea\u015f. Ew \u00fb medyaya w\u00ee, radestkirina serokatiya Iraq\u00ea \u00fb par\u00eazgariya Kerk\u00fbk\u00ea dixemil\u00eenin \u00fb wek\u00ee serkeftinek\u00ea p\u00ea\u015fk\u00ea\u015f dikin. Ti\u015ft\u00ea her\u00ee xirab ku dikare bi ser\u00ea gelek\u00ee de were, normal\u00eezekirin \u00fb teor\u00eezekirina xiyanet\u00ea ye. YNK \u00fb Bafil Talaban\u00ee niha v\u00ee kar\u00ee dime\u015f\u00eenin; ew xiyanet\u00ea wek\u00ee serkeftin n\u00ee\u015fan didin.<\/span><\/h3>\n<h3 style=\"text-align: justify;\"><span style=\"font-family: 'arial black', sans-serif; font-size: 18pt; color: #808080;\">L\u00ea em bipirsin: Bafil Talaban\u00ee, y\u00ea ku Kerk\u00fbk s\u00ea caran firotiye, li dij\u00ee k\u00ea serkeftin bi dest xistiye? Gelo li dij\u00ee dagirker\u00ean Kurdistan\u00ea? Nex\u00ear! Berevaj\u00ee v\u00ea, her kes\u00ea ku dijminatiya Kurdistan\u00ea dike, niha ji Bafil Talaban\u00ee raz\u00ee ye:<\/span><\/h3>\n<ul style=\"text-align: justify;\">\n<li>\n<h3><span style=\"font-family: arial, helvetica, sans-serif;\"><strong>\u00ceran<\/strong>, a ku dixwaze Kurdan bifetis\u00eene, ji Bafil raz\u00ee ye.<\/span><\/h3>\n<\/li>\n<li>\n<h3><span style=\"font-family: arial, helvetica, sans-serif;\"><strong>\u015e\u00eee \u00fb Sunn\u00eey\u00ean Iraq\u00ee<\/strong>, y\u00ean ku dixwazin statuya federal a Her\u00eama Kurdistan\u00ea bir\u00fbx\u00eenin, ji Bafil raz\u00ee ne.<\/span><\/h3>\n<\/li>\n<li>\n<h3><span style=\"font-family: arial, helvetica, sans-serif;\"><strong>Reyan Kildan\u00ee<\/strong>, y\u00ea ku Kurdan wek\u00ee dijmin dib\u00eene \u00fb dib\u00eaje &#8220;Em \u00ea Kurdan ji de\u015fta N\u00eeneway\u00ea derx\u00eenin&#8221;, ji Bafil pir raz\u00ee ye.<\/span><\/h3>\n<\/li>\n<li>\n<h3><span style=\"font-family: arial, helvetica, sans-serif;\"><strong>Devlet Bah\u00e7el\u00ee<\/strong>, y\u00ea ku pi\u015ft\u00ee 89 salan bi gotina &#8220;Kerk\u00fbk Tirk e&#8221; tay\u00eenkirina par\u00eazgar\u00ea Tirkmen p\u00eeroz kir, ji Bafil raz\u00ee ye.<\/span><\/h3>\n<\/li>\n<li>\n<h3><span style=\"font-family: arial, helvetica, sans-serif;\"><strong>Br\u00eetanya \u00fb hin lobiy\u00ean Rojavay\u00ee<\/strong>, y\u00ean ku ji h\u00eaza Kurdan ditirsin \u00fb Iraq\u00ea ji bo berjewendiy\u00ean xwe bikar t\u00eenin, ji Bafil raz\u00ee ne.<\/span><\/h3>\n<\/li>\n<\/ul>\n<h3 style=\"text-align: justify;\"><span style=\"font-family: arial, helvetica, sans-serif;\">Fidel Castro dib\u00eaje: &#8220;Ger dijmin\u00ean te pesn\u00ea te bidin, ev t\u00ea v\u00ea watey\u00ea ku b\u00ea\u015ferefiyek (b\u00eejat\u00eeyek) di te de heye.&#8221; Er\u00ea, b\u00ea\u015ferefiyek mezin di helwesta Bafil Talaban\u00ee de heye. Y\u00ean ku w\u00ee bikar t\u00eenin, egoya w\u00ee xurt dikin, l\u00ea gava dem hat, ew \u00ea di gava yekem de w\u00ee biper\u00e7iq\u00eenin.<\/span><\/h3>\n<h3 style=\"text-align: justify;\"><span style=\"font-family: arial, helvetica, sans-serif;\">Bafil Talaban\u00ee niha &#8220;fahi\u015feyek\u00ee siyas\u00ee&#8221; ye ku ji h\u00eala her kes\u00ee ve t\u00ea bikar an\u00een da ku Her\u00eama Kurdistan\u00ea qels bibe. D\u00eeroka siyas\u00ee n\u00ee\u015fan\u00ee me daye ku ceh\u015f tu car\u00ee bi ser nakevin. Li ku der\u00ea ceh\u015f bi ser bikevin, milet\u00ea Kurd winda dike. Di encam\u00ea de, ceh\u015f di\u00e7in dojeha keran.<\/span><\/h3>\n<h3 style=\"text-align: justify;\"><span style=\"font-family: arial, helvetica, sans-serif;\">Fahi\u015fey\u00ean siyas\u00ee bi ser nakevin; ew ten\u00ea di r\u00fbpel\u00ean re\u015f \u00ean d\u00eerok\u00ea de, li k\u00ealeka b\u00ear\u00fbmetan cih digirin. Ti\u015ft\u00ea ku Bafil Talaban\u00ee \u00fb medyaya w\u00ee wek\u00ee serkeftin p\u00ea\u015fk\u00ea\u015f dikin, di rastiy\u00ea de bilindb\u00fbna ceh\u015fatiy\u00ea \u00fb fahi\u015fetiya siyas\u00ee ye. L\u00ea bila her kes zanibe: Hilwe\u015f\u00een \u00fb t\u00eak\u00e7\u00fbna wan n\u00eaz\u00eek e.<\/span><\/h3>\n<p>[\/darkamazi_column_text][\/darkamazi_column][\/darkamazi_row]<\/p>\n<\/div>","protected":false},"excerpt":{"rendered":"<p>[darkamazi_row][darkamazi_column][darkamazi_video link=&#8221;https:\/\/www.youtube.com\/watch?v=B5j-rUWzQkQ&#8221; align=&#8221;center&#8221; css=&#8221;&#8221;][darkamazi_column_text] Peyva &#8220;siyaset&#8221; ji koka &#8220;seys&#8221; a ereb\u00ee t\u00ea ku t\u00ea wateya xwed\u00eekirin \u00fb perwerdekirina hespan. Ji ber v\u00ea yek\u00ea, siyaset di esl\u00ea xwe de meseleyeke perwerde \u00fb r\u00eaveberiy\u00ea ye. Di sala 1966an de, Kurdan p\u00eanaseyeke pir guncaw li v\u00ea peyv\u00ea z\u00eade kirin; ji kes\u00ean ku ji h\u00eala dagirker\u00ean xwe ve t\u00eane [&hellip;]<\/p>\n","protected":false},"author":2,"featured_media":1052698,"comment_status":"closed","ping_status":"closed","sticky":false,"template":"epic_custom_post_template-1006382","format":"standard","meta":{"footnotes":""},"categories":[65],"tags":[37],"class_list":["post-1052694","post","type-post","status-publish","format-standard","has-post-thumbnail","hentry","category-vidiyo","tag-sereke"],"blocksy_meta":[],"seo_head":"<!-- This site is optimized with the Yoast SEO plugin v27.5 - https:\/\/yoast.com\/product\/yoast-seo-wordpress\/ -->\n<title>Serkeftina Ceh\u015fat\u00ee \u00fb Rastiya Bafil Talaban\u00ee - Darka Maz\u00ee<\/title>\n<meta name=\"robots\" content=\"index, follow, max-snippet:-1, max-image-preview:large, max-video-preview:-1\" \/>\n<link rel=\"canonical\" href=\"https:\/\/darkamazi.info\/archives\/1052694\" \/>\n<meta property=\"og:locale\" content=\"en_US\" \/>\n<meta property=\"og:type\" content=\"article\" \/>\n<meta property=\"og:title\" content=\"Serkeftina Ceh\u015fat\u00ee \u00fb Rastiya Bafil Talaban\u00ee - Darka Maz\u00ee\" \/>\n<meta property=\"og:description\" content=\"[darkamazi_row][darkamazi_column][darkamazi_video link=&#8221;https:\/\/www.youtube.com\/watch?v=B5j-rUWzQkQ&#8221; align=&#8221;center&#8221; css=&#8221;&#8221;][darkamazi_column_text] Peyva &#8220;siyaset&#8221; ji koka &#8220;seys&#8221; a ereb\u00ee t\u00ea ku t\u00ea wateya xwed\u00eekirin \u00fb perwerdekirina hespan. Ji ber v\u00ea yek\u00ea, siyaset di esl\u00ea xwe de meseleyeke perwerde \u00fb r\u00eaveberiy\u00ea ye. Di sala 1966an de, Kurdan p\u00eanaseyeke pir guncaw li v\u00ea peyv\u00ea z\u00eade kirin; ji kes\u00ean ku ji h\u00eala dagirker\u00ean xwe ve t\u00eane [&hellip;]\" \/>\n<meta property=\"og:url\" content=\"https:\/\/darkamazi.info\/archives\/1052694\" \/>\n<meta property=\"og:site_name\" content=\"Darka Maz\u00ee\" \/>\n<meta property=\"article:publisher\" content=\"https:\/\/www.facebook.com\/DarMaziKurmanci\" \/>\n<meta property=\"article:published_time\" content=\"2026-05-03T14:27:29+00:00\" \/>\n<meta property=\"og:image\" content=\"https:\/\/darkamazi.info\/file\/2026\/05\/bafel-talabani-info.jpg\" \/>\n\t<meta property=\"og:image:width\" content=\"900\" \/>\n\t<meta property=\"og:image:height\" content=\"497\" \/>\n\t<meta property=\"og:image:type\" content=\"image\/jpeg\" \/>\n<meta name=\"author\" content=\"darka mazi\" \/>\n<meta name=\"twitter:card\" content=\"summary_large_image\" \/>\n<meta name=\"twitter:creator\" content=\"@DarkaMaziLatini\" \/>\n<meta name=\"twitter:site\" content=\"@DarkaMaziLatini\" \/>\n<meta name=\"twitter:label1\" content=\"Written by\" \/>\n\t<meta name=\"twitter:data1\" content=\"darka mazi\" \/>\n\t<meta name=\"twitter:label2\" content=\"Est. reading time\" \/>\n\t<meta name=\"twitter:data2\" content=\"4 minutes\" \/>\n<script type=\"application\/ld+json\" class=\"seo-schema-graph\">{\"@context\":\"https:\\\/\\\/schema.org\",\"@graph\":[{\"@type\":\"Article\",\"@id\":\"https:\\\/\\\/darkamazi.info\\\/archives\\\/1052694#article\",\"isPartOf\":{\"@id\":\"https:\\\/\\\/darkamazi.info\\\/archives\\\/1052694\"},\"author\":{\"name\":\"darka mazi\",\"@id\":\"https:\\\/\\\/darkamazi.info\\\/#\\\/schema\\\/person\\\/5ad3e24553a0567993fa8ed4bd0a776c\"},\"headline\":\"Serkeftina Ceh\u015fat\u00ee \u00fb Rastiya Bafil Talaban\u00ee\",\"datePublished\":\"2026-05-03T14:27:29+00:00\",\"mainEntityOfPage\":{\"@id\":\"https:\\\/\\\/darkamazi.info\\\/archives\\\/1052694\"},\"wordCount\":872,\"publisher\":{\"@id\":\"https:\\\/\\\/darkamazi.info\\\/#organization\"},\"image\":{\"@id\":\"https:\\\/\\\/darkamazi.info\\\/archives\\\/1052694#primaryimage\"},\"thumbnailUrl\":\"https:\\\/\\\/darkamazi.info\\\/darka-content\\\/uploads\\\/2026\\\/05\\\/bafel-talabani-info.jpg\",\"keywords\":[\"sereke\"],\"articleSection\":[\"V\u00eed\u00eeyo\"],\"inLanguage\":\"en-US\"},{\"@type\":\"WebPage\",\"@id\":\"https:\\\/\\\/darkamazi.info\\\/archives\\\/1052694\",\"url\":\"https:\\\/\\\/darkamazi.info\\\/archives\\\/1052694\",\"name\":\"Serkeftina Ceh\u015fat\u00ee \u00fb Rastiya Bafil Talaban\u00ee - Darka Maz\u00ee\",\"isPartOf\":{\"@id\":\"https:\\\/\\\/darkamazi.info\\\/#website\"},\"primaryImageOfPage\":{\"@id\":\"https:\\\/\\\/darkamazi.info\\\/archives\\\/1052694#primaryimage\"},\"image\":{\"@id\":\"https:\\\/\\\/darkamazi.info\\\/archives\\\/1052694#primaryimage\"},\"thumbnailUrl\":\"https:\\\/\\\/darkamazi.info\\\/darka-content\\\/uploads\\\/2026\\\/05\\\/bafel-talabani-info.jpg\",\"datePublished\":\"2026-05-03T14:27:29+00:00\",\"breadcrumb\":{\"@id\":\"https:\\\/\\\/darkamazi.info\\\/archives\\\/1052694#breadcrumb\"},\"inLanguage\":\"en-US\",\"potentialAction\":[{\"@type\":\"ReadAction\",\"target\":[\"https:\\\/\\\/darkamazi.info\\\/archives\\\/1052694\"]}]},{\"@type\":\"ImageObject\",\"inLanguage\":\"en-US\",\"@id\":\"https:\\\/\\\/darkamazi.info\\\/archives\\\/1052694#primaryimage\",\"url\":\"https:\\\/\\\/darkamazi.info\\\/darka-content\\\/uploads\\\/2026\\\/05\\\/bafel-talabani-info.jpg\",\"contentUrl\":\"https:\\\/\\\/darkamazi.info\\\/darka-content\\\/uploads\\\/2026\\\/05\\\/bafel-talabani-info.jpg\",\"width\":900,\"height\":497,\"caption\":\"bafel talabani-info\"},{\"@type\":\"BreadcrumbList\",\"@id\":\"https:\\\/\\\/darkamazi.info\\\/archives\\\/1052694#breadcrumb\",\"itemListElement\":[{\"@type\":\"ListItem\",\"position\":1,\"name\":\"Home\",\"item\":\"https:\\\/\\\/darkamazi.info\\\/\"},{\"@type\":\"ListItem\",\"position\":2,\"name\":\"Serkeftina Ceh\u015fat\u00ee \u00fb Rastiya Bafil Talaban\u00ee\"}]},{\"@type\":\"WebSite\",\"@id\":\"https:\\\/\\\/darkamazi.info\\\/#website\",\"url\":\"https:\\\/\\\/darkamazi.info\\\/\",\"name\":\"Darka Maz\u00ee\",\"description\":\"P\u00eageha Zanyariy\u00ean Nebih\u00eest\u00ee\",\"publisher\":{\"@id\":\"https:\\\/\\\/darkamazi.info\\\/#organization\"},\"potentialAction\":[{\"@type\":\"SearchAction\",\"target\":{\"@type\":\"EntryPoint\",\"urlTemplate\":\"https:\\\/\\\/darkamazi.info\\\/?s={search_term_string}\"},\"query-input\":{\"@type\":\"PropertyValueSpecification\",\"valueRequired\":true,\"valueName\":\"search_term_string\"}}],\"inLanguage\":\"en-US\"},{\"@type\":\"Organization\",\"@id\":\"https:\\\/\\\/darkamazi.info\\\/#organization\",\"name\":\"Darka Maz\u00ee\",\"url\":\"https:\\\/\\\/darkamazi.info\\\/\",\"logo\":{\"@type\":\"ImageObject\",\"inLanguage\":\"en-US\",\"@id\":\"https:\\\/\\\/darkamazi.info\\\/#\\\/schema\\\/logo\\\/image\\\/\",\"url\":\"https:\\\/\\\/darkamazi.info\\\/darka-content\\\/uploads\\\/2017\\\/12\\\/darka-mazi-logo.png\",\"contentUrl\":\"https:\\\/\\\/darkamazi.info\\\/darka-content\\\/uploads\\\/2017\\\/12\\\/darka-mazi-logo.png\",\"width\":151,\"height\":75,\"caption\":\"Darka Maz\u00ee\"},\"image\":{\"@id\":\"https:\\\/\\\/darkamazi.info\\\/#\\\/schema\\\/logo\\\/image\\\/\"},\"sameAs\":[\"https:\\\/\\\/www.facebook.com\\\/DarMaziKurmanci\",\"https:\\\/\\\/x.com\\\/DarkaMaziLatini\",\"https:\\\/\\\/www.instagram.com\\\/darkamazi.kurmanci\\\/\",\"https:\\\/\\\/www.youtube.com\\\/channel\\\/UCa5HkTdmI8U1qCUFuTw8B2g\"]},{\"@type\":\"Person\",\"@id\":\"https:\\\/\\\/darkamazi.info\\\/#\\\/schema\\\/person\\\/5ad3e24553a0567993fa8ed4bd0a776c\",\"name\":\"darka mazi\",\"sameAs\":[\"https:\\\/\\\/darkamazi.info\\\/\"],\"url\":\"https:\\\/\\\/darkamazi.info\\\/archives\\\/author\\\/kurdi\"}]}<\/script>\n<!-- \/ Yoast SEO plugin. -->","seo_head_json":{"title":"Serkeftina Ceh\u015fat\u00ee \u00fb Rastiya Bafil Talaban\u00ee - Darka Maz\u00ee","robots":{"index":"index","follow":"follow","max-snippet":"max-snippet:-1","max-image-preview":"max-image-preview:large","max-video-preview":"max-video-preview:-1"},"canonical":"https:\/\/darkamazi.info\/archives\/1052694","og_locale":"en_US","og_type":"article","og_title":"Serkeftina Ceh\u015fat\u00ee \u00fb Rastiya Bafil Talaban\u00ee - Darka Maz\u00ee","og_description":"[darkamazi_row][darkamazi_column][darkamazi_video link=&#8221;https:\/\/www.youtube.com\/watch?v=B5j-rUWzQkQ&#8221; align=&#8221;center&#8221; css=&#8221;&#8221;][darkamazi_column_text] Peyva &#8220;siyaset&#8221; ji koka &#8220;seys&#8221; a ereb\u00ee t\u00ea ku t\u00ea wateya xwed\u00eekirin \u00fb perwerdekirina hespan. Ji ber v\u00ea yek\u00ea, siyaset di esl\u00ea xwe de meseleyeke perwerde \u00fb r\u00eaveberiy\u00ea ye. Di sala 1966an de, Kurdan p\u00eanaseyeke pir guncaw li v\u00ea peyv\u00ea z\u00eade kirin; ji kes\u00ean ku ji h\u00eala dagirker\u00ean xwe ve t\u00eane [&hellip;]","og_url":"https:\/\/darkamazi.info\/archives\/1052694","og_site_name":"Darka Maz\u00ee","article_publisher":"https:\/\/www.facebook.com\/DarMaziKurmanci","article_published_time":"2026-05-03T14:27:29+00:00","og_image":[{"width":900,"height":497,"url":"https:\/\/darkamazi.info\/file\/2026\/05\/bafel-talabani-info.jpg","type":"image\/jpeg"}],"author":"darka mazi","twitter_card":"summary_large_image","twitter_creator":"@DarkaMaziLatini","twitter_site":"@DarkaMaziLatini","twitter_misc":{"Written by":"darka mazi","Est. reading time":"4 minutes"},"schema":{"@context":"https:\/\/schema.org","@graph":[{"@type":"Article","@id":"https:\/\/darkamazi.info\/archives\/1052694#article","isPartOf":{"@id":"https:\/\/darkamazi.info\/archives\/1052694"},"author":{"name":"darka mazi","@id":"https:\/\/darkamazi.info\/#\/schema\/person\/5ad3e24553a0567993fa8ed4bd0a776c"},"headline":"Serkeftina Ceh\u015fat\u00ee \u00fb Rastiya Bafil Talaban\u00ee","datePublished":"2026-05-03T14:27:29+00:00","mainEntityOfPage":{"@id":"https:\/\/darkamazi.info\/archives\/1052694"},"wordCount":872,"publisher":{"@id":"https:\/\/darkamazi.info\/#organization"},"image":{"@id":"https:\/\/darkamazi.info\/archives\/1052694#primaryimage"},"thumbnailUrl":"https:\/\/darkamazi.info\/file\/2026\/05\/bafel-talabani-info.jpg","keywords":["sereke"],"articleSection":["V\u00eed\u00eeyo"],"inLanguage":"en-US"},{"@type":"WebPage","@id":"https:\/\/darkamazi.info\/archives\/1052694","url":"https:\/\/darkamazi.info\/archives\/1052694","name":"Serkeftina Ceh\u015fat\u00ee \u00fb Rastiya Bafil Talaban\u00ee - Darka Maz\u00ee","isPartOf":{"@id":"https:\/\/darkamazi.info\/#website"},"primaryImageOfPage":{"@id":"https:\/\/darkamazi.info\/archives\/1052694#primaryimage"},"image":{"@id":"https:\/\/darkamazi.info\/archives\/1052694#primaryimage"},"thumbnailUrl":"https:\/\/darkamazi.info\/file\/2026\/05\/bafel-talabani-info.jpg","datePublished":"2026-05-03T14:27:29+00:00","breadcrumb":{"@id":"https:\/\/darkamazi.info\/archives\/1052694#breadcrumb"},"inLanguage":"en-US","potentialAction":[{"@type":"ReadAction","target":["https:\/\/darkamazi.info\/archives\/1052694"]}]},{"@type":"ImageObject","inLanguage":"en-US","@id":"https:\/\/darkamazi.info\/archives\/1052694#primaryimage","url":"https:\/\/darkamazi.info\/file\/2026\/05\/bafel-talabani-info.jpg","contentUrl":"https:\/\/darkamazi.info\/file\/2026\/05\/bafel-talabani-info.jpg","width":900,"height":497,"caption":"bafel talabani-info"},{"@type":"BreadcrumbList","@id":"https:\/\/darkamazi.info\/archives\/1052694#breadcrumb","itemListElement":[{"@type":"ListItem","position":1,"name":"Home","item":"https:\/\/darkamazi.info\/"},{"@type":"ListItem","position":2,"name":"Serkeftina Ceh\u015fat\u00ee \u00fb Rastiya Bafil Talaban\u00ee"}]},{"@type":"WebSite","@id":"https:\/\/darkamazi.info\/#website","url":"https:\/\/darkamazi.info\/","name":"Darka Maz\u00ee","description":"P\u00eageha Zanyariy\u00ean Nebih\u00eest\u00ee","publisher":{"@id":"https:\/\/darkamazi.info\/#organization"},"potentialAction":[{"@type":"SearchAction","target":{"@type":"EntryPoint","urlTemplate":"https:\/\/darkamazi.info\/?s={search_term_string}"},"query-input":{"@type":"PropertyValueSpecification","valueRequired":true,"valueName":"search_term_string"}}],"inLanguage":"en-US"},{"@type":"Organization","@id":"https:\/\/darkamazi.info\/#organization","name":"Darka Maz\u00ee","url":"https:\/\/darkamazi.info\/","logo":{"@type":"ImageObject","inLanguage":"en-US","@id":"https:\/\/darkamazi.info\/#\/schema\/logo\/image\/","url":"https:\/\/darkamazi.info\/file\/2017\/12\/darka-mazi-logo.png","contentUrl":"https:\/\/darkamazi.info\/file\/2017\/12\/darka-mazi-logo.png","width":151,"height":75,"caption":"Darka Maz\u00ee"},"image":{"@id":"https:\/\/darkamazi.info\/#\/schema\/logo\/image\/"},"sameAs":["https:\/\/www.facebook.com\/DarMaziKurmanci","https:\/\/x.com\/DarkaMaziLatini","https:\/\/www.instagram.com\/darkamazi.kurmanci\/","https:\/\/www.youtube.com\/channel\/UCa5HkTdmI8U1qCUFuTw8B2g"]},{"@type":"Person","@id":"https:\/\/darkamazi.info\/#\/schema\/person\/5ad3e24553a0567993fa8ed4bd0a776c","name":"darka mazi","sameAs":["https:\/\/darkamazi.info\/"],"url":"https:\/\/darkamazi.info\/archives\/author\/kurdi"}]}},"_links":{"self":[{"href":"https:\/\/darkamazi.info\/funavuv\/wp\/v2\/posts\/1052694","targetHints":{"allow":["GET"]}}],"collection":[{"href":"https:\/\/darkamazi.info\/funavuv\/wp\/v2\/posts"}],"about":[{"href":"https:\/\/darkamazi.info\/funavuv\/wp\/v2\/types\/post"}],"author":[{"embeddable":true,"href":"https:\/\/darkamazi.info\/funavuv\/wp\/v2\/users\/2"}],"replies":[{"embeddable":true,"href":"https:\/\/darkamazi.info\/funavuv\/wp\/v2\/comments?post=1052694"}],"version-history":[{"count":3,"href":"https:\/\/darkamazi.info\/funavuv\/wp\/v2\/posts\/1052694\/revisions"}],"predecessor-version":[{"id":1052704,"href":"https:\/\/darkamazi.info\/funavuv\/wp\/v2\/posts\/1052694\/revisions\/1052704"}],"wp:featuredmedia":[{"embeddable":true,"href":"https:\/\/darkamazi.info\/funavuv\/wp\/v2\/media\/1052698"}],"wp:attachment":[{"href":"https:\/\/darkamazi.info\/funavuv\/wp\/v2\/media?parent=1052694"}],"wp:term":[{"taxonomy":"category","embeddable":true,"href":"https:\/\/darkamazi.info\/funavuv\/wp\/v2\/categories?post=1052694"},{"taxonomy":"post_tag","embeddable":true,"href":"https:\/\/darkamazi.info\/funavuv\/wp\/v2\/tags?post=1052694"}],"curies":[{"name":"wp","href":"https:\/\/api.w.org\/{rel}","templated":true}]}}