{"id":1052699,"date":"2026-05-03T17:15:03","date_gmt":"2026-05-03T14:15:03","guid":{"rendered":"https:\/\/darkamazi.info\/?p=1052699"},"modified":"2026-05-03T17:15:03","modified_gmt":"2026-05-03T14:15:03","slug":"mezlum-ebdi-ti-pesniyarek-ji-bo-wergirtina-posteke-bilind-li-same-negihistiye-min","status":"publish","type":"post","link":"https:\/\/darkamazi.info\/archives\/1052699","title":{"rendered":"Mezl\u00fbm Ebd\u00ee: Ti p\u00ea\u015fniyarek ji bo wergirtina posteke bilind li \u015eam\u00ea negihi\u015ftiye min"},"content":{"rendered":"<h3 style=\"text-align: justify;\"><span style=\"font-family: 'arial black', sans-serif;\">Fermandar\u00ea Gi\u015ft\u00ee y\u00ea H\u00eaz\u00ean S\u00fbriya Demokrat\u00eek (HSD), Mezl\u00fbm Ebd\u00ee di hevpeyv\u00eeneke berfireh de behsa t\u00eakiliy\u00ean bi \u015eam\u00ea re, k\u00eamasiy\u00ean r\u00eaveberiya xwe \u00fb pa\u015feroja h\u00eaz\u00ean xwe kir.<\/span><\/h3>\n<h3 style=\"text-align: justify;\"><span style=\"font-family: arial, helvetica, sans-serif;\">Mezl\u00fbm Ebd\u00ee di hevpeyv\u00eena bi podkasta (Bi dema \u015eam\u00ea) de ku biryar e di n\u00eaz de li ser platforma &#8220;Mazeej&#8221; b\u00ea we\u015fandin, diyar kir ku Serok\u00ea S\u00fbriy\u00ea Ehmed \u015eera yan hik\u00fbmet\u00ea &#8220;bi awayek\u00ee rasterast&#8221; wez\u00eefeyeke bilind an j\u00ee postek di niv\u00eesgeha serokatiy\u00ea de p\u00ea\u015fniyar\u00ee w\u00ee nekiriye.<\/span><\/h3>\n<h3 style=\"text-align: justify;\"><span style=\"font-family: arial, helvetica, sans-serif;\">L\u00ea bel\u00ea, dema ku j\u00ea hat pirs\u00een &#8220;gelo bi awayek\u00ee nerasterast p\u00ea\u015fniyarek wiha hatiye kirin?&#8221;, Ebd\u00ee bi b\u00eadengiyek\u00ea bersiv da, ku ev j\u00ee wek\u00ee &#8220;er\u00ea&#8221; hat nirxandin.<\/span><\/h3>\n<h3 style=\"text-align: justify;\"><span style=\"font-family: arial, helvetica, sans-serif;\">Derbar\u00ea konferansa li Hesek\u00ea de ku bi be\u015fdariya kesayetiy\u00ean Duriz\u00ee wek \u015e\u00eax Xezal Xezal \u00fb \u015e\u00eax Hikmet Hicr\u00ee lidar ketib\u00fb, nexasim ku pi\u015ft\u00ee p\u00eawendiya telefon\u00ee ya di navbera Ebd\u00ee \u00fb \u015eera de p\u00eak hatib\u00fb, Fermandar\u00ea HSD got: &#8220;Dibe ku ev konferans p\u00eak nehatib\u00fbya, l\u00ea p\u00eak hat; bi d\u00eetina min ne p\u00eaw\u00eest b\u00fb ku ti\u015ftek\u00ee wiha bibe.&#8221;<\/span><\/h3>\n<h3 style=\"text-align: justify;\"><span style=\"font-family: arial, helvetica, sans-serif;\">Ebd\u00ee herwiha destn\u00ee\u015fan kir, di \u015fer\u00ea li dij\u00ee DAI\u015e\u00ea de h\u00eaz\u00ean HSD ne ten\u00ea b\u00fbn \u00fb aliy\u00ean din j\u00ee di v\u00ee \u015fer\u00ee de cih girtine.<\/span><\/h3>\n<h3 style=\"text-align: justify;\"><span style=\"font-family: arial, helvetica, sans-serif;\">Mezl\u00fbm Ebd\u00ee di be\u015feke din a axaftina xwe de li ser mijara madey\u00ean hi\u015fbir li her\u00eam\u00ean bin kontrola wan \u00ean ber\u00ea (Bakur \u00fb Rojhilat\u00ea S\u00fbriy\u00ea) li xwe mikur hat \u00fb got: &#8220;Em di t\u00eako\u015f\u00eena li dij\u00ee qa\u00e7ax\u00e7\u00eet\u00ee \u00fb belavb\u00fbna madey\u00ean hi\u015fber de, li her\u00eam\u00ean xwe ne serkeft\u00ee b\u00fbn.&#8221;<\/span><\/h3>\n<h3 style=\"text-align: justify;\"><span style=\"font-family: arial, helvetica, sans-serif;\">Mezl\u00fbm Ebd\u00ee \u00fb Ehmed \u015eera di 10\u00ea Adara 2025an de peymanek \u00eemze kirib\u00fbn. Li gor\u00ee w\u00ea peyman\u00ea, biryar hatib\u00fb girtin ku HSD tevl\u00ee nav art\u00ea\u015fa S\u00fbriyey\u00ea bibe \u00fb hem\u00fb saziy\u00ean siv\u00eel \u00fb le\u015fker\u00ee (dergeh\u00ean s\u00eenor\u00ee, firokxane, b\u00eer\u00ean petrol \u00fb gaz\u00ea) radest\u00ee dewlet\u00ea b\u00ean kirin. Herwiha di peyman\u00ea de hatib\u00fb qeb\u00fblkirin ku Kurd wek\u00ee p\u00eakhateyeke resen a S\u00fbriyey\u00ea b\u00ean naskirin \u00fb maf\u00ean wan \u00ean dest\u00fbr\u00ee b\u00ean parastin.<\/span><\/h3>\n<h3 style=\"text-align: justify;\"><span style=\"font-family: arial, helvetica, sans-serif;\">Tev\u00ee ku ev peyman ji bo demek\u00ea rast\u00ee astengiyan hat \u00fb b\u00fb sedema aloz\u00ee \u00fb \u015fer\u00ea navbera art\u00ea\u015f \u00fb HSD, l\u00ea di \u00c7ileya 2026an de agirbesteke n\u00fb hat \u00eemzekirin. Bi v\u00ea agirbest\u00ea re HSD binkey\u00ean xwe radest\u00ee h\u00eaz\u00ean hik\u00fbmet\u00ea kirin. Bi v\u00ea yek\u00ea re, bi awayek\u00ee prat\u00eek\u00ee daw\u00ee li ti\u015ft\u00ea ku j\u00ea re &#8220;R\u00eaveberiya Xweser&#8221; dihat gotin hat \u00fb dewleta S\u00fbriyey\u00ea serweriya xwe li ser her\u00eam\u00ean Bakur \u00fb Rojhilat\u00ea welat careke din \u00e7espand.<\/span><\/h3>\n","protected":false},"excerpt":{"rendered":"<p>Fermandar\u00ea Gi\u015ft\u00ee y\u00ea H\u00eaz\u00ean S\u00fbriya Demokrat\u00eek (HSD), Mezl\u00fbm Ebd\u00ee di hevpeyv\u00eeneke berfireh de behsa t\u00eakiliy\u00ean bi \u015eam\u00ea re, k\u00eamasiy\u00ean r\u00eaveberiya xwe \u00fb pa\u015feroja h\u00eaz\u00ean xwe kir. Mezl\u00fbm Ebd\u00ee di hevpeyv\u00eena bi podkasta (Bi dema \u015eam\u00ea) de ku biryar e di n\u00eaz de li ser platforma &#8220;Mazeej&#8221; b\u00ea we\u015fandin, diyar kir ku Serok\u00ea S\u00fbriy\u00ea Ehmed \u015eera [&hellip;]<\/p>\n","protected":false},"author":2,"featured_media":1052700,"comment_status":"closed","ping_status":"closed","sticky":false,"template":"","format":"standard","meta":{"footnotes":""},"categories":[29],"tags":[37],"class_list":["post-1052699","post","type-post","status-publish","format-standard","has-post-thumbnail","hentry","category-kurdistan","tag-sereke"],"blocksy_meta":[],"seo_head":"<!-- This site is optimized with the Yoast SEO plugin v27.5 - https:\/\/yoast.com\/product\/yoast-seo-wordpress\/ -->\n<title>Mezl\u00fbm Ebd\u00ee: Ti p\u00ea\u015fniyarek ji bo wergirtina posteke bilind li \u015eam\u00ea negihi\u015ftiye min - Darka Maz\u00ee<\/title>\n<meta name=\"robots\" content=\"index, follow, max-snippet:-1, max-image-preview:large, max-video-preview:-1\" \/>\n<link rel=\"canonical\" href=\"https:\/\/darkamazi.info\/archives\/1052699\" \/>\n<meta property=\"og:locale\" content=\"en_US\" \/>\n<meta property=\"og:type\" content=\"article\" \/>\n<meta property=\"og:title\" content=\"Mezl\u00fbm Ebd\u00ee: Ti p\u00ea\u015fniyarek ji bo wergirtina posteke bilind li \u015eam\u00ea negihi\u015ftiye min - Darka Maz\u00ee\" \/>\n<meta property=\"og:description\" content=\"Fermandar\u00ea Gi\u015ft\u00ee y\u00ea H\u00eaz\u00ean S\u00fbriya Demokrat\u00eek (HSD), Mezl\u00fbm Ebd\u00ee di hevpeyv\u00eeneke berfireh de behsa t\u00eakiliy\u00ean bi \u015eam\u00ea re, k\u00eamasiy\u00ean r\u00eaveberiya xwe \u00fb pa\u015feroja h\u00eaz\u00ean xwe kir. Mezl\u00fbm Ebd\u00ee di hevpeyv\u00eena bi podkasta (Bi dema \u015eam\u00ea) de ku biryar e di n\u00eaz de li ser platforma &#8220;Mazeej&#8221; b\u00ea we\u015fandin, diyar kir ku Serok\u00ea S\u00fbriy\u00ea Ehmed \u015eera [&hellip;]\" \/>\n<meta property=\"og:url\" content=\"https:\/\/darkamazi.info\/archives\/1052699\" \/>\n<meta property=\"og:site_name\" content=\"Darka Maz\u00ee\" \/>\n<meta property=\"article:publisher\" content=\"https:\/\/www.facebook.com\/DarMaziKurmanci\" \/>\n<meta property=\"article:published_time\" content=\"2026-05-03T14:15:03+00:00\" \/>\n<meta property=\"og:image\" content=\"https:\/\/darkamazi.info\/file\/2026\/05\/Mazloum-Abdi-sham-info.jpg\" \/>\n\t<meta property=\"og:image:width\" content=\"900\" \/>\n\t<meta property=\"og:image:height\" content=\"500\" \/>\n\t<meta property=\"og:image:type\" content=\"image\/jpeg\" \/>\n<meta name=\"author\" content=\"darka mazi\" \/>\n<meta name=\"twitter:card\" content=\"summary_large_image\" \/>\n<meta name=\"twitter:creator\" content=\"@DarkaMaziLatini\" \/>\n<meta name=\"twitter:site\" content=\"@DarkaMaziLatini\" \/>\n<meta name=\"twitter:label1\" content=\"Written by\" \/>\n\t<meta name=\"twitter:data1\" content=\"darka mazi\" \/>\n\t<meta name=\"twitter:label2\" content=\"Est. reading time\" \/>\n\t<meta name=\"twitter:data2\" content=\"2 minutes\" \/>\n<script type=\"application\/ld+json\" class=\"seo-schema-graph\">{\"@context\":\"https:\\\/\\\/schema.org\",\"@graph\":[{\"@type\":\"Article\",\"@id\":\"https:\\\/\\\/darkamazi.info\\\/archives\\\/1052699#article\",\"isPartOf\":{\"@id\":\"https:\\\/\\\/darkamazi.info\\\/archives\\\/1052699\"},\"author\":{\"name\":\"darka mazi\",\"@id\":\"https:\\\/\\\/darkamazi.info\\\/#\\\/schema\\\/person\\\/5ad3e24553a0567993fa8ed4bd0a776c\"},\"headline\":\"Mezl\u00fbm Ebd\u00ee: Ti p\u00ea\u015fniyarek ji bo wergirtina posteke bilind li \u015eam\u00ea negihi\u015ftiye min\",\"datePublished\":\"2026-05-03T14:15:03+00:00\",\"mainEntityOfPage\":{\"@id\":\"https:\\\/\\\/darkamazi.info\\\/archives\\\/1052699\"},\"wordCount\":455,\"publisher\":{\"@id\":\"https:\\\/\\\/darkamazi.info\\\/#organization\"},\"image\":{\"@id\":\"https:\\\/\\\/darkamazi.info\\\/archives\\\/1052699#primaryimage\"},\"thumbnailUrl\":\"https:\\\/\\\/darkamazi.info\\\/darka-content\\\/uploads\\\/2026\\\/05\\\/Mazloum-Abdi-sham-info.jpg\",\"keywords\":[\"sereke\"],\"articleSection\":[\"Kurdistan\"],\"inLanguage\":\"en-US\"},{\"@type\":\"WebPage\",\"@id\":\"https:\\\/\\\/darkamazi.info\\\/archives\\\/1052699\",\"url\":\"https:\\\/\\\/darkamazi.info\\\/archives\\\/1052699\",\"name\":\"Mezl\u00fbm Ebd\u00ee: Ti p\u00ea\u015fniyarek ji bo wergirtina posteke bilind li \u015eam\u00ea negihi\u015ftiye min - Darka Maz\u00ee\",\"isPartOf\":{\"@id\":\"https:\\\/\\\/darkamazi.info\\\/#website\"},\"primaryImageOfPage\":{\"@id\":\"https:\\\/\\\/darkamazi.info\\\/archives\\\/1052699#primaryimage\"},\"image\":{\"@id\":\"https:\\\/\\\/darkamazi.info\\\/archives\\\/1052699#primaryimage\"},\"thumbnailUrl\":\"https:\\\/\\\/darkamazi.info\\\/darka-content\\\/uploads\\\/2026\\\/05\\\/Mazloum-Abdi-sham-info.jpg\",\"datePublished\":\"2026-05-03T14:15:03+00:00\",\"breadcrumb\":{\"@id\":\"https:\\\/\\\/darkamazi.info\\\/archives\\\/1052699#breadcrumb\"},\"inLanguage\":\"en-US\",\"potentialAction\":[{\"@type\":\"ReadAction\",\"target\":[\"https:\\\/\\\/darkamazi.info\\\/archives\\\/1052699\"]}]},{\"@type\":\"ImageObject\",\"inLanguage\":\"en-US\",\"@id\":\"https:\\\/\\\/darkamazi.info\\\/archives\\\/1052699#primaryimage\",\"url\":\"https:\\\/\\\/darkamazi.info\\\/darka-content\\\/uploads\\\/2026\\\/05\\\/Mazloum-Abdi-sham-info.jpg\",\"contentUrl\":\"https:\\\/\\\/darkamazi.info\\\/darka-content\\\/uploads\\\/2026\\\/05\\\/Mazloum-Abdi-sham-info.jpg\",\"width\":900,\"height\":500,\"caption\":\"Mazloum-Abdi-sham-info\"},{\"@type\":\"BreadcrumbList\",\"@id\":\"https:\\\/\\\/darkamazi.info\\\/archives\\\/1052699#breadcrumb\",\"itemListElement\":[{\"@type\":\"ListItem\",\"position\":1,\"name\":\"Home\",\"item\":\"https:\\\/\\\/darkamazi.info\\\/\"},{\"@type\":\"ListItem\",\"position\":2,\"name\":\"Mezl\u00fbm Ebd\u00ee: Ti p\u00ea\u015fniyarek ji bo wergirtina posteke bilind li \u015eam\u00ea negihi\u015ftiye min\"}]},{\"@type\":\"WebSite\",\"@id\":\"https:\\\/\\\/darkamazi.info\\\/#website\",\"url\":\"https:\\\/\\\/darkamazi.info\\\/\",\"name\":\"Darka Maz\u00ee\",\"description\":\"P\u00eageha Zanyariy\u00ean Nebih\u00eest\u00ee\",\"publisher\":{\"@id\":\"https:\\\/\\\/darkamazi.info\\\/#organization\"},\"potentialAction\":[{\"@type\":\"SearchAction\",\"target\":{\"@type\":\"EntryPoint\",\"urlTemplate\":\"https:\\\/\\\/darkamazi.info\\\/?s={search_term_string}\"},\"query-input\":{\"@type\":\"PropertyValueSpecification\",\"valueRequired\":true,\"valueName\":\"search_term_string\"}}],\"inLanguage\":\"en-US\"},{\"@type\":\"Organization\",\"@id\":\"https:\\\/\\\/darkamazi.info\\\/#organization\",\"name\":\"Darka Maz\u00ee\",\"url\":\"https:\\\/\\\/darkamazi.info\\\/\",\"logo\":{\"@type\":\"ImageObject\",\"inLanguage\":\"en-US\",\"@id\":\"https:\\\/\\\/darkamazi.info\\\/#\\\/schema\\\/logo\\\/image\\\/\",\"url\":\"https:\\\/\\\/darkamazi.info\\\/darka-content\\\/uploads\\\/2017\\\/12\\\/darka-mazi-logo.png\",\"contentUrl\":\"https:\\\/\\\/darkamazi.info\\\/darka-content\\\/uploads\\\/2017\\\/12\\\/darka-mazi-logo.png\",\"width\":151,\"height\":75,\"caption\":\"Darka Maz\u00ee\"},\"image\":{\"@id\":\"https:\\\/\\\/darkamazi.info\\\/#\\\/schema\\\/logo\\\/image\\\/\"},\"sameAs\":[\"https:\\\/\\\/www.facebook.com\\\/DarMaziKurmanci\",\"https:\\\/\\\/x.com\\\/DarkaMaziLatini\",\"https:\\\/\\\/www.instagram.com\\\/darkamazi.kurmanci\\\/\",\"https:\\\/\\\/www.youtube.com\\\/channel\\\/UCa5HkTdmI8U1qCUFuTw8B2g\"]},{\"@type\":\"Person\",\"@id\":\"https:\\\/\\\/darkamazi.info\\\/#\\\/schema\\\/person\\\/5ad3e24553a0567993fa8ed4bd0a776c\",\"name\":\"darka mazi\",\"sameAs\":[\"https:\\\/\\\/darkamazi.info\\\/\"],\"url\":\"https:\\\/\\\/darkamazi.info\\\/archives\\\/author\\\/kurdi\"}]}<\/script>\n<!-- \/ Yoast SEO plugin. -->","seo_head_json":{"title":"Mezl\u00fbm Ebd\u00ee: Ti p\u00ea\u015fniyarek ji bo wergirtina posteke bilind li \u015eam\u00ea negihi\u015ftiye min - Darka Maz\u00ee","robots":{"index":"index","follow":"follow","max-snippet":"max-snippet:-1","max-image-preview":"max-image-preview:large","max-video-preview":"max-video-preview:-1"},"canonical":"https:\/\/darkamazi.info\/archives\/1052699","og_locale":"en_US","og_type":"article","og_title":"Mezl\u00fbm Ebd\u00ee: Ti p\u00ea\u015fniyarek ji bo wergirtina posteke bilind li \u015eam\u00ea negihi\u015ftiye min - Darka Maz\u00ee","og_description":"Fermandar\u00ea Gi\u015ft\u00ee y\u00ea H\u00eaz\u00ean S\u00fbriya Demokrat\u00eek (HSD), Mezl\u00fbm Ebd\u00ee di hevpeyv\u00eeneke berfireh de behsa t\u00eakiliy\u00ean bi \u015eam\u00ea re, k\u00eamasiy\u00ean r\u00eaveberiya xwe \u00fb pa\u015feroja h\u00eaz\u00ean xwe kir. Mezl\u00fbm Ebd\u00ee di hevpeyv\u00eena bi podkasta (Bi dema \u015eam\u00ea) de ku biryar e di n\u00eaz de li ser platforma &#8220;Mazeej&#8221; b\u00ea we\u015fandin, diyar kir ku Serok\u00ea S\u00fbriy\u00ea Ehmed \u015eera [&hellip;]","og_url":"https:\/\/darkamazi.info\/archives\/1052699","og_site_name":"Darka Maz\u00ee","article_publisher":"https:\/\/www.facebook.com\/DarMaziKurmanci","article_published_time":"2026-05-03T14:15:03+00:00","og_image":[{"width":900,"height":500,"url":"https:\/\/darkamazi.info\/file\/2026\/05\/Mazloum-Abdi-sham-info.jpg","type":"image\/jpeg"}],"author":"darka mazi","twitter_card":"summary_large_image","twitter_creator":"@DarkaMaziLatini","twitter_site":"@DarkaMaziLatini","twitter_misc":{"Written by":"darka mazi","Est. reading time":"2 minutes"},"schema":{"@context":"https:\/\/schema.org","@graph":[{"@type":"Article","@id":"https:\/\/darkamazi.info\/archives\/1052699#article","isPartOf":{"@id":"https:\/\/darkamazi.info\/archives\/1052699"},"author":{"name":"darka mazi","@id":"https:\/\/darkamazi.info\/#\/schema\/person\/5ad3e24553a0567993fa8ed4bd0a776c"},"headline":"Mezl\u00fbm Ebd\u00ee: Ti p\u00ea\u015fniyarek ji bo wergirtina posteke bilind li \u015eam\u00ea negihi\u015ftiye min","datePublished":"2026-05-03T14:15:03+00:00","mainEntityOfPage":{"@id":"https:\/\/darkamazi.info\/archives\/1052699"},"wordCount":455,"publisher":{"@id":"https:\/\/darkamazi.info\/#organization"},"image":{"@id":"https:\/\/darkamazi.info\/archives\/1052699#primaryimage"},"thumbnailUrl":"https:\/\/darkamazi.info\/file\/2026\/05\/Mazloum-Abdi-sham-info.jpg","keywords":["sereke"],"articleSection":["Kurdistan"],"inLanguage":"en-US"},{"@type":"WebPage","@id":"https:\/\/darkamazi.info\/archives\/1052699","url":"https:\/\/darkamazi.info\/archives\/1052699","name":"Mezl\u00fbm Ebd\u00ee: Ti p\u00ea\u015fniyarek ji bo wergirtina posteke bilind li \u015eam\u00ea negihi\u015ftiye min - Darka Maz\u00ee","isPartOf":{"@id":"https:\/\/darkamazi.info\/#website"},"primaryImageOfPage":{"@id":"https:\/\/darkamazi.info\/archives\/1052699#primaryimage"},"image":{"@id":"https:\/\/darkamazi.info\/archives\/1052699#primaryimage"},"thumbnailUrl":"https:\/\/darkamazi.info\/file\/2026\/05\/Mazloum-Abdi-sham-info.jpg","datePublished":"2026-05-03T14:15:03+00:00","breadcrumb":{"@id":"https:\/\/darkamazi.info\/archives\/1052699#breadcrumb"},"inLanguage":"en-US","potentialAction":[{"@type":"ReadAction","target":["https:\/\/darkamazi.info\/archives\/1052699"]}]},{"@type":"ImageObject","inLanguage":"en-US","@id":"https:\/\/darkamazi.info\/archives\/1052699#primaryimage","url":"https:\/\/darkamazi.info\/file\/2026\/05\/Mazloum-Abdi-sham-info.jpg","contentUrl":"https:\/\/darkamazi.info\/file\/2026\/05\/Mazloum-Abdi-sham-info.jpg","width":900,"height":500,"caption":"Mazloum-Abdi-sham-info"},{"@type":"BreadcrumbList","@id":"https:\/\/darkamazi.info\/archives\/1052699#breadcrumb","itemListElement":[{"@type":"ListItem","position":1,"name":"Home","item":"https:\/\/darkamazi.info\/"},{"@type":"ListItem","position":2,"name":"Mezl\u00fbm Ebd\u00ee: Ti p\u00ea\u015fniyarek ji bo wergirtina posteke bilind li \u015eam\u00ea negihi\u015ftiye min"}]},{"@type":"WebSite","@id":"https:\/\/darkamazi.info\/#website","url":"https:\/\/darkamazi.info\/","name":"Darka Maz\u00ee","description":"P\u00eageha Zanyariy\u00ean Nebih\u00eest\u00ee","publisher":{"@id":"https:\/\/darkamazi.info\/#organization"},"potentialAction":[{"@type":"SearchAction","target":{"@type":"EntryPoint","urlTemplate":"https:\/\/darkamazi.info\/?s={search_term_string}"},"query-input":{"@type":"PropertyValueSpecification","valueRequired":true,"valueName":"search_term_string"}}],"inLanguage":"en-US"},{"@type":"Organization","@id":"https:\/\/darkamazi.info\/#organization","name":"Darka Maz\u00ee","url":"https:\/\/darkamazi.info\/","logo":{"@type":"ImageObject","inLanguage":"en-US","@id":"https:\/\/darkamazi.info\/#\/schema\/logo\/image\/","url":"https:\/\/darkamazi.info\/file\/2017\/12\/darka-mazi-logo.png","contentUrl":"https:\/\/darkamazi.info\/file\/2017\/12\/darka-mazi-logo.png","width":151,"height":75,"caption":"Darka Maz\u00ee"},"image":{"@id":"https:\/\/darkamazi.info\/#\/schema\/logo\/image\/"},"sameAs":["https:\/\/www.facebook.com\/DarMaziKurmanci","https:\/\/x.com\/DarkaMaziLatini","https:\/\/www.instagram.com\/darkamazi.kurmanci\/","https:\/\/www.youtube.com\/channel\/UCa5HkTdmI8U1qCUFuTw8B2g"]},{"@type":"Person","@id":"https:\/\/darkamazi.info\/#\/schema\/person\/5ad3e24553a0567993fa8ed4bd0a776c","name":"darka mazi","sameAs":["https:\/\/darkamazi.info\/"],"url":"https:\/\/darkamazi.info\/archives\/author\/kurdi"}]}},"_links":{"self":[{"href":"https:\/\/darkamazi.info\/funavuv\/wp\/v2\/posts\/1052699","targetHints":{"allow":["GET"]}}],"collection":[{"href":"https:\/\/darkamazi.info\/funavuv\/wp\/v2\/posts"}],"about":[{"href":"https:\/\/darkamazi.info\/funavuv\/wp\/v2\/types\/post"}],"author":[{"embeddable":true,"href":"https:\/\/darkamazi.info\/funavuv\/wp\/v2\/users\/2"}],"replies":[{"embeddable":true,"href":"https:\/\/darkamazi.info\/funavuv\/wp\/v2\/comments?post=1052699"}],"version-history":[{"count":1,"href":"https:\/\/darkamazi.info\/funavuv\/wp\/v2\/posts\/1052699\/revisions"}],"predecessor-version":[{"id":1052701,"href":"https:\/\/darkamazi.info\/funavuv\/wp\/v2\/posts\/1052699\/revisions\/1052701"}],"wp:featuredmedia":[{"embeddable":true,"href":"https:\/\/darkamazi.info\/funavuv\/wp\/v2\/media\/1052700"}],"wp:attachment":[{"href":"https:\/\/darkamazi.info\/funavuv\/wp\/v2\/media?parent=1052699"}],"wp:term":[{"taxonomy":"category","embeddable":true,"href":"https:\/\/darkamazi.info\/funavuv\/wp\/v2\/categories?post=1052699"},{"taxonomy":"post_tag","embeddable":true,"href":"https:\/\/darkamazi.info\/funavuv\/wp\/v2\/tags?post=1052699"}],"curies":[{"name":"wp","href":"https:\/\/api.w.org\/{rel}","templated":true}]}}