{"id":1054042,"date":"2026-08-30T12:44:32","date_gmt":"2026-08-30T09:44:32","guid":{"rendered":"https:\/\/darkamazi.info\/?p=1054042"},"modified":"2026-08-30T12:44:32","modified_gmt":"2026-08-30T09:44:32","slug":"li-diyarbekire-car-kes-ji-ber-daliqandina-posteren-pkke-hatin-bincavkirin","status":"publish","type":"post","link":"https:\/\/darkamazi.info\/archives\/1054042","title":{"rendered":"Li Diyarbekir\u00ea \u00e7ar kes ji ber daliqandina poster\u00ean PKK\u00ea hatin bin\u00e7avkirin"},"content":{"rendered":"<h3 style=\"text-align: justify;\"><span style=\"font-family: 'arial black', sans-serif;\">Par\u00eazgariya Diyarbekir\u00ea ragihand ku ji ber daliqandina poster\u00ean endam\u00ean PKK\u00ea li hin kolan \u00fb cihan, \u00e7ar kes ji aliy\u00ea yek\u00eeney\u00ean ewlehiy\u00ea ve hatine bin\u00e7avkirin.<\/span><\/h3>\n<h3 style=\"text-align: justify;\">Li gor\u00ee daxuyaniya niv\u00eesk\u00ee ya Wal\u00eetiya Diyarbekir\u00ea ku di 30\u00ea Tebaxa 2026an de hate belavkirin, hewldan\u00ean binp\u00eakirina ewlehiy\u00ea hatine astengkirin \u00fb l\u00eapirs\u00eena li ser b\u00fbyer\u00ea berdewam dike. Di daxuyaniy\u00ea de hate destn\u00ee\u015fankirin ku t\u00eako\u015f\u00eena li dij\u00ee s\u00fbc \u00fb teror\u00ea bi biryardar\u00ee dom dike.<\/h3>\n<h3 style=\"text-align: justify;\">Wal\u00eetiy\u00ea di daxuyaniya xwe de bal ki\u015fand ser van xalan:<\/h3>\n<h3 style=\"text-align: justify;\">&#8220;Daliqandina poster\u00ean endam\u00ean r\u00eaxistina teror\u00eest li \u00e7end kolanan b\u00fbyerek ten\u00ea ye \u00fb belav\u00ee seranser\u00ea par\u00eazgeh\u00ea neb\u00fbye. Pi\u015ft\u00ee tesp\u00eetkirina posteran li \u00e7end deveran, yek\u00eeney\u00ean me y\u00ean ewlehiy\u00ea dest bi l\u00eakol\u00een\u00ea kirin \u00fb di encam\u00ea de 4 kes\u00ean ku ev kiryar me\u015fandine hatin bin\u00e7avkirin.&#8221;<\/h3>\n<h3 style=\"text-align: justify;\">Di berdewamiya daxuyaniy\u00ea de hate diyarkirin ku kiryar\u00ean neqan\u00fbn\u00ee y\u00ean ku armanc dikin aramiya civak\u00ea \u00fb p\u00eavajoya ewlehiy\u00ea asteng bikin d\u00ea ney\u00ean tehem\u00fblkirin \u00fb hem\u00fb hewldan\u00ean bi v\u00ee reng\u00ee d\u00ea di \u00e7ar\u00e7oveya zagonan de bi biryardar\u00ee bibin bersiv.<\/h3>\n<h3 style=\"text-align: justify;\">Ev di demek\u00ea de ye ku rojane ji aliy\u00ea Ocalan \u00fb PKK\u2019\u00ea ve behsa entegrasyon \u00fb civaka demokrat\u00eek \u00fb &#8216;p\u00eavajoya a\u015ftiy\u00ea&#8217; t\u00ea kirin.<\/h3>\n","protected":false},"excerpt":{"rendered":"<p>Par\u00eazgariya Diyarbekir\u00ea ragihand ku ji ber daliqandina poster\u00ean endam\u00ean PKK\u00ea li hin kolan \u00fb cihan, \u00e7ar kes ji aliy\u00ea yek\u00eeney\u00ean ewlehiy\u00ea ve hatine bin\u00e7avkirin. Li gor\u00ee daxuyaniya niv\u00eesk\u00ee ya Wal\u00eetiya Diyarbekir\u00ea ku di 30\u00ea Tebaxa 2026an de hate belavkirin, hewldan\u00ean binp\u00eakirina ewlehiy\u00ea hatine astengkirin \u00fb l\u00eapirs\u00eena li ser b\u00fbyer\u00ea berdewam dike. Di daxuyaniy\u00ea de hate [&hellip;]<\/p>\n","protected":false},"author":2,"featured_media":1054043,"comment_status":"closed","ping_status":"closed","sticky":false,"template":"","format":"standard","meta":{"footnotes":""},"categories":[29],"tags":[37],"class_list":["post-1054042","post","type-post","status-publish","format-standard","has-post-thumbnail","hentry","category-kurdistan","tag-sereke"],"blocksy_meta":{"styles_descriptor":{"styles":{"desktop":"","tablet":"","mobile":""},"google_fonts":[],"version":7}},"seo_head":"<!-- This site is optimized with the Yoast SEO plugin v28.3 - https:\/\/yoast.com\/product\/yoast-seo-wordpress\/ -->\n<title>Li Diyarbekir\u00ea \u00e7ar kes ji ber daliqandina poster\u00ean PKK\u00ea hatin bin\u00e7avkirin - Darka Maz\u00ee<\/title>\n<meta name=\"robots\" content=\"index, follow, max-snippet:-1, max-image-preview:large, max-video-preview:-1\" \/>\n<link rel=\"canonical\" href=\"https:\/\/darkamazi.info\/archives\/1054042\" \/>\n<meta property=\"og:locale\" content=\"en_US\" \/>\n<meta property=\"og:type\" content=\"article\" \/>\n<meta property=\"og:title\" content=\"Li Diyarbekir\u00ea \u00e7ar kes ji ber daliqandina poster\u00ean PKK\u00ea hatin bin\u00e7avkirin - Darka Maz\u00ee\" \/>\n<meta property=\"og:description\" content=\"Par\u00eazgariya Diyarbekir\u00ea ragihand ku ji ber daliqandina poster\u00ean endam\u00ean PKK\u00ea li hin kolan \u00fb cihan, \u00e7ar kes ji aliy\u00ea yek\u00eeney\u00ean ewlehiy\u00ea ve hatine bin\u00e7avkirin. Li gor\u00ee daxuyaniya niv\u00eesk\u00ee ya Wal\u00eetiya Diyarbekir\u00ea ku di 30\u00ea Tebaxa 2026an de hate belavkirin, hewldan\u00ean binp\u00eakirina ewlehiy\u00ea hatine astengkirin \u00fb l\u00eapirs\u00eena li ser b\u00fbyer\u00ea berdewam dike. Di daxuyaniy\u00ea de hate [&hellip;]\" \/>\n<meta property=\"og:url\" content=\"https:\/\/darkamazi.info\/archives\/1054042\" \/>\n<meta property=\"og:site_name\" content=\"Darka Maz\u00ee\" \/>\n<meta property=\"article:publisher\" content=\"https:\/\/www.facebook.com\/DarMaziKurmanci\" \/>\n<meta property=\"article:published_time\" content=\"2026-08-30T09:44:32+00:00\" \/>\n<meta property=\"og:image\" content=\"https:\/\/darkamazi.info\/file\/2026\/08\/Erzirome-10-net.jpg\" \/>\n\t<meta property=\"og:image:width\" content=\"900\" \/>\n\t<meta property=\"og:image:height\" content=\"497\" \/>\n\t<meta property=\"og:image:type\" content=\"image\/jpeg\" \/>\n<meta name=\"author\" content=\"darka mazi\" \/>\n<meta name=\"twitter:card\" content=\"summary_large_image\" \/>\n<meta name=\"twitter:creator\" content=\"@DarkaMaziLatini\" \/>\n<meta name=\"twitter:site\" content=\"@DarkaMaziLatini\" \/>\n<meta name=\"twitter:label1\" content=\"Written by\" \/>\n\t<meta name=\"twitter:data1\" content=\"darka mazi\" \/>\n\t<meta name=\"twitter:label2\" content=\"Est. reading time\" \/>\n\t<meta name=\"twitter:data2\" content=\"1 minute\" \/>\n<script type=\"application\/ld+json\" class=\"seo-schema-graph\">{\"@context\":\"https:\\\/\\\/schema.org\",\"@graph\":[{\"@type\":\"Article\",\"@id\":\"https:\\\/\\\/darkamazi.info\\\/archives\\\/1054042#article\",\"isPartOf\":{\"@id\":\"https:\\\/\\\/darkamazi.info\\\/archives\\\/1054042\"},\"author\":{\"name\":\"darka mazi\",\"@id\":\"https:\\\/\\\/darkamazi.info\\\/#\\\/schema\\\/person\\\/5ad3e24553a0567993fa8ed4bd0a776c\"},\"headline\":\"Li Diyarbekir\u00ea \u00e7ar kes ji ber daliqandina poster\u00ean PKK\u00ea hatin bin\u00e7avkirin\",\"datePublished\":\"2026-08-30T09:44:32+00:00\",\"mainEntityOfPage\":{\"@id\":\"https:\\\/\\\/darkamazi.info\\\/archives\\\/1054042\"},\"wordCount\":228,\"publisher\":{\"@id\":\"https:\\\/\\\/darkamazi.info\\\/#organization\"},\"image\":{\"@id\":\"https:\\\/\\\/darkamazi.info\\\/archives\\\/1054042#primaryimage\"},\"thumbnailUrl\":\"https:\\\/\\\/darkamazi.info\\\/darka-content\\\/uploads\\\/2026\\\/08\\\/Erzirome-10-net.jpg\",\"keywords\":[\"sereke\"],\"articleSection\":[\"Kurdistan\"],\"inLanguage\":\"en-US\"},{\"@type\":\"WebPage\",\"@id\":\"https:\\\/\\\/darkamazi.info\\\/archives\\\/1054042\",\"url\":\"https:\\\/\\\/darkamazi.info\\\/archives\\\/1054042\",\"name\":\"Li Diyarbekir\u00ea \u00e7ar kes ji ber daliqandina poster\u00ean PKK\u00ea hatin bin\u00e7avkirin - Darka Maz\u00ee\",\"isPartOf\":{\"@id\":\"https:\\\/\\\/darkamazi.info\\\/#website\"},\"primaryImageOfPage\":{\"@id\":\"https:\\\/\\\/darkamazi.info\\\/archives\\\/1054042#primaryimage\"},\"image\":{\"@id\":\"https:\\\/\\\/darkamazi.info\\\/archives\\\/1054042#primaryimage\"},\"thumbnailUrl\":\"https:\\\/\\\/darkamazi.info\\\/darka-content\\\/uploads\\\/2026\\\/08\\\/Erzirome-10-net.jpg\",\"datePublished\":\"2026-08-30T09:44:32+00:00\",\"breadcrumb\":{\"@id\":\"https:\\\/\\\/darkamazi.info\\\/archives\\\/1054042#breadcrumb\"},\"inLanguage\":\"en-US\",\"potentialAction\":[{\"@type\":\"ReadAction\",\"target\":[\"https:\\\/\\\/darkamazi.info\\\/archives\\\/1054042\"]}]},{\"@type\":\"ImageObject\",\"inLanguage\":\"en-US\",\"@id\":\"https:\\\/\\\/darkamazi.info\\\/archives\\\/1054042#primaryimage\",\"url\":\"https:\\\/\\\/darkamazi.info\\\/darka-content\\\/uploads\\\/2026\\\/08\\\/Erzirome-10-net.jpg\",\"contentUrl\":\"https:\\\/\\\/darkamazi.info\\\/darka-content\\\/uploads\\\/2026\\\/08\\\/Erzirome-10-net.jpg\",\"width\":900,\"height\":497,\"caption\":\"Li Diyarbekir\u00ea \u00e7ar kes ji ber daliqandina poster\u00ean PKK\u00ea hatin bin\u00e7avkirin\"},{\"@type\":\"BreadcrumbList\",\"@id\":\"https:\\\/\\\/darkamazi.info\\\/archives\\\/1054042#breadcrumb\",\"itemListElement\":[{\"@type\":\"ListItem\",\"position\":1,\"name\":\"Home\",\"item\":\"https:\\\/\\\/darkamazi.info\\\/\"},{\"@type\":\"ListItem\",\"position\":2,\"name\":\"Li Diyarbekir\u00ea \u00e7ar kes ji ber daliqandina poster\u00ean PKK\u00ea hatin bin\u00e7avkirin\"}]},{\"@type\":\"WebSite\",\"@id\":\"https:\\\/\\\/darkamazi.info\\\/#website\",\"url\":\"https:\\\/\\\/darkamazi.info\\\/\",\"name\":\"Darka Maz\u00ee\",\"description\":\"P\u00eageha Zanyariy\u00ean Nebih\u00eest\u00ee\",\"publisher\":{\"@id\":\"https:\\\/\\\/darkamazi.info\\\/#organization\"},\"potentialAction\":[{\"@type\":\"SearchAction\",\"target\":{\"@type\":\"EntryPoint\",\"urlTemplate\":\"https:\\\/\\\/darkamazi.info\\\/?s={search_term_string}\"},\"query-input\":{\"@type\":\"PropertyValueSpecification\",\"valueRequired\":true,\"valueName\":\"search_term_string\"}}],\"inLanguage\":\"en-US\"},{\"@type\":\"Organization\",\"@id\":\"https:\\\/\\\/darkamazi.info\\\/#organization\",\"name\":\"Darka Maz\u00ee\",\"url\":\"https:\\\/\\\/darkamazi.info\\\/\",\"logo\":{\"@type\":\"ImageObject\",\"inLanguage\":\"en-US\",\"@id\":\"https:\\\/\\\/darkamazi.info\\\/#\\\/schema\\\/logo\\\/image\\\/\",\"url\":\"https:\\\/\\\/darkamazi.info\\\/darka-content\\\/uploads\\\/2017\\\/12\\\/darka-mazi-logo.png\",\"contentUrl\":\"https:\\\/\\\/darkamazi.info\\\/darka-content\\\/uploads\\\/2017\\\/12\\\/darka-mazi-logo.png\",\"width\":151,\"height\":75,\"caption\":\"Darka Maz\u00ee\"},\"image\":{\"@id\":\"https:\\\/\\\/darkamazi.info\\\/#\\\/schema\\\/logo\\\/image\\\/\"},\"sameAs\":[\"https:\\\/\\\/www.facebook.com\\\/DarMaziKurmanci\",\"https:\\\/\\\/x.com\\\/DarkaMaziLatini\",\"https:\\\/\\\/www.instagram.com\\\/darkamazi.kurmanci\\\/\",\"https:\\\/\\\/www.youtube.com\\\/channel\\\/UCa5HkTdmI8U1qCUFuTw8B2g\"]},{\"@type\":\"Person\",\"@id\":\"https:\\\/\\\/darkamazi.info\\\/#\\\/schema\\\/person\\\/5ad3e24553a0567993fa8ed4bd0a776c\",\"name\":\"darka mazi\",\"sameAs\":[\"https:\\\/\\\/darkamazi.info\\\/\"],\"url\":\"https:\\\/\\\/darkamazi.info\\\/archives\\\/author\\\/kurdi\"}]}<\/script>\n<!-- \/ Yoast SEO plugin. -->","seo_head_json":{"title":"Li Diyarbekir\u00ea \u00e7ar kes ji ber daliqandina poster\u00ean PKK\u00ea hatin bin\u00e7avkirin - Darka Maz\u00ee","robots":{"index":"index","follow":"follow","max-snippet":"max-snippet:-1","max-image-preview":"max-image-preview:large","max-video-preview":"max-video-preview:-1"},"canonical":"https:\/\/darkamazi.info\/archives\/1054042","og_locale":"en_US","og_type":"article","og_title":"Li Diyarbekir\u00ea \u00e7ar kes ji ber daliqandina poster\u00ean PKK\u00ea hatin bin\u00e7avkirin - Darka Maz\u00ee","og_description":"Par\u00eazgariya Diyarbekir\u00ea ragihand ku ji ber daliqandina poster\u00ean endam\u00ean PKK\u00ea li hin kolan \u00fb cihan, \u00e7ar kes ji aliy\u00ea yek\u00eeney\u00ean ewlehiy\u00ea ve hatine bin\u00e7avkirin. Li gor\u00ee daxuyaniya niv\u00eesk\u00ee ya Wal\u00eetiya Diyarbekir\u00ea ku di 30\u00ea Tebaxa 2026an de hate belavkirin, hewldan\u00ean binp\u00eakirina ewlehiy\u00ea hatine astengkirin \u00fb l\u00eapirs\u00eena li ser b\u00fbyer\u00ea berdewam dike. Di daxuyaniy\u00ea de hate [&hellip;]","og_url":"https:\/\/darkamazi.info\/archives\/1054042","og_site_name":"Darka Maz\u00ee","article_publisher":"https:\/\/www.facebook.com\/DarMaziKurmanci","article_published_time":"2026-08-30T09:44:32+00:00","og_image":[{"width":900,"height":497,"url":"https:\/\/darkamazi.info\/file\/2026\/08\/Erzirome-10-net.jpg","type":"image\/jpeg"}],"author":"darka mazi","twitter_card":"summary_large_image","twitter_creator":"@DarkaMaziLatini","twitter_site":"@DarkaMaziLatini","twitter_misc":{"Written by":"darka mazi","Est. reading time":"1 minute"},"schema":{"@context":"https:\/\/schema.org","@graph":[{"@type":"Article","@id":"https:\/\/darkamazi.info\/archives\/1054042#article","isPartOf":{"@id":"https:\/\/darkamazi.info\/archives\/1054042"},"author":{"name":"darka mazi","@id":"https:\/\/darkamazi.info\/#\/schema\/person\/5ad3e24553a0567993fa8ed4bd0a776c"},"headline":"Li Diyarbekir\u00ea \u00e7ar kes ji ber daliqandina poster\u00ean PKK\u00ea hatin bin\u00e7avkirin","datePublished":"2026-08-30T09:44:32+00:00","mainEntityOfPage":{"@id":"https:\/\/darkamazi.info\/archives\/1054042"},"wordCount":228,"publisher":{"@id":"https:\/\/darkamazi.info\/#organization"},"image":{"@id":"https:\/\/darkamazi.info\/archives\/1054042#primaryimage"},"thumbnailUrl":"https:\/\/darkamazi.info\/file\/2026\/08\/Erzirome-10-net.jpg","keywords":["sereke"],"articleSection":["Kurdistan"],"inLanguage":"en-US"},{"@type":"WebPage","@id":"https:\/\/darkamazi.info\/archives\/1054042","url":"https:\/\/darkamazi.info\/archives\/1054042","name":"Li Diyarbekir\u00ea \u00e7ar kes ji ber daliqandina poster\u00ean PKK\u00ea hatin bin\u00e7avkirin - Darka Maz\u00ee","isPartOf":{"@id":"https:\/\/darkamazi.info\/#website"},"primaryImageOfPage":{"@id":"https:\/\/darkamazi.info\/archives\/1054042#primaryimage"},"image":{"@id":"https:\/\/darkamazi.info\/archives\/1054042#primaryimage"},"thumbnailUrl":"https:\/\/darkamazi.info\/file\/2026\/08\/Erzirome-10-net.jpg","datePublished":"2026-08-30T09:44:32+00:00","breadcrumb":{"@id":"https:\/\/darkamazi.info\/archives\/1054042#breadcrumb"},"inLanguage":"en-US","potentialAction":[{"@type":"ReadAction","target":["https:\/\/darkamazi.info\/archives\/1054042"]}]},{"@type":"ImageObject","inLanguage":"en-US","@id":"https:\/\/darkamazi.info\/archives\/1054042#primaryimage","url":"https:\/\/darkamazi.info\/file\/2026\/08\/Erzirome-10-net.jpg","contentUrl":"https:\/\/darkamazi.info\/file\/2026\/08\/Erzirome-10-net.jpg","width":900,"height":497,"caption":"Li Diyarbekir\u00ea \u00e7ar kes ji ber daliqandina poster\u00ean PKK\u00ea hatin bin\u00e7avkirin"},{"@type":"BreadcrumbList","@id":"https:\/\/darkamazi.info\/archives\/1054042#breadcrumb","itemListElement":[{"@type":"ListItem","position":1,"name":"Home","item":"https:\/\/darkamazi.info\/"},{"@type":"ListItem","position":2,"name":"Li Diyarbekir\u00ea \u00e7ar kes ji ber daliqandina poster\u00ean PKK\u00ea hatin bin\u00e7avkirin"}]},{"@type":"WebSite","@id":"https:\/\/darkamazi.info\/#website","url":"https:\/\/darkamazi.info\/","name":"Darka Maz\u00ee","description":"P\u00eageha Zanyariy\u00ean Nebih\u00eest\u00ee","publisher":{"@id":"https:\/\/darkamazi.info\/#organization"},"potentialAction":[{"@type":"SearchAction","target":{"@type":"EntryPoint","urlTemplate":"https:\/\/darkamazi.info\/?s={search_term_string}"},"query-input":{"@type":"PropertyValueSpecification","valueRequired":true,"valueName":"search_term_string"}}],"inLanguage":"en-US"},{"@type":"Organization","@id":"https:\/\/darkamazi.info\/#organization","name":"Darka Maz\u00ee","url":"https:\/\/darkamazi.info\/","logo":{"@type":"ImageObject","inLanguage":"en-US","@id":"https:\/\/darkamazi.info\/#\/schema\/logo\/image\/","url":"https:\/\/darkamazi.info\/file\/2017\/12\/darka-mazi-logo.png","contentUrl":"https:\/\/darkamazi.info\/file\/2017\/12\/darka-mazi-logo.png","width":151,"height":75,"caption":"Darka Maz\u00ee"},"image":{"@id":"https:\/\/darkamazi.info\/#\/schema\/logo\/image\/"},"sameAs":["https:\/\/www.facebook.com\/DarMaziKurmanci","https:\/\/x.com\/DarkaMaziLatini","https:\/\/www.instagram.com\/darkamazi.kurmanci\/","https:\/\/www.youtube.com\/channel\/UCa5HkTdmI8U1qCUFuTw8B2g"]},{"@type":"Person","@id":"https:\/\/darkamazi.info\/#\/schema\/person\/5ad3e24553a0567993fa8ed4bd0a776c","name":"darka mazi","sameAs":["https:\/\/darkamazi.info\/"],"url":"https:\/\/darkamazi.info\/archives\/author\/kurdi"}]}},"_links":{"self":[{"href":"https:\/\/darkamazi.info\/funavuv\/wp\/v2\/posts\/1054042","targetHints":{"allow":["GET"]}}],"collection":[{"href":"https:\/\/darkamazi.info\/funavuv\/wp\/v2\/posts"}],"about":[{"href":"https:\/\/darkamazi.info\/funavuv\/wp\/v2\/types\/post"}],"author":[{"embeddable":true,"href":"https:\/\/darkamazi.info\/funavuv\/wp\/v2\/users\/2"}],"replies":[{"embeddable":true,"href":"https:\/\/darkamazi.info\/funavuv\/wp\/v2\/comments?post=1054042"}],"version-history":[{"count":1,"href":"https:\/\/darkamazi.info\/funavuv\/wp\/v2\/posts\/1054042\/revisions"}],"predecessor-version":[{"id":1054044,"href":"https:\/\/darkamazi.info\/funavuv\/wp\/v2\/posts\/1054042\/revisions\/1054044"}],"wp:featuredmedia":[{"embeddable":true,"href":"https:\/\/darkamazi.info\/funavuv\/wp\/v2\/media\/1054043"}],"wp:attachment":[{"href":"https:\/\/darkamazi.info\/funavuv\/wp\/v2\/media?parent=1054042"}],"wp:term":[{"taxonomy":"category","embeddable":true,"href":"https:\/\/darkamazi.info\/funavuv\/wp\/v2\/categories?post=1054042"},{"taxonomy":"post_tag","embeddable":true,"href":"https:\/\/darkamazi.info\/funavuv\/wp\/v2\/tags?post=1054042"}],"curies":[{"name":"wp","href":"https:\/\/api.w.org\/{rel}","templated":true}]}}