{"id":1054045,"date":"2026-08-30T17:58:31","date_gmt":"2026-08-30T14:58:31","guid":{"rendered":"https:\/\/darkamazi.info\/?p=1054045"},"modified":"2026-08-30T17:58:31","modified_gmt":"2026-08-30T14:58:31","slug":"general-mezlum-e-sahin-kobani-ye-yanji-mistefa-xelil-ebdi-ye","status":"publish","type":"post","link":"https:\/\/darkamazi.info\/archives\/1054045","title":{"rendered":"General Mezl\u00fbm e? \u015eah\u00een Koban\u00ee ye? yanj\u00ee Mistefa Xel\u00eel Ebd\u00ee ye?"},"content":{"rendered":"<div class=\"wpb-content-wrapper\" id=\"wpb-content-root\"><p>[darkamazi_row][darkamazi_column][darkamazi_video link=&#8221;https:\/\/www.youtube.com\/watch?v=py9h260nlyk&#8221; el_width=&#8221;100&#8243;][darkamazi_column_text]<\/p>\n<h3 style=\"text-align: justify;\"><span style=\"font-family: 'arial black', sans-serif;\">Ev jin yek ji rojnamevan\u00ean PKK\u00ea ye. Ew p\u00eerozbahiy\u00ea li Mazlum Abd\u00ee dike ji ber ku b\u00fbye \u015f\u00eawirmend\u00ea Ahmet \u015eara.<\/span><\/h3>\n<h3 style=\"text-align: justify;\">L\u00ea gelo di rastiy\u00ea de div\u00ea p\u00eerozkirin b\u00ea kirin an rexne?<\/h3>\n<h3 style=\"text-align: justify;\">Kurd\u00ean ji her \u00e7ar per\u00e7ey\u00ean Kurdistan\u00ea her ti\u015ft\u00ea ku ji dest\u00ea wan dihat ji bo Rojava kirin. Kurd\u00ean ji her \u00e7ar per\u00e7eyan ji bo Rojava \u015fer kirin. Bi dehan caran al\u00eekariya daray\u00ee hat day\u00een. \u00c7ek hatin day\u00een. Kurd ji bo Rojava b\u00fbn mertal.<\/h3>\n<h3 style=\"text-align: justify;\">Kurd\u00ean li Rojava 17,000 \u015feh\u00eed dan. N\u00eaz\u00eek\u00ee 4,000 ji wan siv\u00eel b\u00fbn.<\/h3>\n<h3 style=\"text-align: justify;\">Bi hezaran kes\u00ean ji Efr\u00een ax\u00ean xwe terikandin \u00fb bi salan li kampan \u00fb li kolanan jiyan, rew\u015fa penaberiy\u00ea ya giran d\u00eetin.<\/h3>\n<h3 style=\"text-align: justify;\">Kurd\u00ean li Ser\u00ea Kaniye \u00fb Gir\u00ea Sp\u00ee ko\u00e7ber b\u00fbn \u00fb h\u00een j\u00ee nikarin vegerin.<\/h3>\n<h3 style=\"text-align: justify;\">Gel\u00ea Rojava \u015fer \u00fb trawmayek giran jiyan kir; demografiya bajar\u00ean Kurdan t\u00eak \u00e7\u00fb. Malbat hatin w\u00earankirin, belav b\u00fbn.<\/h3>\n<h3 style=\"text-align: justify;\">Gelo Kurdan, \u00fb bi taybet\u00ee gel\u00ea Rojava, ev bedel\u00ean giran dan da ku Mezl\u00fbm Ebd\u00ee bibe \u015f\u00eawirmend\u00ea serokatiy\u00ea?<\/h3>\n<h3 style=\"text-align: justify;\">B\u00ea guman na. Kurdan ev bedel ji bo welatek\u00ee azad, maf\u00ea xwer\u00eaveberiy\u00ea, maf\u00ea perwerdehiy\u00ea bi ziman\u00ea dayik\u00ea \u00fb maf\u00ea kontrolkirina dewlemendiya axa xwe dan.<\/h3>\n<h3 style=\"text-align: justify;\">L\u00ea niha, gel\u00ea Rojava di rew\u015fek xirabtir de ye ji 5 sal ber\u00ea.<\/h3>\n<h3 style=\"text-align: justify;\">Ziman\u00ea Kurd\u00ee ber\u00ea ten\u00ea ziman b\u00fb; niha ew bijarte ye.<\/h3>\n<h3 style=\"text-align: justify;\">Dahata petrol \u00fb gaz\u00ea di dest\u00ea Kurdan de b\u00fb; niha ne.<\/h3>\n<h3 style=\"text-align: justify;\">Bendav \u00fb \u00e7avkaniy\u00ean av\u00ea di dest\u00ea Kurdan de b\u00fbn; niha ne.<\/h3>\n<h3 style=\"text-align: justify;\">Deriy\u00ean s\u00eenor di dest\u00ea Kurdan de b\u00fbn; niha ne.<\/h3>\n<h3 style=\"text-align: justify;\">Saz\u00ee di dest\u00ea Kurdan de b\u00fbn; niha ne.<\/h3>\n<h3 style=\"text-align: justify;\">Kurdan li Rojava winda kirin.<\/h3>\n<h3 style=\"text-align: justify;\">Her \u00e7end her ti\u015ft ewqas zelal be j\u00ee, ji me t\u00ea xwestin ku em p\u00eeroz bikin ku Mezl\u00fbm Ebd\u00ee b\u00fbye \u015f\u00eawirmend.<\/h3>\n<h3 style=\"text-align: justify;\">Abdullah \u00d6calan \u015f\u00eawirmend\u00ea Erdogan \u00fb dewleta Tirkiy\u00ea ye\u2026<\/h3>\n<h3 style=\"text-align: justify;\">Mezl\u00fbm Ebd\u00ee \u015f\u00eawirmend\u00ea Ehmed \u015eara y\u00ea Komara Ereb\u00ee ya S\u00fbriyey\u00ea ye\u2026<\/h3>\n<h3 style=\"text-align: justify;\">Gelo Kurdan ev bedel ten\u00ea ji bo ku kesek bibe \u015f\u00eawirmend dan?<\/h3>\n<h3 style=\"text-align: justify;\">Na\u2026<\/h3>\n<h3 style=\"text-align: justify;\">Em p\u00eerozbahiy\u00ea li Mezl\u00fbm Ebd\u00ee nakin. Berevaj\u00ee v\u00ea, em rexney\u00ea li w\u00ee dikin.<\/h3>\n<h3 style=\"text-align: justify;\">Wek\u00ee \u015f\u00eawirmend\u00ea Ehmed \u015eara, w\u00ee Ehmed \u015eara, serok\u00ea r\u00eaxistinek\u00ea ku jin\u00ean \u00caz\u00eed\u00ee li s\u00fbk\u00ea difirot, rewa kir. Wek\u00ee \u015f\u00eawirmend\u00ea Ehmed \u015eara, Mazlum Ebd\u00ee peyamek ji c\u00eehan\u00ea re \u015fand ku &#8220;\u00ead\u00ee pirsgir\u00eaka Kurd li S\u00fbriyey\u00ea tune.&#8221;<\/h3>\n<h3 style=\"text-align: justify;\">Mezl\u00fbm Ebd\u00ee r\u00ea li ber Kurdan girt ku, wek\u00ee be\u015fek ji Komara Ereb\u00ee ya S\u00fbriyey\u00ea, maf\u00ean xwe y\u00ean wek\u00ee neteweyek Kurd ji dewlet\u00ea bixwazin.<\/h3>\n<h3 style=\"text-align: justify;\">Kurdan pi\u015ftgir\u00eeya w\u00ee kirin, \u015eah\u00een Kobaniy\u00ea PKK\u2019ey\u00ee bi nav\u00ea &#8220;General Mezl\u00fbm&#8221; bi nav kirin. L\u00ea ew b\u00fb piyonek di siyaseta entegrasyon\u00ea ya \u00d6calan de, b\u00fb welatiy\u00ea S\u00fbriyey\u00ea Mustafa Xel\u00eel Ebd\u00ee.<\/h3>\n<p>[\/darkamazi_column_text][\/darkamazi_column][\/darkamazi_row]<\/p>\n<\/div>","protected":false},"excerpt":{"rendered":"<p>[darkamazi_row][darkamazi_column][darkamazi_video link=&#8221;https:\/\/www.youtube.com\/watch?v=py9h260nlyk&#8221; el_width=&#8221;100&#8243;][darkamazi_column_text] Ev jin yek ji rojnamevan\u00ean PKK\u00ea ye. Ew p\u00eerozbahiy\u00ea li Mazlum Abd\u00ee dike ji ber ku b\u00fbye \u015f\u00eawirmend\u00ea Ahmet \u015eara. L\u00ea gelo di rastiy\u00ea de div\u00ea p\u00eerozkirin b\u00ea kirin an rexne? Kurd\u00ean ji her \u00e7ar per\u00e7ey\u00ean Kurdistan\u00ea her ti\u015ft\u00ea ku ji dest\u00ea wan dihat ji bo Rojava kirin. Kurd\u00ean ji her \u00e7ar [&hellip;]<\/p>\n","protected":false},"author":2,"featured_media":1054047,"comment_status":"closed","ping_status":"closed","sticky":false,"template":"epic_custom_post_template-1006382","format":"standard","meta":{"footnotes":""},"categories":[65],"tags":[37],"class_list":["post-1054045","post","type-post","status-publish","format-standard","has-post-thumbnail","hentry","category-vidiyo","tag-sereke"],"blocksy_meta":{"styles_descriptor":{"styles":{"desktop":"","tablet":"","mobile":""},"google_fonts":[],"version":7}},"seo_head":"<!-- This site is optimized with the Yoast SEO plugin v28.3 - https:\/\/yoast.com\/product\/yoast-seo-wordpress\/ -->\n<title>General Mezl\u00fbm e? \u015eah\u00een Koban\u00ee ye? yanj\u00ee Mistefa Xel\u00eel Ebd\u00ee ye? - Darka Maz\u00ee<\/title>\n<meta name=\"robots\" content=\"index, follow, max-snippet:-1, max-image-preview:large, max-video-preview:-1\" \/>\n<link rel=\"canonical\" href=\"https:\/\/darkamazi.info\/archives\/1054045\" \/>\n<meta property=\"og:locale\" content=\"en_US\" \/>\n<meta property=\"og:type\" content=\"article\" \/>\n<meta property=\"og:title\" content=\"General Mezl\u00fbm e? \u015eah\u00een Koban\u00ee ye? yanj\u00ee Mistefa Xel\u00eel Ebd\u00ee ye? - Darka Maz\u00ee\" \/>\n<meta property=\"og:description\" content=\"[darkamazi_row][darkamazi_column][darkamazi_video link=&#8221;https:\/\/www.youtube.com\/watch?v=py9h260nlyk&#8221; el_width=&#8221;100&#8243;][darkamazi_column_text] Ev jin yek ji rojnamevan\u00ean PKK\u00ea ye. Ew p\u00eerozbahiy\u00ea li Mazlum Abd\u00ee dike ji ber ku b\u00fbye \u015f\u00eawirmend\u00ea Ahmet \u015eara. L\u00ea gelo di rastiy\u00ea de div\u00ea p\u00eerozkirin b\u00ea kirin an rexne? Kurd\u00ean ji her \u00e7ar per\u00e7ey\u00ean Kurdistan\u00ea her ti\u015ft\u00ea ku ji dest\u00ea wan dihat ji bo Rojava kirin. Kurd\u00ean ji her \u00e7ar [&hellip;]\" \/>\n<meta property=\"og:url\" content=\"https:\/\/darkamazi.info\/archives\/1054045\" \/>\n<meta property=\"og:site_name\" content=\"Darka Maz\u00ee\" \/>\n<meta property=\"article:publisher\" content=\"https:\/\/www.facebook.com\/DarMaziKurmanci\" \/>\n<meta property=\"article:published_time\" content=\"2026-08-30T14:58:31+00:00\" \/>\n<meta property=\"og:image\" content=\"https:\/\/darkamazi.info\/file\/2026\/08\/mezlum-ebdi.jpg\" \/>\n\t<meta property=\"og:image:width\" content=\"900\" \/>\n\t<meta property=\"og:image:height\" content=\"500\" \/>\n\t<meta property=\"og:image:type\" content=\"image\/jpeg\" \/>\n<meta name=\"author\" content=\"darka mazi\" \/>\n<meta name=\"twitter:card\" content=\"summary_large_image\" \/>\n<meta name=\"twitter:creator\" content=\"@DarkaMaziLatini\" \/>\n<meta name=\"twitter:site\" content=\"@DarkaMaziLatini\" \/>\n<meta name=\"twitter:label1\" content=\"Written by\" \/>\n\t<meta name=\"twitter:data1\" content=\"darka mazi\" \/>\n\t<meta name=\"twitter:label2\" content=\"Est. reading time\" \/>\n\t<meta name=\"twitter:data2\" content=\"2 minutes\" \/>\n<script type=\"application\/ld+json\" class=\"seo-schema-graph\">{\"@context\":\"https:\\\/\\\/schema.org\",\"@graph\":[{\"@type\":\"Article\",\"@id\":\"https:\\\/\\\/darkamazi.info\\\/archives\\\/1054045#article\",\"isPartOf\":{\"@id\":\"https:\\\/\\\/darkamazi.info\\\/archives\\\/1054045\"},\"author\":{\"name\":\"darka mazi\",\"@id\":\"https:\\\/\\\/darkamazi.info\\\/#\\\/schema\\\/person\\\/5ad3e24553a0567993fa8ed4bd0a776c\"},\"headline\":\"General Mezl\u00fbm e? \u015eah\u00een Koban\u00ee ye? yanj\u00ee Mistefa Xel\u00eel Ebd\u00ee ye?\",\"datePublished\":\"2026-08-30T14:58:31+00:00\",\"mainEntityOfPage\":{\"@id\":\"https:\\\/\\\/darkamazi.info\\\/archives\\\/1054045\"},\"wordCount\":502,\"publisher\":{\"@id\":\"https:\\\/\\\/darkamazi.info\\\/#organization\"},\"image\":{\"@id\":\"https:\\\/\\\/darkamazi.info\\\/archives\\\/1054045#primaryimage\"},\"thumbnailUrl\":\"https:\\\/\\\/darkamazi.info\\\/darka-content\\\/uploads\\\/2026\\\/08\\\/mezlum-ebdi.jpg\",\"keywords\":[\"sereke\"],\"articleSection\":[\"V\u00eed\u00eeyo\"],\"inLanguage\":\"en-US\"},{\"@type\":\"WebPage\",\"@id\":\"https:\\\/\\\/darkamazi.info\\\/archives\\\/1054045\",\"url\":\"https:\\\/\\\/darkamazi.info\\\/archives\\\/1054045\",\"name\":\"General Mezl\u00fbm e? \u015eah\u00een Koban\u00ee ye? yanj\u00ee Mistefa Xel\u00eel Ebd\u00ee ye? - Darka Maz\u00ee\",\"isPartOf\":{\"@id\":\"https:\\\/\\\/darkamazi.info\\\/#website\"},\"primaryImageOfPage\":{\"@id\":\"https:\\\/\\\/darkamazi.info\\\/archives\\\/1054045#primaryimage\"},\"image\":{\"@id\":\"https:\\\/\\\/darkamazi.info\\\/archives\\\/1054045#primaryimage\"},\"thumbnailUrl\":\"https:\\\/\\\/darkamazi.info\\\/darka-content\\\/uploads\\\/2026\\\/08\\\/mezlum-ebdi.jpg\",\"datePublished\":\"2026-08-30T14:58:31+00:00\",\"breadcrumb\":{\"@id\":\"https:\\\/\\\/darkamazi.info\\\/archives\\\/1054045#breadcrumb\"},\"inLanguage\":\"en-US\",\"potentialAction\":[{\"@type\":\"ReadAction\",\"target\":[\"https:\\\/\\\/darkamazi.info\\\/archives\\\/1054045\"]}]},{\"@type\":\"ImageObject\",\"inLanguage\":\"en-US\",\"@id\":\"https:\\\/\\\/darkamazi.info\\\/archives\\\/1054045#primaryimage\",\"url\":\"https:\\\/\\\/darkamazi.info\\\/darka-content\\\/uploads\\\/2026\\\/08\\\/mezlum-ebdi.jpg\",\"contentUrl\":\"https:\\\/\\\/darkamazi.info\\\/darka-content\\\/uploads\\\/2026\\\/08\\\/mezlum-ebdi.jpg\",\"width\":900,\"height\":500,\"caption\":\"General Mezl\u00fbm e? \u015eah\u00een Koban\u00ee ye? yanj\u00ee Mistefa Xel\u00eel Ebd\u00ee ye?\"},{\"@type\":\"BreadcrumbList\",\"@id\":\"https:\\\/\\\/darkamazi.info\\\/archives\\\/1054045#breadcrumb\",\"itemListElement\":[{\"@type\":\"ListItem\",\"position\":1,\"name\":\"Home\",\"item\":\"https:\\\/\\\/darkamazi.info\\\/\"},{\"@type\":\"ListItem\",\"position\":2,\"name\":\"General Mezl\u00fbm e? \u015eah\u00een Koban\u00ee ye? yanj\u00ee Mistefa Xel\u00eel Ebd\u00ee ye?\"}]},{\"@type\":\"WebSite\",\"@id\":\"https:\\\/\\\/darkamazi.info\\\/#website\",\"url\":\"https:\\\/\\\/darkamazi.info\\\/\",\"name\":\"Darka Maz\u00ee\",\"description\":\"P\u00eageha Zanyariy\u00ean Nebih\u00eest\u00ee\",\"publisher\":{\"@id\":\"https:\\\/\\\/darkamazi.info\\\/#organization\"},\"potentialAction\":[{\"@type\":\"SearchAction\",\"target\":{\"@type\":\"EntryPoint\",\"urlTemplate\":\"https:\\\/\\\/darkamazi.info\\\/?s={search_term_string}\"},\"query-input\":{\"@type\":\"PropertyValueSpecification\",\"valueRequired\":true,\"valueName\":\"search_term_string\"}}],\"inLanguage\":\"en-US\"},{\"@type\":\"Organization\",\"@id\":\"https:\\\/\\\/darkamazi.info\\\/#organization\",\"name\":\"Darka Maz\u00ee\",\"url\":\"https:\\\/\\\/darkamazi.info\\\/\",\"logo\":{\"@type\":\"ImageObject\",\"inLanguage\":\"en-US\",\"@id\":\"https:\\\/\\\/darkamazi.info\\\/#\\\/schema\\\/logo\\\/image\\\/\",\"url\":\"https:\\\/\\\/darkamazi.info\\\/darka-content\\\/uploads\\\/2017\\\/12\\\/darka-mazi-logo.png\",\"contentUrl\":\"https:\\\/\\\/darkamazi.info\\\/darka-content\\\/uploads\\\/2017\\\/12\\\/darka-mazi-logo.png\",\"width\":151,\"height\":75,\"caption\":\"Darka Maz\u00ee\"},\"image\":{\"@id\":\"https:\\\/\\\/darkamazi.info\\\/#\\\/schema\\\/logo\\\/image\\\/\"},\"sameAs\":[\"https:\\\/\\\/www.facebook.com\\\/DarMaziKurmanci\",\"https:\\\/\\\/x.com\\\/DarkaMaziLatini\",\"https:\\\/\\\/www.instagram.com\\\/darkamazi.kurmanci\\\/\",\"https:\\\/\\\/www.youtube.com\\\/channel\\\/UCa5HkTdmI8U1qCUFuTw8B2g\"]},{\"@type\":\"Person\",\"@id\":\"https:\\\/\\\/darkamazi.info\\\/#\\\/schema\\\/person\\\/5ad3e24553a0567993fa8ed4bd0a776c\",\"name\":\"darka mazi\",\"sameAs\":[\"https:\\\/\\\/darkamazi.info\\\/\"],\"url\":\"https:\\\/\\\/darkamazi.info\\\/archives\\\/author\\\/kurdi\"}]}<\/script>\n<!-- \/ Yoast SEO plugin. -->","seo_head_json":{"title":"General Mezl\u00fbm e? \u015eah\u00een Koban\u00ee ye? yanj\u00ee Mistefa Xel\u00eel Ebd\u00ee ye? - Darka Maz\u00ee","robots":{"index":"index","follow":"follow","max-snippet":"max-snippet:-1","max-image-preview":"max-image-preview:large","max-video-preview":"max-video-preview:-1"},"canonical":"https:\/\/darkamazi.info\/archives\/1054045","og_locale":"en_US","og_type":"article","og_title":"General Mezl\u00fbm e? \u015eah\u00een Koban\u00ee ye? yanj\u00ee Mistefa Xel\u00eel Ebd\u00ee ye? - Darka Maz\u00ee","og_description":"[darkamazi_row][darkamazi_column][darkamazi_video link=&#8221;https:\/\/www.youtube.com\/watch?v=py9h260nlyk&#8221; el_width=&#8221;100&#8243;][darkamazi_column_text] Ev jin yek ji rojnamevan\u00ean PKK\u00ea ye. Ew p\u00eerozbahiy\u00ea li Mazlum Abd\u00ee dike ji ber ku b\u00fbye \u015f\u00eawirmend\u00ea Ahmet \u015eara. L\u00ea gelo di rastiy\u00ea de div\u00ea p\u00eerozkirin b\u00ea kirin an rexne? Kurd\u00ean ji her \u00e7ar per\u00e7ey\u00ean Kurdistan\u00ea her ti\u015ft\u00ea ku ji dest\u00ea wan dihat ji bo Rojava kirin. Kurd\u00ean ji her \u00e7ar [&hellip;]","og_url":"https:\/\/darkamazi.info\/archives\/1054045","og_site_name":"Darka Maz\u00ee","article_publisher":"https:\/\/www.facebook.com\/DarMaziKurmanci","article_published_time":"2026-08-30T14:58:31+00:00","og_image":[{"width":900,"height":500,"url":"https:\/\/darkamazi.info\/file\/2026\/08\/mezlum-ebdi.jpg","type":"image\/jpeg"}],"author":"darka mazi","twitter_card":"summary_large_image","twitter_creator":"@DarkaMaziLatini","twitter_site":"@DarkaMaziLatini","twitter_misc":{"Written by":"darka mazi","Est. reading time":"2 minutes"},"schema":{"@context":"https:\/\/schema.org","@graph":[{"@type":"Article","@id":"https:\/\/darkamazi.info\/archives\/1054045#article","isPartOf":{"@id":"https:\/\/darkamazi.info\/archives\/1054045"},"author":{"name":"darka mazi","@id":"https:\/\/darkamazi.info\/#\/schema\/person\/5ad3e24553a0567993fa8ed4bd0a776c"},"headline":"General Mezl\u00fbm e? \u015eah\u00een Koban\u00ee ye? yanj\u00ee Mistefa Xel\u00eel Ebd\u00ee ye?","datePublished":"2026-08-30T14:58:31+00:00","mainEntityOfPage":{"@id":"https:\/\/darkamazi.info\/archives\/1054045"},"wordCount":502,"publisher":{"@id":"https:\/\/darkamazi.info\/#organization"},"image":{"@id":"https:\/\/darkamazi.info\/archives\/1054045#primaryimage"},"thumbnailUrl":"https:\/\/darkamazi.info\/file\/2026\/08\/mezlum-ebdi.jpg","keywords":["sereke"],"articleSection":["V\u00eed\u00eeyo"],"inLanguage":"en-US"},{"@type":"WebPage","@id":"https:\/\/darkamazi.info\/archives\/1054045","url":"https:\/\/darkamazi.info\/archives\/1054045","name":"General Mezl\u00fbm e? \u015eah\u00een Koban\u00ee ye? yanj\u00ee Mistefa Xel\u00eel Ebd\u00ee ye? - Darka Maz\u00ee","isPartOf":{"@id":"https:\/\/darkamazi.info\/#website"},"primaryImageOfPage":{"@id":"https:\/\/darkamazi.info\/archives\/1054045#primaryimage"},"image":{"@id":"https:\/\/darkamazi.info\/archives\/1054045#primaryimage"},"thumbnailUrl":"https:\/\/darkamazi.info\/file\/2026\/08\/mezlum-ebdi.jpg","datePublished":"2026-08-30T14:58:31+00:00","breadcrumb":{"@id":"https:\/\/darkamazi.info\/archives\/1054045#breadcrumb"},"inLanguage":"en-US","potentialAction":[{"@type":"ReadAction","target":["https:\/\/darkamazi.info\/archives\/1054045"]}]},{"@type":"ImageObject","inLanguage":"en-US","@id":"https:\/\/darkamazi.info\/archives\/1054045#primaryimage","url":"https:\/\/darkamazi.info\/file\/2026\/08\/mezlum-ebdi.jpg","contentUrl":"https:\/\/darkamazi.info\/file\/2026\/08\/mezlum-ebdi.jpg","width":900,"height":500,"caption":"General Mezl\u00fbm e? \u015eah\u00een Koban\u00ee ye? yanj\u00ee Mistefa Xel\u00eel Ebd\u00ee ye?"},{"@type":"BreadcrumbList","@id":"https:\/\/darkamazi.info\/archives\/1054045#breadcrumb","itemListElement":[{"@type":"ListItem","position":1,"name":"Home","item":"https:\/\/darkamazi.info\/"},{"@type":"ListItem","position":2,"name":"General Mezl\u00fbm e? \u015eah\u00een Koban\u00ee ye? yanj\u00ee Mistefa Xel\u00eel Ebd\u00ee ye?"}]},{"@type":"WebSite","@id":"https:\/\/darkamazi.info\/#website","url":"https:\/\/darkamazi.info\/","name":"Darka Maz\u00ee","description":"P\u00eageha Zanyariy\u00ean Nebih\u00eest\u00ee","publisher":{"@id":"https:\/\/darkamazi.info\/#organization"},"potentialAction":[{"@type":"SearchAction","target":{"@type":"EntryPoint","urlTemplate":"https:\/\/darkamazi.info\/?s={search_term_string}"},"query-input":{"@type":"PropertyValueSpecification","valueRequired":true,"valueName":"search_term_string"}}],"inLanguage":"en-US"},{"@type":"Organization","@id":"https:\/\/darkamazi.info\/#organization","name":"Darka Maz\u00ee","url":"https:\/\/darkamazi.info\/","logo":{"@type":"ImageObject","inLanguage":"en-US","@id":"https:\/\/darkamazi.info\/#\/schema\/logo\/image\/","url":"https:\/\/darkamazi.info\/file\/2017\/12\/darka-mazi-logo.png","contentUrl":"https:\/\/darkamazi.info\/file\/2017\/12\/darka-mazi-logo.png","width":151,"height":75,"caption":"Darka Maz\u00ee"},"image":{"@id":"https:\/\/darkamazi.info\/#\/schema\/logo\/image\/"},"sameAs":["https:\/\/www.facebook.com\/DarMaziKurmanci","https:\/\/x.com\/DarkaMaziLatini","https:\/\/www.instagram.com\/darkamazi.kurmanci\/","https:\/\/www.youtube.com\/channel\/UCa5HkTdmI8U1qCUFuTw8B2g"]},{"@type":"Person","@id":"https:\/\/darkamazi.info\/#\/schema\/person\/5ad3e24553a0567993fa8ed4bd0a776c","name":"darka mazi","sameAs":["https:\/\/darkamazi.info\/"],"url":"https:\/\/darkamazi.info\/archives\/author\/kurdi"}]}},"_links":{"self":[{"href":"https:\/\/darkamazi.info\/funavuv\/wp\/v2\/posts\/1054045","targetHints":{"allow":["GET"]}}],"collection":[{"href":"https:\/\/darkamazi.info\/funavuv\/wp\/v2\/posts"}],"about":[{"href":"https:\/\/darkamazi.info\/funavuv\/wp\/v2\/types\/post"}],"author":[{"embeddable":true,"href":"https:\/\/darkamazi.info\/funavuv\/wp\/v2\/users\/2"}],"replies":[{"embeddable":true,"href":"https:\/\/darkamazi.info\/funavuv\/wp\/v2\/comments?post=1054045"}],"version-history":[{"count":3,"href":"https:\/\/darkamazi.info\/funavuv\/wp\/v2\/posts\/1054045\/revisions"}],"predecessor-version":[{"id":1054049,"href":"https:\/\/darkamazi.info\/funavuv\/wp\/v2\/posts\/1054045\/revisions\/1054049"}],"wp:featuredmedia":[{"embeddable":true,"href":"https:\/\/darkamazi.info\/funavuv\/wp\/v2\/media\/1054047"}],"wp:attachment":[{"href":"https:\/\/darkamazi.info\/funavuv\/wp\/v2\/media?parent=1054045"}],"wp:term":[{"taxonomy":"category","embeddable":true,"href":"https:\/\/darkamazi.info\/funavuv\/wp\/v2\/categories?post=1054045"},{"taxonomy":"post_tag","embeddable":true,"href":"https:\/\/darkamazi.info\/funavuv\/wp\/v2\/tags?post=1054045"}],"curies":[{"name":"wp","href":"https:\/\/api.w.org\/{rel}","templated":true}]}}