{"id":1054050,"date":"2026-08-31T10:59:01","date_gmt":"2026-08-31T07:59:01","guid":{"rendered":"https:\/\/darkamazi.info\/?p=1054050"},"modified":"2026-08-31T10:59:01","modified_gmt":"2026-08-31T07:59:01","slug":"mustafa-ozcelik-careke-din-wek-seroke-gisti-hat-hilbijartin","status":"publish","type":"post","link":"https:\/\/darkamazi.info\/archives\/1054050","title":{"rendered":"Mustafa Oz\u00e7el\u00eek careke din wek Serok\u00ea Gi\u015ft\u00ee hat hilbijartin"},"content":{"rendered":"<h3 style=\"text-align: justify;\"><span style=\"font-family: 'arial black', sans-serif;\">Partiya Welatpar\u00eaz\u00ean Kurdistan\u00ea (PWK) 2\u2019yem\u00een Kongreya xwe ya Gi\u015ft\u00ee li bajar\u00ea Diyarbekir\u00ea li dar xist. Di encama hilbijartina di kongrey\u00ea de, Mustafa Oz\u00e7el\u00eek bi yekdeng\u00ee careke din wek\u00ee Serok\u00ea Gi\u015ft\u00ee y\u00ea PWK\u2019\u00ea hat hilbijartin.<\/span><\/h3>\n<h3 style=\"text-align: justify;\" data-path-to-node=\"3\">Li gor\u00ee daxuyaniya ku \u00eero ji aliy\u00ea PWK\u2019\u00ea ve hat belavkirin, kongre duh, 30\u00ea Tebaxa 2026an, hat encamdan. Ji ber ku meras\u00eema cinazey\u00ea siyasetmedar \u00fb kedkar\u00ea doza azadiya Kurdistan\u00ea Mehd\u00ee Zana di heman dem\u00ea de b\u00fb, di bernameya destp\u00eak\u00ea ya kongrey\u00ea de hinek guhertin hatin kirin. Ji ber meras\u00eem\u00ea, gelek n\u00fbner\u00ean saziy\u00ean siv\u00eel, siyasetmedar \u00fb rojnamevan di saet\u00ean destp\u00eak\u00ea de tevl\u00ee bernamey\u00ea neb\u00fbn.<\/h3>\n<h3 style=\"text-align: justify;\" data-path-to-node=\"4\">C\u00eegir\u00ea Serok\u00ea Gi\u015ft\u00ee y\u00ea PWK\u2019\u00ea Mehmet Can Azbay, ku heval\u00ea girt\u00eegeh\u00ea y\u00ea Mehd\u00ee Zana y\u00ea ji Girt\u00eegeha No 5 a Diyarbekir\u00ea b\u00fb, li ber B\u00eenaya \u015earedariya Bajar\u00ea Mezin a Amed\u00ea di meras\u00eema oxirkirin\u00ea de axaftinek p\u00ea\u015fk\u00ea\u015f kir. Pi\u015ft\u00ee bidaw\u00eeb\u00fbna meras\u00eem\u00ea, delege \u00fb m\u00eavan vegeryan salona kongrey\u00ea \u00fb be\u015fa duyem\u00een a bernamey\u00ea dest p\u00ea kir.<\/h3>\n<h3 style=\"text-align: justify;\" data-path-to-node=\"5\">Di be\u015fa duyem\u00een de, Serok\u00ea Gi\u015ft\u00ee Mustafa Oz\u00e7el\u00eek li ser ge\u015fedan\u00ean siyas\u00ee y\u00ean rojev\u00ea \u00fb n\u00ear\u00een\u00ean PWK\u2019\u00ea daxuyaniyeke berfireh da. Kongre veguher\u00ee qada hevgirtineke netewey\u00ee; ji her \u00e7ar par\u00e7ey\u00ean Kurdistan\u00ea n\u00fbner\u00ean part\u00ee \u00fb tevger\u00ean siyas\u00ee be\u015fdar b\u00fbn an j\u00ee bi r\u00eaya peyaman pi\u015ftgiriya xwe an\u00een ziman.<\/h3>\n<h3 style=\"text-align: justify;\" data-path-to-node=\"6\">Di be\u015fa pi\u015ft\u00ee n\u00eevro de, ku ten\u00ea bi be\u015fdariya delegey\u00ean ferm\u00ee bir\u00eave \u00e7\u00fb, proseya hilbijartin\u00ea hat kirin. Mustafa Oz\u00e7el\u00eek bi yekdengiya delegeyan ji n\u00fb ve wek Serok\u00ea Gi\u015ft\u00ee hat hilbijartin. Herwiha endam\u00ean Mecl\u00eesa Partiy\u00ea ya n\u00fb j\u00ee hatin diyarkirin, ku be\u015fdariya ciwanan di nav organ\u00ean r\u00eaveberiy\u00ea de bal ki\u015fand.<\/h3>\n","protected":false},"excerpt":{"rendered":"<p>Partiya Welatpar\u00eaz\u00ean Kurdistan\u00ea (PWK) 2\u2019yem\u00een Kongreya xwe ya Gi\u015ft\u00ee li bajar\u00ea Diyarbekir\u00ea li dar xist. Di encama hilbijartina di kongrey\u00ea de, Mustafa Oz\u00e7el\u00eek bi yekdeng\u00ee careke din wek\u00ee Serok\u00ea Gi\u015ft\u00ee y\u00ea PWK\u2019\u00ea hat hilbijartin. Li gor\u00ee daxuyaniya ku \u00eero ji aliy\u00ea PWK\u2019\u00ea ve hat belavkirin, kongre duh, 30\u00ea Tebaxa 2026an, hat encamdan. Ji ber ku [&hellip;]<\/p>\n","protected":false},"author":2,"featured_media":1054051,"comment_status":"closed","ping_status":"closed","sticky":false,"template":"","format":"standard","meta":{"footnotes":""},"categories":[29],"tags":[37],"class_list":["post-1054050","post","type-post","status-publish","format-standard","has-post-thumbnail","hentry","category-kurdistan","tag-sereke"],"blocksy_meta":{"styles_descriptor":{"styles":{"desktop":"","tablet":"","mobile":""},"google_fonts":[],"version":7}},"seo_head":"<!-- This site is optimized with the Yoast SEO plugin v28.3 - https:\/\/yoast.com\/product\/yoast-seo-wordpress\/ -->\n<title>Mustafa Oz\u00e7el\u00eek careke din wek Serok\u00ea Gi\u015ft\u00ee hat hilbijartin - Darka Maz\u00ee<\/title>\n<meta name=\"robots\" content=\"index, follow, max-snippet:-1, max-image-preview:large, max-video-preview:-1\" \/>\n<link rel=\"canonical\" href=\"https:\/\/darkamazi.info\/archives\/1054050\" \/>\n<meta property=\"og:locale\" content=\"en_US\" \/>\n<meta property=\"og:type\" content=\"article\" \/>\n<meta property=\"og:title\" content=\"Mustafa Oz\u00e7el\u00eek careke din wek Serok\u00ea Gi\u015ft\u00ee hat hilbijartin - Darka Maz\u00ee\" \/>\n<meta property=\"og:description\" content=\"Partiya Welatpar\u00eaz\u00ean Kurdistan\u00ea (PWK) 2\u2019yem\u00een Kongreya xwe ya Gi\u015ft\u00ee li bajar\u00ea Diyarbekir\u00ea li dar xist. Di encama hilbijartina di kongrey\u00ea de, Mustafa Oz\u00e7el\u00eek bi yekdeng\u00ee careke din wek\u00ee Serok\u00ea Gi\u015ft\u00ee y\u00ea PWK\u2019\u00ea hat hilbijartin. Li gor\u00ee daxuyaniya ku \u00eero ji aliy\u00ea PWK\u2019\u00ea ve hat belavkirin, kongre duh, 30\u00ea Tebaxa 2026an, hat encamdan. Ji ber ku [&hellip;]\" \/>\n<meta property=\"og:url\" content=\"https:\/\/darkamazi.info\/archives\/1054050\" \/>\n<meta property=\"og:site_name\" content=\"Darka Maz\u00ee\" \/>\n<meta property=\"article:publisher\" content=\"https:\/\/www.facebook.com\/DarMaziKurmanci\" \/>\n<meta property=\"article:published_time\" content=\"2026-08-31T07:59:01+00:00\" \/>\n<meta property=\"og:image\" content=\"https:\/\/darkamazi.info\/file\/2026\/08\/mustafa-ozcelik.jpg\" \/>\n\t<meta property=\"og:image:width\" content=\"900\" \/>\n\t<meta property=\"og:image:height\" content=\"497\" \/>\n\t<meta property=\"og:image:type\" content=\"image\/jpeg\" \/>\n<meta name=\"author\" content=\"darka mazi\" \/>\n<meta name=\"twitter:card\" content=\"summary_large_image\" \/>\n<meta name=\"twitter:creator\" content=\"@DarkaMaziLatini\" \/>\n<meta name=\"twitter:site\" content=\"@DarkaMaziLatini\" \/>\n<meta name=\"twitter:label1\" content=\"Written by\" \/>\n\t<meta name=\"twitter:data1\" content=\"darka mazi\" \/>\n\t<meta name=\"twitter:label2\" content=\"Est. reading time\" \/>\n\t<meta name=\"twitter:data2\" content=\"2 minutes\" \/>\n<script type=\"application\/ld+json\" class=\"seo-schema-graph\">{\"@context\":\"https:\\\/\\\/schema.org\",\"@graph\":[{\"@type\":\"Article\",\"@id\":\"https:\\\/\\\/darkamazi.info\\\/archives\\\/1054050#article\",\"isPartOf\":{\"@id\":\"https:\\\/\\\/darkamazi.info\\\/archives\\\/1054050\"},\"author\":{\"name\":\"darka mazi\",\"@id\":\"https:\\\/\\\/darkamazi.info\\\/#\\\/schema\\\/person\\\/5ad3e24553a0567993fa8ed4bd0a776c\"},\"headline\":\"Mustafa Oz\u00e7el\u00eek careke din wek Serok\u00ea Gi\u015ft\u00ee hat hilbijartin\",\"datePublished\":\"2026-08-31T07:59:01+00:00\",\"mainEntityOfPage\":{\"@id\":\"https:\\\/\\\/darkamazi.info\\\/archives\\\/1054050\"},\"wordCount\":316,\"publisher\":{\"@id\":\"https:\\\/\\\/darkamazi.info\\\/#organization\"},\"image\":{\"@id\":\"https:\\\/\\\/darkamazi.info\\\/archives\\\/1054050#primaryimage\"},\"thumbnailUrl\":\"https:\\\/\\\/darkamazi.info\\\/darka-content\\\/uploads\\\/2026\\\/08\\\/mustafa-ozcelik.jpg\",\"keywords\":[\"sereke\"],\"articleSection\":[\"Kurdistan\"],\"inLanguage\":\"en-US\"},{\"@type\":\"WebPage\",\"@id\":\"https:\\\/\\\/darkamazi.info\\\/archives\\\/1054050\",\"url\":\"https:\\\/\\\/darkamazi.info\\\/archives\\\/1054050\",\"name\":\"Mustafa Oz\u00e7el\u00eek careke din wek Serok\u00ea Gi\u015ft\u00ee hat hilbijartin - Darka Maz\u00ee\",\"isPartOf\":{\"@id\":\"https:\\\/\\\/darkamazi.info\\\/#website\"},\"primaryImageOfPage\":{\"@id\":\"https:\\\/\\\/darkamazi.info\\\/archives\\\/1054050#primaryimage\"},\"image\":{\"@id\":\"https:\\\/\\\/darkamazi.info\\\/archives\\\/1054050#primaryimage\"},\"thumbnailUrl\":\"https:\\\/\\\/darkamazi.info\\\/darka-content\\\/uploads\\\/2026\\\/08\\\/mustafa-ozcelik.jpg\",\"datePublished\":\"2026-08-31T07:59:01+00:00\",\"breadcrumb\":{\"@id\":\"https:\\\/\\\/darkamazi.info\\\/archives\\\/1054050#breadcrumb\"},\"inLanguage\":\"en-US\",\"potentialAction\":[{\"@type\":\"ReadAction\",\"target\":[\"https:\\\/\\\/darkamazi.info\\\/archives\\\/1054050\"]}]},{\"@type\":\"ImageObject\",\"inLanguage\":\"en-US\",\"@id\":\"https:\\\/\\\/darkamazi.info\\\/archives\\\/1054050#primaryimage\",\"url\":\"https:\\\/\\\/darkamazi.info\\\/darka-content\\\/uploads\\\/2026\\\/08\\\/mustafa-ozcelik.jpg\",\"contentUrl\":\"https:\\\/\\\/darkamazi.info\\\/darka-content\\\/uploads\\\/2026\\\/08\\\/mustafa-ozcelik.jpg\",\"width\":900,\"height\":497,\"caption\":\"Mustafa Oz\u00e7el\u00eek careke din wek Serok\u00ea Gi\u015ft\u00ee hat hilbijartin\"},{\"@type\":\"BreadcrumbList\",\"@id\":\"https:\\\/\\\/darkamazi.info\\\/archives\\\/1054050#breadcrumb\",\"itemListElement\":[{\"@type\":\"ListItem\",\"position\":1,\"name\":\"Home\",\"item\":\"https:\\\/\\\/darkamazi.info\\\/\"},{\"@type\":\"ListItem\",\"position\":2,\"name\":\"Mustafa Oz\u00e7el\u00eek careke din wek Serok\u00ea Gi\u015ft\u00ee hat hilbijartin\"}]},{\"@type\":\"WebSite\",\"@id\":\"https:\\\/\\\/darkamazi.info\\\/#website\",\"url\":\"https:\\\/\\\/darkamazi.info\\\/\",\"name\":\"Darka Maz\u00ee\",\"description\":\"P\u00eageha Zanyariy\u00ean Nebih\u00eest\u00ee\",\"publisher\":{\"@id\":\"https:\\\/\\\/darkamazi.info\\\/#organization\"},\"potentialAction\":[{\"@type\":\"SearchAction\",\"target\":{\"@type\":\"EntryPoint\",\"urlTemplate\":\"https:\\\/\\\/darkamazi.info\\\/?s={search_term_string}\"},\"query-input\":{\"@type\":\"PropertyValueSpecification\",\"valueRequired\":true,\"valueName\":\"search_term_string\"}}],\"inLanguage\":\"en-US\"},{\"@type\":\"Organization\",\"@id\":\"https:\\\/\\\/darkamazi.info\\\/#organization\",\"name\":\"Darka Maz\u00ee\",\"url\":\"https:\\\/\\\/darkamazi.info\\\/\",\"logo\":{\"@type\":\"ImageObject\",\"inLanguage\":\"en-US\",\"@id\":\"https:\\\/\\\/darkamazi.info\\\/#\\\/schema\\\/logo\\\/image\\\/\",\"url\":\"https:\\\/\\\/darkamazi.info\\\/darka-content\\\/uploads\\\/2017\\\/12\\\/darka-mazi-logo.png\",\"contentUrl\":\"https:\\\/\\\/darkamazi.info\\\/darka-content\\\/uploads\\\/2017\\\/12\\\/darka-mazi-logo.png\",\"width\":151,\"height\":75,\"caption\":\"Darka Maz\u00ee\"},\"image\":{\"@id\":\"https:\\\/\\\/darkamazi.info\\\/#\\\/schema\\\/logo\\\/image\\\/\"},\"sameAs\":[\"https:\\\/\\\/www.facebook.com\\\/DarMaziKurmanci\",\"https:\\\/\\\/x.com\\\/DarkaMaziLatini\",\"https:\\\/\\\/www.instagram.com\\\/darkamazi.kurmanci\\\/\",\"https:\\\/\\\/www.youtube.com\\\/channel\\\/UCa5HkTdmI8U1qCUFuTw8B2g\"]},{\"@type\":\"Person\",\"@id\":\"https:\\\/\\\/darkamazi.info\\\/#\\\/schema\\\/person\\\/5ad3e24553a0567993fa8ed4bd0a776c\",\"name\":\"darka mazi\",\"sameAs\":[\"https:\\\/\\\/darkamazi.info\\\/\"],\"url\":\"https:\\\/\\\/darkamazi.info\\\/archives\\\/author\\\/kurdi\"}]}<\/script>\n<!-- \/ Yoast SEO plugin. -->","seo_head_json":{"title":"Mustafa Oz\u00e7el\u00eek careke din wek Serok\u00ea Gi\u015ft\u00ee hat hilbijartin - Darka Maz\u00ee","robots":{"index":"index","follow":"follow","max-snippet":"max-snippet:-1","max-image-preview":"max-image-preview:large","max-video-preview":"max-video-preview:-1"},"canonical":"https:\/\/darkamazi.info\/archives\/1054050","og_locale":"en_US","og_type":"article","og_title":"Mustafa Oz\u00e7el\u00eek careke din wek Serok\u00ea Gi\u015ft\u00ee hat hilbijartin - Darka Maz\u00ee","og_description":"Partiya Welatpar\u00eaz\u00ean Kurdistan\u00ea (PWK) 2\u2019yem\u00een Kongreya xwe ya Gi\u015ft\u00ee li bajar\u00ea Diyarbekir\u00ea li dar xist. Di encama hilbijartina di kongrey\u00ea de, Mustafa Oz\u00e7el\u00eek bi yekdeng\u00ee careke din wek\u00ee Serok\u00ea Gi\u015ft\u00ee y\u00ea PWK\u2019\u00ea hat hilbijartin. Li gor\u00ee daxuyaniya ku \u00eero ji aliy\u00ea PWK\u2019\u00ea ve hat belavkirin, kongre duh, 30\u00ea Tebaxa 2026an, hat encamdan. Ji ber ku [&hellip;]","og_url":"https:\/\/darkamazi.info\/archives\/1054050","og_site_name":"Darka Maz\u00ee","article_publisher":"https:\/\/www.facebook.com\/DarMaziKurmanci","article_published_time":"2026-08-31T07:59:01+00:00","og_image":[{"width":900,"height":497,"url":"https:\/\/darkamazi.info\/file\/2026\/08\/mustafa-ozcelik.jpg","type":"image\/jpeg"}],"author":"darka mazi","twitter_card":"summary_large_image","twitter_creator":"@DarkaMaziLatini","twitter_site":"@DarkaMaziLatini","twitter_misc":{"Written by":"darka mazi","Est. reading time":"2 minutes"},"schema":{"@context":"https:\/\/schema.org","@graph":[{"@type":"Article","@id":"https:\/\/darkamazi.info\/archives\/1054050#article","isPartOf":{"@id":"https:\/\/darkamazi.info\/archives\/1054050"},"author":{"name":"darka mazi","@id":"https:\/\/darkamazi.info\/#\/schema\/person\/5ad3e24553a0567993fa8ed4bd0a776c"},"headline":"Mustafa Oz\u00e7el\u00eek careke din wek Serok\u00ea Gi\u015ft\u00ee hat hilbijartin","datePublished":"2026-08-31T07:59:01+00:00","mainEntityOfPage":{"@id":"https:\/\/darkamazi.info\/archives\/1054050"},"wordCount":316,"publisher":{"@id":"https:\/\/darkamazi.info\/#organization"},"image":{"@id":"https:\/\/darkamazi.info\/archives\/1054050#primaryimage"},"thumbnailUrl":"https:\/\/darkamazi.info\/file\/2026\/08\/mustafa-ozcelik.jpg","keywords":["sereke"],"articleSection":["Kurdistan"],"inLanguage":"en-US"},{"@type":"WebPage","@id":"https:\/\/darkamazi.info\/archives\/1054050","url":"https:\/\/darkamazi.info\/archives\/1054050","name":"Mustafa Oz\u00e7el\u00eek careke din wek Serok\u00ea Gi\u015ft\u00ee hat hilbijartin - Darka Maz\u00ee","isPartOf":{"@id":"https:\/\/darkamazi.info\/#website"},"primaryImageOfPage":{"@id":"https:\/\/darkamazi.info\/archives\/1054050#primaryimage"},"image":{"@id":"https:\/\/darkamazi.info\/archives\/1054050#primaryimage"},"thumbnailUrl":"https:\/\/darkamazi.info\/file\/2026\/08\/mustafa-ozcelik.jpg","datePublished":"2026-08-31T07:59:01+00:00","breadcrumb":{"@id":"https:\/\/darkamazi.info\/archives\/1054050#breadcrumb"},"inLanguage":"en-US","potentialAction":[{"@type":"ReadAction","target":["https:\/\/darkamazi.info\/archives\/1054050"]}]},{"@type":"ImageObject","inLanguage":"en-US","@id":"https:\/\/darkamazi.info\/archives\/1054050#primaryimage","url":"https:\/\/darkamazi.info\/file\/2026\/08\/mustafa-ozcelik.jpg","contentUrl":"https:\/\/darkamazi.info\/file\/2026\/08\/mustafa-ozcelik.jpg","width":900,"height":497,"caption":"Mustafa Oz\u00e7el\u00eek careke din wek Serok\u00ea Gi\u015ft\u00ee hat hilbijartin"},{"@type":"BreadcrumbList","@id":"https:\/\/darkamazi.info\/archives\/1054050#breadcrumb","itemListElement":[{"@type":"ListItem","position":1,"name":"Home","item":"https:\/\/darkamazi.info\/"},{"@type":"ListItem","position":2,"name":"Mustafa Oz\u00e7el\u00eek careke din wek Serok\u00ea Gi\u015ft\u00ee hat hilbijartin"}]},{"@type":"WebSite","@id":"https:\/\/darkamazi.info\/#website","url":"https:\/\/darkamazi.info\/","name":"Darka Maz\u00ee","description":"P\u00eageha Zanyariy\u00ean Nebih\u00eest\u00ee","publisher":{"@id":"https:\/\/darkamazi.info\/#organization"},"potentialAction":[{"@type":"SearchAction","target":{"@type":"EntryPoint","urlTemplate":"https:\/\/darkamazi.info\/?s={search_term_string}"},"query-input":{"@type":"PropertyValueSpecification","valueRequired":true,"valueName":"search_term_string"}}],"inLanguage":"en-US"},{"@type":"Organization","@id":"https:\/\/darkamazi.info\/#organization","name":"Darka Maz\u00ee","url":"https:\/\/darkamazi.info\/","logo":{"@type":"ImageObject","inLanguage":"en-US","@id":"https:\/\/darkamazi.info\/#\/schema\/logo\/image\/","url":"https:\/\/darkamazi.info\/file\/2017\/12\/darka-mazi-logo.png","contentUrl":"https:\/\/darkamazi.info\/file\/2017\/12\/darka-mazi-logo.png","width":151,"height":75,"caption":"Darka Maz\u00ee"},"image":{"@id":"https:\/\/darkamazi.info\/#\/schema\/logo\/image\/"},"sameAs":["https:\/\/www.facebook.com\/DarMaziKurmanci","https:\/\/x.com\/DarkaMaziLatini","https:\/\/www.instagram.com\/darkamazi.kurmanci\/","https:\/\/www.youtube.com\/channel\/UCa5HkTdmI8U1qCUFuTw8B2g"]},{"@type":"Person","@id":"https:\/\/darkamazi.info\/#\/schema\/person\/5ad3e24553a0567993fa8ed4bd0a776c","name":"darka mazi","sameAs":["https:\/\/darkamazi.info\/"],"url":"https:\/\/darkamazi.info\/archives\/author\/kurdi"}]}},"_links":{"self":[{"href":"https:\/\/darkamazi.info\/funavuv\/wp\/v2\/posts\/1054050","targetHints":{"allow":["GET"]}}],"collection":[{"href":"https:\/\/darkamazi.info\/funavuv\/wp\/v2\/posts"}],"about":[{"href":"https:\/\/darkamazi.info\/funavuv\/wp\/v2\/types\/post"}],"author":[{"embeddable":true,"href":"https:\/\/darkamazi.info\/funavuv\/wp\/v2\/users\/2"}],"replies":[{"embeddable":true,"href":"https:\/\/darkamazi.info\/funavuv\/wp\/v2\/comments?post=1054050"}],"version-history":[{"count":1,"href":"https:\/\/darkamazi.info\/funavuv\/wp\/v2\/posts\/1054050\/revisions"}],"predecessor-version":[{"id":1054052,"href":"https:\/\/darkamazi.info\/funavuv\/wp\/v2\/posts\/1054050\/revisions\/1054052"}],"wp:featuredmedia":[{"embeddable":true,"href":"https:\/\/darkamazi.info\/funavuv\/wp\/v2\/media\/1054051"}],"wp:attachment":[{"href":"https:\/\/darkamazi.info\/funavuv\/wp\/v2\/media?parent=1054050"}],"wp:term":[{"taxonomy":"category","embeddable":true,"href":"https:\/\/darkamazi.info\/funavuv\/wp\/v2\/categories?post=1054050"},{"taxonomy":"post_tag","embeddable":true,"href":"https:\/\/darkamazi.info\/funavuv\/wp\/v2\/tags?post=1054050"}],"curies":[{"name":"wp","href":"https:\/\/api.w.org\/{rel}","templated":true}]}}