{"id":1054055,"date":"2026-08-31T12:12:50","date_gmt":"2026-08-31T09:12:50","guid":{"rendered":"https:\/\/darkamazi.info\/?p=1054055"},"modified":"2026-08-31T12:12:50","modified_gmt":"2026-08-31T09:12:50","slug":"fasizma-pkke-li-diji-muxalifan-dr-serbest-nebi-ji-ber-rexneyen-xwe-gefen-kustine-xwar","status":"publish","type":"post","link":"https:\/\/darkamazi.info\/archives\/1054055","title":{"rendered":"Fa\u015f\u00eezma PKK\u00ea li dij\u00ee muxalifan: Dr. Serbest Neb\u00ee ji ber rexney\u00ean xwe gef\u00ean ku\u015ftin\u00ea xwar\u2026"},"content":{"rendered":"<h3 style=\"text-align: justify;\"><span style=\"font-family: 'arial black', sans-serif;\">PKK\u00ea v\u00ea dawiy\u00ea li ser medyayeke civak\u00ee n\u00ea\u00e7\u00eera muxalifan daye destp\u00eakirin. Gr\u00fbba PKK\u00ea ya li ser medyaya civak\u00ee, ji bil\u00ee ku adres\u00ean ku PKK\u00ea rexne dikin peyda dike \u00fb bi r\u00eay\u00ean wek\u00ee gil\u00eekirin\u00ea dide girtin, her wiha kes\u00ean navdar \u00fb bi bandor j\u00ee bi ku\u015ftin\u00ea tehd\u00eed dike. Yek ji van navan j\u00ee Dr. Serbest Neb\u00ee ye.<\/span><\/h3>\n<h3 style=\"text-align: justify;\">Dr. Serbest Neb\u00ee ku bixwe ji Rojavay\u00ea Kurdistan\u00ea ye \u00fb mamostey\u00ea zan\u00eengeha Koyey\u00ea ye, di raboriy\u00ea de li dij\u00ee s\u00eestema li Rojava rexne kiribin j\u00ee, helwesteke ku pi\u015ftgir\u00ee \u00fb xwed\u00eederketina li Rojava dihewand n\u00ee\u015fan dab\u00fb. Bi taybet\u00ee di pev\u00e7\u00fbn\u00ean Heleb\u00ea de bi bang\u00ean xwe y\u00ean ji bo derketina kolanan \u00fb xwed\u00eederketina li Rojava dihat nas\u00een. L\u00ea bel\u00ea, ligel ku r\u00eaveberiya li Rojava bi \u015eam\u00ea re destkeftiy\u00ean Kurdan xiste ser mas\u00ea \u00fb tevl\u00ee pol\u00eet\u00eekaya entegrasyon\u00ea ya \u00d6calan b\u00fb, Neb\u00ee li dij\u00ee pol\u00eet\u00eekaya Rojava \u00fb \u00d6calan rexne kirin. Tevl\u00ee rexney\u00ean xwe y\u00ean li gor\u00ee zanista siyaset\u00ea \u00fb di asteke guncaw de j\u00ee, Dr. Serbest Neb\u00ee j\u00ee pi\u015fka xwe ji gef\u00ean PKK\u00ea girt.<\/h3>\n<h3 style=\"text-align: justify;\">Dr. Serbest Neb\u00ee di parvekirina xwe ya li ser medyaya civak\u00ee de e\u015fkere kir ku bi r\u00eaya telefon \u00fb medyaya civak\u00ee PKK\u00ea gef\u00ean ku\u015ftin\u00ea li w\u00ee xwarine.<\/h3>\n<h3 style=\"text-align: justify;\">Dr. Serbest Neb\u00ee diyar kir ku li dij\u00ee w\u00ee \u00fb malbata w\u00ee ji aliy\u00ea al\u00eegir\u00ean PKK \u00fb PYD\u00ea ve gelek \u00eari\u015f\u00ean di ast\u00ean gef, heqaret \u00fb te\u015fh\u00eerkirin\u00ea de hatine kirin.<\/h3>\n<h3 style=\"text-align: justify;\">Pi\u015ft\u00ee daxuyaniya Neb\u00ee, li ser medyaya civak\u00ee bi taybet\u00ee di medyaya Ereb\u00ee \u00fb Soran\u00ee de pi\u015ftgiriyeke mezin ji bo Dr. Serbest Neb\u00ee hat n\u00ee\u015fandan.<\/h3>\n<h3 style=\"text-align: justify;\">Ji kes\u00ean ku pi\u015ftgir\u00ee dan\u00ea, niv\u00eeskar \u00cebrah\u00eem el-Y\u00fbsif diyar kir ku ew difikire Neb\u00ee \u00fb malbata w\u00ee ji ber helwest\u00ean xwe b\u00fbne armanca &#8220;kampanyayeke tund\u00fbt\u00eajiy\u00ea&#8221;. W\u00ee ev rew\u015f bi kampanyay\u00ean wekhev \u00ean ku bi salan e kes\u00ean xwed\u00ee d\u00eetin\u00ean c\u00fbda dikin hedef re gir\u00ea da. El-Y\u00fbsif tekez kir ku ew armanc kirina kes\u00ean xwed\u00ee raman\u00ean c\u00fbda an j\u00ee tevl\u00eekirina malbat\u00ean wan di nakokiy\u00ean siyas\u00ee de red dike \u00fb Serbest Neb\u00ee wek\u00ee yek ji wan deng\u00ean ku di serdemeke kr\u00eet\u00eek de ji bo gel\u00ea Kurd \u00fb S\u00fbriyey\u00ea bi w\u00earek\u00ee doza gel\u00ea xwe dipar\u00eaze p\u00eanase kir.<\/h3>\n<h3 style=\"text-align: justify;\">Niv\u00eeskar Sabr\u00ee Res\u00fbl j\u00ee diyar kir ku kampanyay\u00ean \u015fermezarkirin, heqaret \u00fb bohtanan \u00ean ku ew kes\u00ean be\u015fdar\u00ee pol\u00eet\u00eekay\u00ean Partiya Karker\u00ean Kurdistan\u00ea (PKK) nabin dikin hedef, n\u00ee\u015faneya &#8220;\u00eeflasa siyasiya PKK\u00ea&#8221; ye. Res\u00fbl bal ki\u015fand ser w\u00ea yek\u00ea ku l\u00eesteya kes\u00ean di ber van r\u00eabazan re derbas b\u00fbne gelek\u00ee dir\u00eaj e.<\/h3>\n","protected":false},"excerpt":{"rendered":"<p>PKK\u00ea v\u00ea dawiy\u00ea li ser medyayeke civak\u00ee n\u00ea\u00e7\u00eera muxalifan daye destp\u00eakirin. Gr\u00fbba PKK\u00ea ya li ser medyaya civak\u00ee, ji bil\u00ee ku adres\u00ean ku PKK\u00ea rexne dikin peyda dike \u00fb bi r\u00eay\u00ean wek\u00ee gil\u00eekirin\u00ea dide girtin, her wiha kes\u00ean navdar \u00fb bi bandor j\u00ee bi ku\u015ftin\u00ea tehd\u00eed dike. Yek ji van navan j\u00ee Dr. Serbest Neb\u00ee [&hellip;]<\/p>\n","protected":false},"author":2,"featured_media":1054056,"comment_status":"closed","ping_status":"closed","sticky":false,"template":"","format":"standard","meta":{"footnotes":""},"categories":[29],"tags":[37],"class_list":["post-1054055","post","type-post","status-publish","format-standard","has-post-thumbnail","hentry","category-kurdistan","tag-sereke"],"blocksy_meta":{"styles_descriptor":{"styles":{"desktop":"","tablet":"","mobile":""},"google_fonts":[],"version":7}},"seo_head":"<!-- This site is optimized with the Yoast SEO plugin v28.3 - https:\/\/yoast.com\/product\/yoast-seo-wordpress\/ -->\n<title>Fa\u015f\u00eezma PKK\u00ea li dij\u00ee muxalifan: Dr. Serbest Neb\u00ee ji ber rexney\u00ean xwe gef\u00ean ku\u015ftin\u00ea xwar\u2026 - Darka Maz\u00ee<\/title>\n<meta name=\"robots\" content=\"index, follow, max-snippet:-1, max-image-preview:large, max-video-preview:-1\" \/>\n<link rel=\"canonical\" href=\"https:\/\/darkamazi.info\/archives\/1054055\" \/>\n<meta property=\"og:locale\" content=\"en_US\" \/>\n<meta property=\"og:type\" content=\"article\" \/>\n<meta property=\"og:title\" content=\"Fa\u015f\u00eezma PKK\u00ea li dij\u00ee muxalifan: Dr. Serbest Neb\u00ee ji ber rexney\u00ean xwe gef\u00ean ku\u015ftin\u00ea xwar\u2026 - Darka Maz\u00ee\" \/>\n<meta property=\"og:description\" content=\"PKK\u00ea v\u00ea dawiy\u00ea li ser medyayeke civak\u00ee n\u00ea\u00e7\u00eera muxalifan daye destp\u00eakirin. Gr\u00fbba PKK\u00ea ya li ser medyaya civak\u00ee, ji bil\u00ee ku adres\u00ean ku PKK\u00ea rexne dikin peyda dike \u00fb bi r\u00eay\u00ean wek\u00ee gil\u00eekirin\u00ea dide girtin, her wiha kes\u00ean navdar \u00fb bi bandor j\u00ee bi ku\u015ftin\u00ea tehd\u00eed dike. Yek ji van navan j\u00ee Dr. Serbest Neb\u00ee [&hellip;]\" \/>\n<meta property=\"og:url\" content=\"https:\/\/darkamazi.info\/archives\/1054055\" \/>\n<meta property=\"og:site_name\" content=\"Darka Maz\u00ee\" \/>\n<meta property=\"article:publisher\" content=\"https:\/\/www.facebook.com\/DarMaziKurmanci\" \/>\n<meta property=\"article:published_time\" content=\"2026-08-31T09:12:50+00:00\" \/>\n<meta property=\"og:image\" content=\"https:\/\/darkamazi.info\/file\/2026\/08\/Dr.-Serbest-Nebi-wp-mazi.jpg\" \/>\n\t<meta property=\"og:image:width\" content=\"900\" \/>\n\t<meta property=\"og:image:height\" content=\"497\" \/>\n\t<meta property=\"og:image:type\" content=\"image\/jpeg\" \/>\n<meta name=\"author\" content=\"darka mazi\" \/>\n<meta name=\"twitter:card\" content=\"summary_large_image\" \/>\n<meta name=\"twitter:creator\" content=\"@DarkaMaziLatini\" \/>\n<meta name=\"twitter:site\" content=\"@DarkaMaziLatini\" \/>\n<meta name=\"twitter:label1\" content=\"Written by\" \/>\n\t<meta name=\"twitter:data1\" content=\"darka mazi\" \/>\n\t<meta name=\"twitter:label2\" content=\"Est. reading time\" \/>\n\t<meta name=\"twitter:data2\" content=\"2 minutes\" \/>\n<script type=\"application\/ld+json\" class=\"seo-schema-graph\">{\"@context\":\"https:\\\/\\\/schema.org\",\"@graph\":[{\"@type\":\"Article\",\"@id\":\"https:\\\/\\\/darkamazi.info\\\/archives\\\/1054055#article\",\"isPartOf\":{\"@id\":\"https:\\\/\\\/darkamazi.info\\\/archives\\\/1054055\"},\"author\":{\"name\":\"darka mazi\",\"@id\":\"https:\\\/\\\/darkamazi.info\\\/#\\\/schema\\\/person\\\/5ad3e24553a0567993fa8ed4bd0a776c\"},\"headline\":\"Fa\u015f\u00eezma PKK\u00ea li dij\u00ee muxalifan: Dr. Serbest Neb\u00ee ji ber rexney\u00ean xwe gef\u00ean ku\u015ftin\u00ea xwar\u2026\",\"datePublished\":\"2026-08-31T09:12:50+00:00\",\"mainEntityOfPage\":{\"@id\":\"https:\\\/\\\/darkamazi.info\\\/archives\\\/1054055\"},\"wordCount\":481,\"publisher\":{\"@id\":\"https:\\\/\\\/darkamazi.info\\\/#organization\"},\"image\":{\"@id\":\"https:\\\/\\\/darkamazi.info\\\/archives\\\/1054055#primaryimage\"},\"thumbnailUrl\":\"https:\\\/\\\/darkamazi.info\\\/darka-content\\\/uploads\\\/2026\\\/08\\\/Dr.-Serbest-Nebi-darka-mazi.jpg\",\"keywords\":[\"sereke\"],\"articleSection\":[\"Kurdistan\"],\"inLanguage\":\"en-US\"},{\"@type\":\"WebPage\",\"@id\":\"https:\\\/\\\/darkamazi.info\\\/archives\\\/1054055\",\"url\":\"https:\\\/\\\/darkamazi.info\\\/archives\\\/1054055\",\"name\":\"Fa\u015f\u00eezma PKK\u00ea li dij\u00ee muxalifan: Dr. Serbest Neb\u00ee ji ber rexney\u00ean xwe gef\u00ean ku\u015ftin\u00ea xwar\u2026 - Darka Maz\u00ee\",\"isPartOf\":{\"@id\":\"https:\\\/\\\/darkamazi.info\\\/#website\"},\"primaryImageOfPage\":{\"@id\":\"https:\\\/\\\/darkamazi.info\\\/archives\\\/1054055#primaryimage\"},\"image\":{\"@id\":\"https:\\\/\\\/darkamazi.info\\\/archives\\\/1054055#primaryimage\"},\"thumbnailUrl\":\"https:\\\/\\\/darkamazi.info\\\/darka-content\\\/uploads\\\/2026\\\/08\\\/Dr.-Serbest-Nebi-darka-mazi.jpg\",\"datePublished\":\"2026-08-31T09:12:50+00:00\",\"breadcrumb\":{\"@id\":\"https:\\\/\\\/darkamazi.info\\\/archives\\\/1054055#breadcrumb\"},\"inLanguage\":\"en-US\",\"potentialAction\":[{\"@type\":\"ReadAction\",\"target\":[\"https:\\\/\\\/darkamazi.info\\\/archives\\\/1054055\"]}]},{\"@type\":\"ImageObject\",\"inLanguage\":\"en-US\",\"@id\":\"https:\\\/\\\/darkamazi.info\\\/archives\\\/1054055#primaryimage\",\"url\":\"https:\\\/\\\/darkamazi.info\\\/darka-content\\\/uploads\\\/2026\\\/08\\\/Dr.-Serbest-Nebi-darka-mazi.jpg\",\"contentUrl\":\"https:\\\/\\\/darkamazi.info\\\/darka-content\\\/uploads\\\/2026\\\/08\\\/Dr.-Serbest-Nebi-darka-mazi.jpg\",\"width\":900,\"height\":497,\"caption\":\"Fa\u015f\u00eezma PKK\u00ea li dij\u00ee muxalifan: Dr. Serbest Neb\u00ee ji ber rexney\u00ean xwe gef\u00ean ku\u015ftin\u00ea xwar\u2026\"},{\"@type\":\"BreadcrumbList\",\"@id\":\"https:\\\/\\\/darkamazi.info\\\/archives\\\/1054055#breadcrumb\",\"itemListElement\":[{\"@type\":\"ListItem\",\"position\":1,\"name\":\"Home\",\"item\":\"https:\\\/\\\/darkamazi.info\\\/\"},{\"@type\":\"ListItem\",\"position\":2,\"name\":\"Fa\u015f\u00eezma PKK\u00ea li dij\u00ee muxalifan: Dr. Serbest Neb\u00ee ji ber rexney\u00ean xwe gef\u00ean ku\u015ftin\u00ea xwar\u2026\"}]},{\"@type\":\"WebSite\",\"@id\":\"https:\\\/\\\/darkamazi.info\\\/#website\",\"url\":\"https:\\\/\\\/darkamazi.info\\\/\",\"name\":\"Darka Maz\u00ee\",\"description\":\"P\u00eageha Zanyariy\u00ean Nebih\u00eest\u00ee\",\"publisher\":{\"@id\":\"https:\\\/\\\/darkamazi.info\\\/#organization\"},\"potentialAction\":[{\"@type\":\"SearchAction\",\"target\":{\"@type\":\"EntryPoint\",\"urlTemplate\":\"https:\\\/\\\/darkamazi.info\\\/?s={search_term_string}\"},\"query-input\":{\"@type\":\"PropertyValueSpecification\",\"valueRequired\":true,\"valueName\":\"search_term_string\"}}],\"inLanguage\":\"en-US\"},{\"@type\":\"Organization\",\"@id\":\"https:\\\/\\\/darkamazi.info\\\/#organization\",\"name\":\"Darka Maz\u00ee\",\"url\":\"https:\\\/\\\/darkamazi.info\\\/\",\"logo\":{\"@type\":\"ImageObject\",\"inLanguage\":\"en-US\",\"@id\":\"https:\\\/\\\/darkamazi.info\\\/#\\\/schema\\\/logo\\\/image\\\/\",\"url\":\"https:\\\/\\\/darkamazi.info\\\/darka-content\\\/uploads\\\/2017\\\/12\\\/darka-mazi-logo.png\",\"contentUrl\":\"https:\\\/\\\/darkamazi.info\\\/darka-content\\\/uploads\\\/2017\\\/12\\\/darka-mazi-logo.png\",\"width\":151,\"height\":75,\"caption\":\"Darka Maz\u00ee\"},\"image\":{\"@id\":\"https:\\\/\\\/darkamazi.info\\\/#\\\/schema\\\/logo\\\/image\\\/\"},\"sameAs\":[\"https:\\\/\\\/www.facebook.com\\\/DarMaziKurmanci\",\"https:\\\/\\\/x.com\\\/DarkaMaziLatini\",\"https:\\\/\\\/www.instagram.com\\\/darkamazi.kurmanci\\\/\",\"https:\\\/\\\/www.youtube.com\\\/channel\\\/UCa5HkTdmI8U1qCUFuTw8B2g\"]},{\"@type\":\"Person\",\"@id\":\"https:\\\/\\\/darkamazi.info\\\/#\\\/schema\\\/person\\\/5ad3e24553a0567993fa8ed4bd0a776c\",\"name\":\"darka mazi\",\"sameAs\":[\"https:\\\/\\\/darkamazi.info\\\/\"],\"url\":\"https:\\\/\\\/darkamazi.info\\\/archives\\\/author\\\/kurdi\"}]}<\/script>\n<!-- \/ Yoast SEO plugin. -->","seo_head_json":{"title":"Fa\u015f\u00eezma PKK\u00ea li dij\u00ee muxalifan: Dr. Serbest Neb\u00ee ji ber rexney\u00ean xwe gef\u00ean ku\u015ftin\u00ea xwar\u2026 - Darka Maz\u00ee","robots":{"index":"index","follow":"follow","max-snippet":"max-snippet:-1","max-image-preview":"max-image-preview:large","max-video-preview":"max-video-preview:-1"},"canonical":"https:\/\/darkamazi.info\/archives\/1054055","og_locale":"en_US","og_type":"article","og_title":"Fa\u015f\u00eezma PKK\u00ea li dij\u00ee muxalifan: Dr. Serbest Neb\u00ee ji ber rexney\u00ean xwe gef\u00ean ku\u015ftin\u00ea xwar\u2026 - Darka Maz\u00ee","og_description":"PKK\u00ea v\u00ea dawiy\u00ea li ser medyayeke civak\u00ee n\u00ea\u00e7\u00eera muxalifan daye destp\u00eakirin. Gr\u00fbba PKK\u00ea ya li ser medyaya civak\u00ee, ji bil\u00ee ku adres\u00ean ku PKK\u00ea rexne dikin peyda dike \u00fb bi r\u00eay\u00ean wek\u00ee gil\u00eekirin\u00ea dide girtin, her wiha kes\u00ean navdar \u00fb bi bandor j\u00ee bi ku\u015ftin\u00ea tehd\u00eed dike. Yek ji van navan j\u00ee Dr. Serbest Neb\u00ee [&hellip;]","og_url":"https:\/\/darkamazi.info\/archives\/1054055","og_site_name":"Darka Maz\u00ee","article_publisher":"https:\/\/www.facebook.com\/DarMaziKurmanci","article_published_time":"2026-08-31T09:12:50+00:00","og_image":[{"width":900,"height":497,"url":"https:\/\/darkamazi.info\/file\/2026\/08\/Dr.-Serbest-Nebi-wp-mazi.jpg","type":"image\/jpeg"}],"author":"darka mazi","twitter_card":"summary_large_image","twitter_creator":"@DarkaMaziLatini","twitter_site":"@DarkaMaziLatini","twitter_misc":{"Written by":"darka mazi","Est. reading time":"2 minutes"},"schema":{"@context":"https:\/\/schema.org","@graph":[{"@type":"Article","@id":"https:\/\/darkamazi.info\/archives\/1054055#article","isPartOf":{"@id":"https:\/\/darkamazi.info\/archives\/1054055"},"author":{"name":"darka mazi","@id":"https:\/\/darkamazi.info\/#\/schema\/person\/5ad3e24553a0567993fa8ed4bd0a776c"},"headline":"Fa\u015f\u00eezma PKK\u00ea li dij\u00ee muxalifan: Dr. Serbest Neb\u00ee ji ber rexney\u00ean xwe gef\u00ean ku\u015ftin\u00ea xwar\u2026","datePublished":"2026-08-31T09:12:50+00:00","mainEntityOfPage":{"@id":"https:\/\/darkamazi.info\/archives\/1054055"},"wordCount":481,"publisher":{"@id":"https:\/\/darkamazi.info\/#organization"},"image":{"@id":"https:\/\/darkamazi.info\/archives\/1054055#primaryimage"},"thumbnailUrl":"https:\/\/darkamazi.info\/file\/2026\/08\/Dr.-Serbest-Nebi-wp-mazi.jpg","keywords":["sereke"],"articleSection":["Kurdistan"],"inLanguage":"en-US"},{"@type":"WebPage","@id":"https:\/\/darkamazi.info\/archives\/1054055","url":"https:\/\/darkamazi.info\/archives\/1054055","name":"Fa\u015f\u00eezma PKK\u00ea li dij\u00ee muxalifan: Dr. Serbest Neb\u00ee ji ber rexney\u00ean xwe gef\u00ean ku\u015ftin\u00ea xwar\u2026 - Darka Maz\u00ee","isPartOf":{"@id":"https:\/\/darkamazi.info\/#website"},"primaryImageOfPage":{"@id":"https:\/\/darkamazi.info\/archives\/1054055#primaryimage"},"image":{"@id":"https:\/\/darkamazi.info\/archives\/1054055#primaryimage"},"thumbnailUrl":"https:\/\/darkamazi.info\/file\/2026\/08\/Dr.-Serbest-Nebi-wp-mazi.jpg","datePublished":"2026-08-31T09:12:50+00:00","breadcrumb":{"@id":"https:\/\/darkamazi.info\/archives\/1054055#breadcrumb"},"inLanguage":"en-US","potentialAction":[{"@type":"ReadAction","target":["https:\/\/darkamazi.info\/archives\/1054055"]}]},{"@type":"ImageObject","inLanguage":"en-US","@id":"https:\/\/darkamazi.info\/archives\/1054055#primaryimage","url":"https:\/\/darkamazi.info\/file\/2026\/08\/Dr.-Serbest-Nebi-wp-mazi.jpg","contentUrl":"https:\/\/darkamazi.info\/file\/2026\/08\/Dr.-Serbest-Nebi-wp-mazi.jpg","width":900,"height":497,"caption":"Fa\u015f\u00eezma PKK\u00ea li dij\u00ee muxalifan: Dr. Serbest Neb\u00ee ji ber rexney\u00ean xwe gef\u00ean ku\u015ftin\u00ea xwar\u2026"},{"@type":"BreadcrumbList","@id":"https:\/\/darkamazi.info\/archives\/1054055#breadcrumb","itemListElement":[{"@type":"ListItem","position":1,"name":"Home","item":"https:\/\/darkamazi.info\/"},{"@type":"ListItem","position":2,"name":"Fa\u015f\u00eezma PKK\u00ea li dij\u00ee muxalifan: Dr. Serbest Neb\u00ee ji ber rexney\u00ean xwe gef\u00ean ku\u015ftin\u00ea xwar\u2026"}]},{"@type":"WebSite","@id":"https:\/\/darkamazi.info\/#website","url":"https:\/\/darkamazi.info\/","name":"Darka Maz\u00ee","description":"P\u00eageha Zanyariy\u00ean Nebih\u00eest\u00ee","publisher":{"@id":"https:\/\/darkamazi.info\/#organization"},"potentialAction":[{"@type":"SearchAction","target":{"@type":"EntryPoint","urlTemplate":"https:\/\/darkamazi.info\/?s={search_term_string}"},"query-input":{"@type":"PropertyValueSpecification","valueRequired":true,"valueName":"search_term_string"}}],"inLanguage":"en-US"},{"@type":"Organization","@id":"https:\/\/darkamazi.info\/#organization","name":"Darka Maz\u00ee","url":"https:\/\/darkamazi.info\/","logo":{"@type":"ImageObject","inLanguage":"en-US","@id":"https:\/\/darkamazi.info\/#\/schema\/logo\/image\/","url":"https:\/\/darkamazi.info\/file\/2017\/12\/darka-mazi-logo.png","contentUrl":"https:\/\/darkamazi.info\/file\/2017\/12\/darka-mazi-logo.png","width":151,"height":75,"caption":"Darka Maz\u00ee"},"image":{"@id":"https:\/\/darkamazi.info\/#\/schema\/logo\/image\/"},"sameAs":["https:\/\/www.facebook.com\/DarMaziKurmanci","https:\/\/x.com\/DarkaMaziLatini","https:\/\/www.instagram.com\/darkamazi.kurmanci\/","https:\/\/www.youtube.com\/channel\/UCa5HkTdmI8U1qCUFuTw8B2g"]},{"@type":"Person","@id":"https:\/\/darkamazi.info\/#\/schema\/person\/5ad3e24553a0567993fa8ed4bd0a776c","name":"darka mazi","sameAs":["https:\/\/darkamazi.info\/"],"url":"https:\/\/darkamazi.info\/archives\/author\/kurdi"}]}},"_links":{"self":[{"href":"https:\/\/darkamazi.info\/funavuv\/wp\/v2\/posts\/1054055","targetHints":{"allow":["GET"]}}],"collection":[{"href":"https:\/\/darkamazi.info\/funavuv\/wp\/v2\/posts"}],"about":[{"href":"https:\/\/darkamazi.info\/funavuv\/wp\/v2\/types\/post"}],"author":[{"embeddable":true,"href":"https:\/\/darkamazi.info\/funavuv\/wp\/v2\/users\/2"}],"replies":[{"embeddable":true,"href":"https:\/\/darkamazi.info\/funavuv\/wp\/v2\/comments?post=1054055"}],"version-history":[{"count":1,"href":"https:\/\/darkamazi.info\/funavuv\/wp\/v2\/posts\/1054055\/revisions"}],"predecessor-version":[{"id":1054057,"href":"https:\/\/darkamazi.info\/funavuv\/wp\/v2\/posts\/1054055\/revisions\/1054057"}],"wp:featuredmedia":[{"embeddable":true,"href":"https:\/\/darkamazi.info\/funavuv\/wp\/v2\/media\/1054056"}],"wp:attachment":[{"href":"https:\/\/darkamazi.info\/funavuv\/wp\/v2\/media?parent=1054055"}],"wp:term":[{"taxonomy":"category","embeddable":true,"href":"https:\/\/darkamazi.info\/funavuv\/wp\/v2\/categories?post=1054055"},{"taxonomy":"post_tag","embeddable":true,"href":"https:\/\/darkamazi.info\/funavuv\/wp\/v2\/tags?post=1054055"}],"curies":[{"name":"wp","href":"https:\/\/api.w.org\/{rel}","templated":true}]}}