{"id":1054058,"date":"2026-08-31T18:39:14","date_gmt":"2026-08-31T15:39:14","guid":{"rendered":"https:\/\/darkamazi.info\/?p=1054058"},"modified":"2026-08-31T18:39:14","modified_gmt":"2026-08-31T15:39:14","slug":"duran-kalkan-li-imraliye-bi-evdila-ocalan-re-hevditin-kir","status":"publish","type":"post","link":"https:\/\/darkamazi.info\/archives\/1054058","title":{"rendered":"Duran Kalkan li \u00cemraliy\u00ea bi Evdila Ocalan re hevd\u00eetin kir"},"content":{"rendered":"<h3><span style=\"color: #800000;\"><strong><span style=\"font-size: 10pt; font-family: arial, helvetica, sans-serif;\">* W\u00eane bi j\u00eer\u00eeya destkird hat\u00eeye \u00e7\u00eakirin<\/span><\/strong><\/span><\/h3>\n<h3 style=\"text-align: justify;\"><span style=\"font-family: 'arial black', sans-serif;\">Derket hol\u00ea ku Evdila Ocalan li \u00cemraliy\u00ea bi p\u00eanc serkirdey\u00ean PKK\u00ea re, ku ji aliy\u00ea Duran Kalkan \u00fb Sabr\u00ee Ok ve dihat bir\u00eavebirin, hevd\u00eetin p\u00eak an\u00eeye.<\/span><\/h3>\n<h3 style=\"text-align: justify;\"><span style=\"font-family: arial, helvetica, sans-serif;\">Bi p\u00eavajoya ku bi hilwe\u015fandina PKK\u00ea ji aliy\u00ea Evdila Ocalan ve di 27 \u00ea Sibata 2025 an de dest p\u00ea kir\u00ee, di navbera PKKe \u00fb dewleta Tirkiy\u00ea de traf\u00eekek\u00ee balk\u00ea\u015f a danustandina dest p\u00ea kir. Ev demeke dest\u00ea k\u00ee di ber\u00eeka k\u00ea da ye ned\u00eeyar e.<\/span><\/h3>\n<h3 style=\"text-align: justify;\"><span style=\"font-family: arial, helvetica, sans-serif;\">Kurd ji van civ\u00een\u00ean ve\u015fart\u00ee y\u00ean li ser \u00e7aren\u00fbsa xwe (Kurdan) b\u00eaxeber in. Daxuyaniy\u00ean PKK\u00ea y\u00ean di \u00e7ar meh\u00ean daw\u00ee de, ku \u00eedia dikin &#8220;Bi Serok Apo re hevd\u00eetin \u00e7\u00eanabin, p\u00eavajo rawestiyaye&#8221;, derew derketin. Derket hol\u00ea ku Ocalan \u00fb r\u00eaveberiya PKK\u00ea li \u00cemraliy\u00ea gelek caran hevd\u00eetin p\u00eak an\u00eene.<\/span><\/h3>\n<h3 style=\"text-align: justify;\"><span style=\"font-family: 'arial black', sans-serif; font-size: 18pt; color: #800000;\">K\u00ee be\u015fdar\u00ee hevd\u00eetinan b\u00fbye?<\/span><\/h3>\n<h3 style=\"text-align: justify;\"><span style=\"font-family: arial, helvetica, sans-serif;\">Hate ragihandin ku Ocalan di 2-3 \u00ea Sibat\u00ea de li \u00cemraliy\u00ea bi rayedar\u00ean PKK\u00ea Duran Kalkan (Ebbas Turk), Sabr\u00ee Ok, Hel\u00een Turk (N\u00eel\u00fbfer \u00c7oban), Raper\u00een D\u00earsim (Ozlem Alpaslan), Bi\u015far Qoser (Ehmet Yildirim) re hevd\u00eetin p\u00eak an\u00ee ye.<\/span><\/h3>\n<h3 style=\"text-align: justify;\"><span style=\"font-family: arial, helvetica, sans-serif;\">Yan\u00ee \u015fandeya serkirdey\u00ean PKK\u00ea 2 rojan li \u00cemral\u00eey\u00ea mane \u00fb qeyd\u00ean axaftin\u00ean wan \u00ean bi Ocalan re di \u00e7apemeniy\u00ea de hatin we\u015fandin. Em \u00ea van destniv\u00ees\u00ean ku ji 41 r\u00fbpelan p\u00eak t\u00ean bi serniv\u00eesan berhev bikin \u00fb di roj\u00ean p\u00ea\u015f de bi sernav\u00ea &#8220;Darka Maz\u00ee&#8221; biwe\u015f\u00eenin.<\/span><\/h3>\n<h3 style=\"text-align: justify;\"><span style=\"font-family: 'arial black', sans-serif; font-size: 18pt; color: #800000;\">\u015eande \u00e7awa \u00e7\u00fb?<\/span><\/h3>\n<h3 style=\"text-align: justify;\"><span style=\"font-family: arial, helvetica, sans-serif;\">Li gor\u00ee agahiy\u00ean me, ew \u015fande bi balafireke ve\u015fart\u00ee ya ku ji aliy\u00ea Tirkiy\u00ea ve hatib\u00fb \u015fandin b\u00fb balafirgeha Sil\u00eamaniy\u00ea ji wir \u00e7\u00fbne Tirk\u00eey\u00ea. Balafir li Balafirgeha bajar\u00ea Bursa y\u00ea daketiye \u00fb ji wir \u015fande \u00e7\u00fbye \u00cemraliy\u00ea.<\/span><\/h3>\n<h3 style=\"text-align: justify;\"><span style=\"font-family: arial, helvetica, sans-serif;\">Bi rast\u00ee, dewleta Tirkiy\u00ea heta niha gelek \u015fande ji Rojava \u00fb Sil\u00eamaniy\u00ea birine Tirkiy\u00ea.<\/span><\/h3>\n<h3 style=\"text-align: justify;\"><span style=\"font-family: 'arial black', sans-serif; color: #800000; font-size: 18pt;\">Gelo \u015fandey\u00ean din j\u00ee \u00e7\u00fbne \u00cemral\u00eey\u00ea?<\/span><\/h3>\n<h3 style=\"text-align: justify;\"><span style=\"font-family: arial, helvetica, sans-serif;\">Darka Maz\u00ee yekem \u00e7apemen\u00ee b\u00fb ragihand ku serkirdey\u00ean PKK\u00ea \u00e7\u00fbne \u00cemraliy\u00ea \u00fb bi Ocalan re civiyane. Her \u00e7end PKKe \u00fb derdora w\u00ea ya n\u00eaz\u00eek w\u00ea dem\u00ea n\u00fb\u00e7ey\u00ean me red kirin j\u00ee, rast\u00ee h\u00ead\u00ee h\u00ead\u00ee derket hol\u00ea.<\/span><\/h3>\n<h3 style=\"text-align: justify;\"><span style=\"font-family: arial, helvetica, sans-serif;\">Darka Maz\u00ee di Hez\u00eerana sala bor\u00ee de cara yekem niv\u00eesand ku Bes\u00ea Hozat \u00fb Sabr\u00ee Ok \u00e7\u00fbne \u00cemraliy\u00ea.<\/span><\/h3>\n<h3 style=\"text-align: justify;\"><span style=\"font-family: arial, helvetica, sans-serif;\">Di n\u00fb\u00e7eyek\u00ea de ku me di 5 \u00ea Gulan\u00ea de we\u015fandi b\u00fb, me ragihand ku \u015fandeyek ku nav\u00ean wek\u00ee Duran Kalkan \u00fb Hel\u00een \u00dbm\u00eet t\u00ea de ne, \u00e7\u00fbye \u00cemraliy\u00ea.<\/span><\/h3>\n<h3 style=\"text-align: justify;\"><span style=\"font-family: arial, helvetica, sans-serif;\">Me di 9 \u00ea Gulan\u00ea de j\u00ee ragihand ku Mazl\u00fbm Ebd\u00ee \u00fb \u00celham Ehmed li \u00cemraliy\u00ea bi Ocalan re hevd\u00eetin p\u00eakan\u00eene.<\/span><\/h3>\n<h3 style=\"text-align: justify;\"><span style=\"font-family: arial, helvetica, sans-serif;\">Li gor\u00ee agahiy\u00ean ku niha di dest\u00ea me de ne, Duran Kalkan di dawiya Hez\u00eeran\u00ea de, ji bil\u00ee Sibat\u00ea, cara duyem\u00een \u00e7\u00fbye \u00cemraliy\u00ea. Her wiha, Cemil Bayik di hefteya duyem\u00een a Tebax\u00ea de \u00e7\u00fbye \u00cemraliy\u00ea. Wek\u00ee Darka Maz\u00ee, em \u00ea di demek n\u00eaz\u00eek de li ser van her du agahiyan daxuyaniyek\u00ea belav bikin.<\/span><\/h3>\n<h3 style=\"text-align: justify;\"><span style=\"font-family: 'arial black', sans-serif; font-size: 18pt; color: #800000;\">Not\u00ean hevd\u00eetinan li gel Darka Maz\u00ee heb\u00fbn l\u00ea wan newe\u015fandin<\/span><\/h3>\n<h3 style=\"text-align: justify;\"><span style=\"font-family: arial, helvetica, sans-serif;\">Bi rast\u00ee, wek\u00ee gr\u00fbpa Darka Maz\u00ee, not\u00ean hevd\u00eetin\u00ea y\u00ean Duran Kalkan bi Ocalan re di Sibat\u00ea de j\u00ee heb\u00fbn. L\u00eabel\u00ea, me ji bo zelalkirina p\u00eavajoy\u00ea, we\u015fandina wan guncaw ned\u00eet.<\/span><\/h3>\n<h3 style=\"text-align: justify;\"><span style=\"font-family: arial, helvetica, sans-serif;\">L\u00ea bele pa\u015f\u00ea, dezgeh\u00ean din \u00ean medyay\u00ea ew we\u015fandin. Not\u00ean hevd\u00eetin\u00ea hem ji h\u00eala dewlet \u00fb hem j\u00ee ji h\u00eala aliy\u00ean di nav PKK\u00ea de ku ji p\u00eavajoy\u00ea nerehet in, ji medyay\u00ea re hatin \u015fandin \u00fb de\u015fifre kirin.<\/span><\/h3>\n<h3 style=\"text-align: justify;\"><span style=\"font-family: arial, helvetica, sans-serif;\">Ji bil\u00ee \u00e7\u00eerok\u00ean Ocalan bi ke\u00e7an re melevangeh\u00ea de, \u00fb gotina Ocalan ji Duran Kalkan re, &#8220;Min digot qey dijmin t\u00fb \u015fand\u00eeye nava me&#8221;, ev n\u00fb\u00e7ey\u00ean magaz\u00een\u00ee em \u00ea di roj\u00ean p\u00ea\u015f de plan\u00ean ku wan di derbar\u00ea Her\u00eama Kurdistan\u00ea \u00fb dij\u00ee r\u00eabaza s\u00eeyas\u00ee ya Barzan\u00ee de \u00e7\u00eakirine be\u015f bi be\u015f belav bikin.<\/span><\/h3>\n","protected":false},"excerpt":{"rendered":"<p>* W\u00eane bi j\u00eer\u00eeya destkird hat\u00eeye \u00e7\u00eakirin Derket hol\u00ea ku Evdila Ocalan li \u00cemraliy\u00ea bi p\u00eanc serkirdey\u00ean PKK\u00ea re, ku ji aliy\u00ea Duran Kalkan \u00fb Sabr\u00ee Ok ve dihat bir\u00eavebirin, hevd\u00eetin p\u00eak an\u00eeye. Bi p\u00eavajoya ku bi hilwe\u015fandina PKK\u00ea ji aliy\u00ea Evdila Ocalan ve di 27 \u00ea Sibata 2025 an de dest p\u00ea kir\u00ee, di [&hellip;]<\/p>\n","protected":false},"author":2,"featured_media":1054059,"comment_status":"closed","ping_status":"closed","sticky":false,"template":"","format":"standard","meta":{"footnotes":""},"categories":[40],"tags":[37],"class_list":["post-1054058","post","type-post","status-publish","format-standard","has-post-thumbnail","hentry","category-niheni","tag-sereke"],"blocksy_meta":{"styles_descriptor":{"styles":{"desktop":"","tablet":"","mobile":""},"google_fonts":[],"version":7}},"seo_head":"<!-- This site is optimized with the Yoast SEO plugin v28.3 - https:\/\/yoast.com\/product\/yoast-seo-wordpress\/ -->\n<title>Duran Kalkan li \u00cemraliy\u00ea bi Evdila Ocalan re hevd\u00eetin kir - Darka Maz\u00ee<\/title>\n<meta name=\"robots\" content=\"index, follow, max-snippet:-1, max-image-preview:large, max-video-preview:-1\" \/>\n<link rel=\"canonical\" href=\"https:\/\/darkamazi.info\/archives\/1054058\" \/>\n<meta property=\"og:locale\" content=\"en_US\" \/>\n<meta property=\"og:type\" content=\"article\" \/>\n<meta property=\"og:title\" content=\"Duran Kalkan li \u00cemraliy\u00ea bi Evdila Ocalan re hevd\u00eetin kir - Darka Maz\u00ee\" \/>\n<meta property=\"og:description\" content=\"* W\u00eane bi j\u00eer\u00eeya destkird hat\u00eeye \u00e7\u00eakirin Derket hol\u00ea ku Evdila Ocalan li \u00cemraliy\u00ea bi p\u00eanc serkirdey\u00ean PKK\u00ea re, ku ji aliy\u00ea Duran Kalkan \u00fb Sabr\u00ee Ok ve dihat bir\u00eavebirin, hevd\u00eetin p\u00eak an\u00eeye. Bi p\u00eavajoya ku bi hilwe\u015fandina PKK\u00ea ji aliy\u00ea Evdila Ocalan ve di 27 \u00ea Sibata 2025 an de dest p\u00ea kir\u00ee, di [&hellip;]\" \/>\n<meta property=\"og:url\" content=\"https:\/\/darkamazi.info\/archives\/1054058\" \/>\n<meta property=\"og:site_name\" content=\"Darka Maz\u00ee\" \/>\n<meta property=\"article:publisher\" content=\"https:\/\/www.facebook.com\/DarMaziKurmanci\" \/>\n<meta property=\"article:published_time\" content=\"2026-08-31T15:39:14+00:00\" \/>\n<meta property=\"og:image\" content=\"https:\/\/darkamazi.info\/file\/2026\/08\/imrali-ocalan-pkk-leaders-info.jpg\" \/>\n\t<meta property=\"og:image:width\" content=\"900\" \/>\n\t<meta property=\"og:image:height\" content=\"497\" \/>\n\t<meta property=\"og:image:type\" content=\"image\/jpeg\" \/>\n<meta name=\"author\" content=\"darka mazi\" \/>\n<meta name=\"twitter:card\" content=\"summary_large_image\" \/>\n<meta name=\"twitter:creator\" content=\"@DarkaMaziLatini\" \/>\n<meta name=\"twitter:site\" content=\"@DarkaMaziLatini\" \/>\n<meta name=\"twitter:label1\" content=\"Written by\" \/>\n\t<meta name=\"twitter:data1\" content=\"darka mazi\" \/>\n\t<meta name=\"twitter:label2\" content=\"Est. reading time\" \/>\n\t<meta name=\"twitter:data2\" content=\"3 minutes\" \/>\n<script type=\"application\/ld+json\" class=\"seo-schema-graph\">{\"@context\":\"https:\\\/\\\/schema.org\",\"@graph\":[{\"@type\":\"Article\",\"@id\":\"https:\\\/\\\/darkamazi.info\\\/archives\\\/1054058#article\",\"isPartOf\":{\"@id\":\"https:\\\/\\\/darkamazi.info\\\/archives\\\/1054058\"},\"author\":{\"name\":\"darka mazi\",\"@id\":\"https:\\\/\\\/darkamazi.info\\\/#\\\/schema\\\/person\\\/5ad3e24553a0567993fa8ed4bd0a776c\"},\"headline\":\"Duran Kalkan li \u00cemraliy\u00ea bi Evdila Ocalan re hevd\u00eetin kir\",\"datePublished\":\"2026-08-31T15:39:14+00:00\",\"mainEntityOfPage\":{\"@id\":\"https:\\\/\\\/darkamazi.info\\\/archives\\\/1054058\"},\"wordCount\":660,\"publisher\":{\"@id\":\"https:\\\/\\\/darkamazi.info\\\/#organization\"},\"image\":{\"@id\":\"https:\\\/\\\/darkamazi.info\\\/archives\\\/1054058#primaryimage\"},\"thumbnailUrl\":\"https:\\\/\\\/darkamazi.info\\\/darka-content\\\/uploads\\\/2026\\\/08\\\/imrali-ocalan-pkk-leaders-info.jpg\",\"keywords\":[\"sereke\"],\"articleSection\":[\"Nih\u00ean\u00ee\"],\"inLanguage\":\"en-US\"},{\"@type\":\"WebPage\",\"@id\":\"https:\\\/\\\/darkamazi.info\\\/archives\\\/1054058\",\"url\":\"https:\\\/\\\/darkamazi.info\\\/archives\\\/1054058\",\"name\":\"Duran Kalkan li \u00cemraliy\u00ea bi Evdila Ocalan re hevd\u00eetin kir - Darka Maz\u00ee\",\"isPartOf\":{\"@id\":\"https:\\\/\\\/darkamazi.info\\\/#website\"},\"primaryImageOfPage\":{\"@id\":\"https:\\\/\\\/darkamazi.info\\\/archives\\\/1054058#primaryimage\"},\"image\":{\"@id\":\"https:\\\/\\\/darkamazi.info\\\/archives\\\/1054058#primaryimage\"},\"thumbnailUrl\":\"https:\\\/\\\/darkamazi.info\\\/darka-content\\\/uploads\\\/2026\\\/08\\\/imrali-ocalan-pkk-leaders-info.jpg\",\"datePublished\":\"2026-08-31T15:39:14+00:00\",\"breadcrumb\":{\"@id\":\"https:\\\/\\\/darkamazi.info\\\/archives\\\/1054058#breadcrumb\"},\"inLanguage\":\"en-US\",\"potentialAction\":[{\"@type\":\"ReadAction\",\"target\":[\"https:\\\/\\\/darkamazi.info\\\/archives\\\/1054058\"]}]},{\"@type\":\"ImageObject\",\"inLanguage\":\"en-US\",\"@id\":\"https:\\\/\\\/darkamazi.info\\\/archives\\\/1054058#primaryimage\",\"url\":\"https:\\\/\\\/darkamazi.info\\\/darka-content\\\/uploads\\\/2026\\\/08\\\/imrali-ocalan-pkk-leaders-info.jpg\",\"contentUrl\":\"https:\\\/\\\/darkamazi.info\\\/darka-content\\\/uploads\\\/2026\\\/08\\\/imrali-ocalan-pkk-leaders-info.jpg\",\"width\":900,\"height\":497,\"caption\":\"imrali-ocalan-pkk-leaders-info\"},{\"@type\":\"BreadcrumbList\",\"@id\":\"https:\\\/\\\/darkamazi.info\\\/archives\\\/1054058#breadcrumb\",\"itemListElement\":[{\"@type\":\"ListItem\",\"position\":1,\"name\":\"Home\",\"item\":\"https:\\\/\\\/darkamazi.info\\\/\"},{\"@type\":\"ListItem\",\"position\":2,\"name\":\"Duran Kalkan li \u00cemraliy\u00ea bi Evdila Ocalan re hevd\u00eetin kir\"}]},{\"@type\":\"WebSite\",\"@id\":\"https:\\\/\\\/darkamazi.info\\\/#website\",\"url\":\"https:\\\/\\\/darkamazi.info\\\/\",\"name\":\"Darka Maz\u00ee\",\"description\":\"P\u00eageha Zanyariy\u00ean Nebih\u00eest\u00ee\",\"publisher\":{\"@id\":\"https:\\\/\\\/darkamazi.info\\\/#organization\"},\"potentialAction\":[{\"@type\":\"SearchAction\",\"target\":{\"@type\":\"EntryPoint\",\"urlTemplate\":\"https:\\\/\\\/darkamazi.info\\\/?s={search_term_string}\"},\"query-input\":{\"@type\":\"PropertyValueSpecification\",\"valueRequired\":true,\"valueName\":\"search_term_string\"}}],\"inLanguage\":\"en-US\"},{\"@type\":\"Organization\",\"@id\":\"https:\\\/\\\/darkamazi.info\\\/#organization\",\"name\":\"Darka Maz\u00ee\",\"url\":\"https:\\\/\\\/darkamazi.info\\\/\",\"logo\":{\"@type\":\"ImageObject\",\"inLanguage\":\"en-US\",\"@id\":\"https:\\\/\\\/darkamazi.info\\\/#\\\/schema\\\/logo\\\/image\\\/\",\"url\":\"https:\\\/\\\/darkamazi.info\\\/darka-content\\\/uploads\\\/2017\\\/12\\\/darka-mazi-logo.png\",\"contentUrl\":\"https:\\\/\\\/darkamazi.info\\\/darka-content\\\/uploads\\\/2017\\\/12\\\/darka-mazi-logo.png\",\"width\":151,\"height\":75,\"caption\":\"Darka Maz\u00ee\"},\"image\":{\"@id\":\"https:\\\/\\\/darkamazi.info\\\/#\\\/schema\\\/logo\\\/image\\\/\"},\"sameAs\":[\"https:\\\/\\\/www.facebook.com\\\/DarMaziKurmanci\",\"https:\\\/\\\/x.com\\\/DarkaMaziLatini\",\"https:\\\/\\\/www.instagram.com\\\/darkamazi.kurmanci\\\/\",\"https:\\\/\\\/www.youtube.com\\\/channel\\\/UCa5HkTdmI8U1qCUFuTw8B2g\"]},{\"@type\":\"Person\",\"@id\":\"https:\\\/\\\/darkamazi.info\\\/#\\\/schema\\\/person\\\/5ad3e24553a0567993fa8ed4bd0a776c\",\"name\":\"darka mazi\",\"sameAs\":[\"https:\\\/\\\/darkamazi.info\\\/\"],\"url\":\"https:\\\/\\\/darkamazi.info\\\/archives\\\/author\\\/kurdi\"}]}<\/script>\n<!-- \/ Yoast SEO plugin. -->","seo_head_json":{"title":"Duran Kalkan li \u00cemraliy\u00ea bi Evdila Ocalan re hevd\u00eetin kir - Darka Maz\u00ee","robots":{"index":"index","follow":"follow","max-snippet":"max-snippet:-1","max-image-preview":"max-image-preview:large","max-video-preview":"max-video-preview:-1"},"canonical":"https:\/\/darkamazi.info\/archives\/1054058","og_locale":"en_US","og_type":"article","og_title":"Duran Kalkan li \u00cemraliy\u00ea bi Evdila Ocalan re hevd\u00eetin kir - Darka Maz\u00ee","og_description":"* W\u00eane bi j\u00eer\u00eeya destkird hat\u00eeye \u00e7\u00eakirin Derket hol\u00ea ku Evdila Ocalan li \u00cemraliy\u00ea bi p\u00eanc serkirdey\u00ean PKK\u00ea re, ku ji aliy\u00ea Duran Kalkan \u00fb Sabr\u00ee Ok ve dihat bir\u00eavebirin, hevd\u00eetin p\u00eak an\u00eeye. Bi p\u00eavajoya ku bi hilwe\u015fandina PKK\u00ea ji aliy\u00ea Evdila Ocalan ve di 27 \u00ea Sibata 2025 an de dest p\u00ea kir\u00ee, di [&hellip;]","og_url":"https:\/\/darkamazi.info\/archives\/1054058","og_site_name":"Darka Maz\u00ee","article_publisher":"https:\/\/www.facebook.com\/DarMaziKurmanci","article_published_time":"2026-08-31T15:39:14+00:00","og_image":[{"width":900,"height":497,"url":"https:\/\/darkamazi.info\/file\/2026\/08\/imrali-ocalan-pkk-leaders-info.jpg","type":"image\/jpeg"}],"author":"darka mazi","twitter_card":"summary_large_image","twitter_creator":"@DarkaMaziLatini","twitter_site":"@DarkaMaziLatini","twitter_misc":{"Written by":"darka mazi","Est. reading time":"3 minutes"},"schema":{"@context":"https:\/\/schema.org","@graph":[{"@type":"Article","@id":"https:\/\/darkamazi.info\/archives\/1054058#article","isPartOf":{"@id":"https:\/\/darkamazi.info\/archives\/1054058"},"author":{"name":"darka mazi","@id":"https:\/\/darkamazi.info\/#\/schema\/person\/5ad3e24553a0567993fa8ed4bd0a776c"},"headline":"Duran Kalkan li \u00cemraliy\u00ea bi Evdila Ocalan re hevd\u00eetin kir","datePublished":"2026-08-31T15:39:14+00:00","mainEntityOfPage":{"@id":"https:\/\/darkamazi.info\/archives\/1054058"},"wordCount":660,"publisher":{"@id":"https:\/\/darkamazi.info\/#organization"},"image":{"@id":"https:\/\/darkamazi.info\/archives\/1054058#primaryimage"},"thumbnailUrl":"https:\/\/darkamazi.info\/file\/2026\/08\/imrali-ocalan-pkk-leaders-info.jpg","keywords":["sereke"],"articleSection":["Nih\u00ean\u00ee"],"inLanguage":"en-US"},{"@type":"WebPage","@id":"https:\/\/darkamazi.info\/archives\/1054058","url":"https:\/\/darkamazi.info\/archives\/1054058","name":"Duran Kalkan li \u00cemraliy\u00ea bi Evdila Ocalan re hevd\u00eetin kir - Darka Maz\u00ee","isPartOf":{"@id":"https:\/\/darkamazi.info\/#website"},"primaryImageOfPage":{"@id":"https:\/\/darkamazi.info\/archives\/1054058#primaryimage"},"image":{"@id":"https:\/\/darkamazi.info\/archives\/1054058#primaryimage"},"thumbnailUrl":"https:\/\/darkamazi.info\/file\/2026\/08\/imrali-ocalan-pkk-leaders-info.jpg","datePublished":"2026-08-31T15:39:14+00:00","breadcrumb":{"@id":"https:\/\/darkamazi.info\/archives\/1054058#breadcrumb"},"inLanguage":"en-US","potentialAction":[{"@type":"ReadAction","target":["https:\/\/darkamazi.info\/archives\/1054058"]}]},{"@type":"ImageObject","inLanguage":"en-US","@id":"https:\/\/darkamazi.info\/archives\/1054058#primaryimage","url":"https:\/\/darkamazi.info\/file\/2026\/08\/imrali-ocalan-pkk-leaders-info.jpg","contentUrl":"https:\/\/darkamazi.info\/file\/2026\/08\/imrali-ocalan-pkk-leaders-info.jpg","width":900,"height":497,"caption":"imrali-ocalan-pkk-leaders-info"},{"@type":"BreadcrumbList","@id":"https:\/\/darkamazi.info\/archives\/1054058#breadcrumb","itemListElement":[{"@type":"ListItem","position":1,"name":"Home","item":"https:\/\/darkamazi.info\/"},{"@type":"ListItem","position":2,"name":"Duran Kalkan li \u00cemraliy\u00ea bi Evdila Ocalan re hevd\u00eetin kir"}]},{"@type":"WebSite","@id":"https:\/\/darkamazi.info\/#website","url":"https:\/\/darkamazi.info\/","name":"Darka Maz\u00ee","description":"P\u00eageha Zanyariy\u00ean Nebih\u00eest\u00ee","publisher":{"@id":"https:\/\/darkamazi.info\/#organization"},"potentialAction":[{"@type":"SearchAction","target":{"@type":"EntryPoint","urlTemplate":"https:\/\/darkamazi.info\/?s={search_term_string}"},"query-input":{"@type":"PropertyValueSpecification","valueRequired":true,"valueName":"search_term_string"}}],"inLanguage":"en-US"},{"@type":"Organization","@id":"https:\/\/darkamazi.info\/#organization","name":"Darka Maz\u00ee","url":"https:\/\/darkamazi.info\/","logo":{"@type":"ImageObject","inLanguage":"en-US","@id":"https:\/\/darkamazi.info\/#\/schema\/logo\/image\/","url":"https:\/\/darkamazi.info\/file\/2017\/12\/darka-mazi-logo.png","contentUrl":"https:\/\/darkamazi.info\/file\/2017\/12\/darka-mazi-logo.png","width":151,"height":75,"caption":"Darka Maz\u00ee"},"image":{"@id":"https:\/\/darkamazi.info\/#\/schema\/logo\/image\/"},"sameAs":["https:\/\/www.facebook.com\/DarMaziKurmanci","https:\/\/x.com\/DarkaMaziLatini","https:\/\/www.instagram.com\/darkamazi.kurmanci\/","https:\/\/www.youtube.com\/channel\/UCa5HkTdmI8U1qCUFuTw8B2g"]},{"@type":"Person","@id":"https:\/\/darkamazi.info\/#\/schema\/person\/5ad3e24553a0567993fa8ed4bd0a776c","name":"darka mazi","sameAs":["https:\/\/darkamazi.info\/"],"url":"https:\/\/darkamazi.info\/archives\/author\/kurdi"}]}},"_links":{"self":[{"href":"https:\/\/darkamazi.info\/funavuv\/wp\/v2\/posts\/1054058","targetHints":{"allow":["GET"]}}],"collection":[{"href":"https:\/\/darkamazi.info\/funavuv\/wp\/v2\/posts"}],"about":[{"href":"https:\/\/darkamazi.info\/funavuv\/wp\/v2\/types\/post"}],"author":[{"embeddable":true,"href":"https:\/\/darkamazi.info\/funavuv\/wp\/v2\/users\/2"}],"replies":[{"embeddable":true,"href":"https:\/\/darkamazi.info\/funavuv\/wp\/v2\/comments?post=1054058"}],"version-history":[{"count":1,"href":"https:\/\/darkamazi.info\/funavuv\/wp\/v2\/posts\/1054058\/revisions"}],"predecessor-version":[{"id":1054060,"href":"https:\/\/darkamazi.info\/funavuv\/wp\/v2\/posts\/1054058\/revisions\/1054060"}],"wp:featuredmedia":[{"embeddable":true,"href":"https:\/\/darkamazi.info\/funavuv\/wp\/v2\/media\/1054059"}],"wp:attachment":[{"href":"https:\/\/darkamazi.info\/funavuv\/wp\/v2\/media?parent=1054058"}],"wp:term":[{"taxonomy":"category","embeddable":true,"href":"https:\/\/darkamazi.info\/funavuv\/wp\/v2\/categories?post=1054058"},{"taxonomy":"post_tag","embeddable":true,"href":"https:\/\/darkamazi.info\/funavuv\/wp\/v2\/tags?post=1054058"}],"curies":[{"name":"wp","href":"https:\/\/api.w.org\/{rel}","templated":true}]}}