{"id":1054065,"date":"2026-09-01T18:02:34","date_gmt":"2026-09-01T15:02:34","guid":{"rendered":"https:\/\/darkamazi.info\/?p=1054065"},"modified":"2026-09-01T18:02:34","modified_gmt":"2026-09-01T15:02:34","slug":"keseya-mezin-ya-bakure-kurdistane","status":"publish","type":"post","link":"https:\/\/darkamazi.info\/archives\/1054065","title":{"rendered":"K\u00ea\u015feya Mezin ya bakur\u00ea Kurdistan\u00ea!!!\u00a0\u00a0\u00a0\u00a0\u00a0\u00a0\u00a0"},"content":{"rendered":"<h3 style=\"text-align: justify;\"><span style=\"font-family: 'arial black', sans-serif; color: #0000ff;\">B\u00fbb\u00ea Eser<\/span><\/h3>\n<h3 style=\"text-align: justify;\"><span style=\"font-family: 'arial black', sans-serif;\">Ez li gor tecrubey\u00ean xwe y\u00ean siyas\u00ee ku ez ji sala 1972an de di nava siyaseta Kurdistan\u00ea de me, gihi\u015ftim w\u00ea bawer\u00ee ku problema mezin ya kurd\u00ean bakur\u00ea Kurdistan\u00ea ew e ku serok\u00ean partiy\u00ean t\u00eane mezinkirin ku ji bil\u00ee wan jiyan nabe. Ji bil\u00ee serok kes tu ti\u015ftek\u00ee nizanin. Serok her ti\u015ft e. Serok \u00e7i b\u00eaje rast e \u00fb li dij derketandin ne kar \u00fb hed\u00ea endaman e.<\/span><\/h3>\n<h3 style=\"text-align: justify;\">Li gor baweriya min ev j\u00ee bi zanet\u00ea ji teref dagirkeran ketiye nava me \u00fb hatiye pejirandin ku serok nay\u00ean rexnekirin. Dema rew\u015f ev be w\u00ea serok j\u00ee her ti\u015ftek\u00ee li gor berjewendiya xwe \u00fb malbata xwe bi r\u00eave bibe. Ji bona w\u00ee\/\u00ea \u00e7i lazim \u00fb p\u00eaw\u00eest be d\u00ea w\u00ea bike.<\/h3>\n<h3 style=\"text-align: justify;\">Heta ku em kurd xwe ji v\u00ea rew\u015f\u00ea azad nekin \u00fb serok\u00ean partiy\u00ean xwe j\u00ee weke xwe neb\u00eenin, h\u00fbn bawer bikin em \u00ea tim h\u00eas\u00eer \u00fb reben\u00ea berdest\u00ea serokan be. Li gor min div\u00ea em v\u00ea rew\u015f\u00ea biguherin \u00fb bi awayek\u00ee demokrat\u00eek kar\u00ea r\u00eaxistiniya xwe bime\u015f\u00eenin em \u00ea weke kurd bi hevre bi serkevin.<\/h3>\n<h3 style=\"text-align: justify;\">D\u00eesa li gor baweriya min y\u00ean naxwazin yekit\u00ee \u00fb yekr\u00eaziya nava mala kurd p\u00eak b\u00ea, serok \u00fb serokatiya partiyan bi xwe ne. R\u00eaxistin an part\u00ee li gor r\u00ea \u00fb r\u00eabaz\u00ean serok t\u00eane me\u015fandin. L\u00ea dema serok nay\u00ean rexnekirin, li dij \u015fa\u015f\u00ee \u00fb k\u00eamaniy\u00ean wan helwest\u00ean rast ney\u00ean girtin, ew \u00ea j\u00ee her weke xwe bike \u00fb tevbigere.<\/h3>\n<h3 style=\"text-align: justify;\">Ev nay\u00ea w\u00ea watey\u00ea ku div\u00ea em ji serok\u00ean xwe hez nekin, q\u00eemet \u00fb r\u00fbmetan wan negirin. Na eks\u00ea w\u00ea div\u00ea em bi hevre q\u00eemet\u00ea bidin wan da ku ew j\u00ee r\u00ea \u00fb r\u00eabazin di berjewendiya gel de bin p\u00ea\u015fk\u00ea\u015f\u00ee me \u00fb gel\u00ea me bikin.<\/h3>\n<h3 style=\"text-align: justify;\">Ji ber ku serok kil\u00eeta bi karan\u00eena motor\u00ea ye. Dema motor\u00ea kar kir w\u00ea bime\u015fe \u00fb bi me\u015fa xwe j\u00ee he\u00e7\u00ee kes\u00ean li ser r\u00eayan mane d\u00ea hilgire nava xwe. Loma j\u00ee serok \u00fb serokat\u00ee gir\u00eeng e. L\u00ea ne weke em kurd v\u00ea dikin.<\/h3>\n<h3 style=\"text-align: justify;\">Em kurd serok dikin tab\u00fb, dibin heyran\u00ea wan \u00fb dikevin w\u00ea bawariy\u00ea ku ew ji hem\u00ee endam\u00ean xwe \u00fb gel zanetir \u00fb h\u00eajatir in. Aha \u015fa\u015fiya em dikin ev e. Dema em serokek\u00ee weha mezin j\u00ee dikin \u00ead\u00ee em b\u00ea wate dim\u00eenin. Hem\u00ee ti\u015ft dibe serok \u00fb w\u00ee\/\u00ea \u00e7i got ew e.<\/h3>\n<h3 style=\"text-align: justify;\">Dema ku serokek j\u00ee, w\u00ea h\u00eaz\u00ea, w\u00ea hezkirin\u00ea \u00fb w\u00ea baweriy\u00ea dib\u00eene, xwe weke ejdergehek\u00ee dizane \u00fb dikeve rew\u015fa ku \u00ead\u00ee her ti\u015ft ew e. Dema her ti\u015ft ew be j\u00ee em weke endam dibin mir\u00eed\u00ea w\u00ee ku \u00e7i b\u00eaje, b\u00ea munaqe\u015fe bi cih t\u00eenin.<\/h3>\n<h3 style=\"text-align: justify;\">Loma gihi\u015ftim w\u00ea baweriy\u00ea ku neyekr\u00eaz\u00ee \u00fb ne li hevkirina me ji ber helwest, kiryar \u00fb b\u00fbyer\u00ean serokan e ku em nikarin bibin yek. Ez soz didim milet\u00ea kurd ku \u00eero li bakur\u00ea Kurdistan\u00ea serok\u00ean wan partiy\u00ean me y\u00ean ji xwe re dib\u00eajin em Kurdistan\u00ee ne, werin ba hev \u00fb biryara yekitiy\u00ea bi hevre bigirin ev mesele hal dibe. L\u00ea nakin.<\/h3>\n<h3 style=\"text-align: justify;\">Di yekitiyeke weha de dibe ku \u00e7end deng\u00ean neraz\u00eeb\u00fbn derkevin, l\u00ea tal\u00ee ev \u00ea here ser\u00ee \u00fb em \u00ea bi hevre bibin xwed\u00ee h\u00eazeke yekgirt\u00ee ya netewey\u00ee. K\u00ee \u00e7i dib\u00eajin bila b\u00eajin, k\u00ea\u015fe ango probelema me ya bakur\u00ea kurdistan a mezin serok \u00fb serokat\u00ee ye.<\/h3>\n<h3 style=\"text-align: justify;\">Piraniya serokan j\u00ee naxwazin ji w\u00ee meqam\u00ee b\u00eane xwar\u00ea. Hin ji wan bi tecrubey\u00ean xwe \u00fb hin j\u00ee wan bi zaneb\u00fbn \u00fb t\u00eagihi\u015ftin\u00ean xwe bibin r\u00ean\u00ee\u015fandana ciwan\u00ean xwe, w\u00ea b\u00eatir berhemdar bin. L\u00ea nakin \u00fb div\u00ea her ew serok bin.<\/h3>\n<h3 style=\"text-align: justify;\">Ji ber ku nav\u00ea serokatiy\u00ea mezin e \u00fb naxwazin dev ji w\u00ee nav\u00ee berdin. Hin serok\u00ean partiy\u00ean me y\u00ean Kurdistan\u00ee li bakur\u00ea Kurdistan\u00ea hene ku h\u00ea nizanin bi r\u00eak \u00fb p\u00eak ziman\u00ea xwe kurdiya delal bi kar b\u00eenin. Hin hene nizanin belavokek\u00ea biniv\u00ees\u00eene. Hin hene nizanin qise bikin \u00fb rew\u015fa kurdistan\u00ea ya \u00eero bi\u015fop\u00eenin. L\u00ea serok in.<\/h3>\n<h3 style=\"text-align: justify;\">Bi dehan endam\u00ean wan y\u00ean ji wan zanetir hene, l\u00ea ew serok in. \u00c7ima ji ber ku \u00eero ne do ye. \u00cero di siyaset\u00ea de per\u00ean k\u00ea hebin ew li p\u00ea\u015f in. Kes rew\u015fa wan nap\u00eevin, nakolin zan\u00een \u00fb t\u00eagihi\u015ftina w\u00ee\/wan dizanin, l\u00ea ji ber xwed\u00ee perene ew serok in \u00fb di serokatiy\u00ea de cih digirin. Helbet hin \u00eest\u00eesna ne t\u00eade.<\/h3>\n<h3 style=\"text-align: justify;\">Ew serok\u00ean ku endam\u00ean wan her ti\u015ft dane wan j\u00ee, f\u00eam nakin ku ew serok dikare rojek\u00ea endam \u00fb welat\u00ea xwe ji bona berjewendiya xwe ya malbat\u00ee \u00fb sexs\u00ee p\u00ea\u015fk\u00ea\u015f\u00ee dewlet\u00ea bike.<\/h3>\n<h3 style=\"text-align: justify;\">Aha binerin \u00eero Evdila Ocalan \u00e7i dib\u00eaje yek endam\u00ean w\u00ee nikarin \u00fb naxwazin li dij w\u00ee gotinek\u00ea b\u00eajin. \u00c7i dib\u00eaje \u00fb \u00e7i biryar\u00ea dide her ew ji bona temama endam\u00ean w\u00ee derbas dibe. Kes nikarin li ser raman \u00fb fikr\u00ean w\u00ee qise an munaqe\u015fe bikin. Heman rew\u015f di nava partiy\u00ean me y\u00ean kurdistan\u00ee de j\u00ee heye\u2026<\/h3>\n<h3 style=\"text-align: justify;\">Ji ber v\u00ea ez dib\u00eajim p\u00eaw\u00eest e em ew kes\u00ean xwe weke endam \u00fb kesayetek\u00ee kurdistan\u00ee dib\u00eenin, div\u00ea em v\u00ea rew\u015f\u00ea ji n\u00fb de bi hevre munaqe\u015fe bikin. Div\u00ea em bi hevre w\u00ee maf\u00ee nedin serokan ku ew her ti\u015ft e \u00fb ew xwed\u00ee hem\u00ee biryar e. Bala xwe bid\u00ea yek dibe serok \u00ead\u00ee nema w\u00ee meqam\u00ee berdide. Heta ku ew hebe her d\u00ea ew be. Ev j\u00ee bi ser\u00ea xwe karesetek e.<\/h3>\n<h3 style=\"text-align: justify;\">Div\u00ea em bi \u00e7andeke n\u00fbjen, karibin \u015fa\u015f\u00ee \u00fb k\u00eamaniy\u00ean serok\u00ean xwe j\u00ee b\u00eajin. Li ser biryar\u00ean ew didin bi hevre munaqe\u015fe bikin. L\u00ea div\u00ea em d\u00eesa j\u00ee q\u00eemeta serok\u00ean xwe bizanibin l\u00ea nekin her ti\u015ftek\u00ee. Dema serok bibe her ti\u015ft, ew \u00ea j\u00ee her ti\u015ftek\u00ee weke xwe bike. W\u00ea gav\u00ea div\u00ea em gazinan nekin.<\/h3>\n<h3 style=\"text-align: justify;\">L\u00ea hin serok hene, bi ked \u00fb xebat\u00ean xwe, bi teko\u015fer\u00ee, fikir \u00fb raman\u00ean xwe, b\u00fbne sembol\u00ean gel\u00ea xwe \u00fb tal\u00ee j\u00ee b\u00fbne canogiriy\u00ean gel\u00ea xwe. Hin ji wan h\u00ea sax in \u00fb ji bona azad\u00ee \u00fb serxweb\u00fbna gel\u00ea xwe t\u00eadiko\u015fin kar \u00fb xebat\u00ea dikin, div\u00ea em wan ji b\u00eer nekin \u00fb wan j\u00ee nexin nava yek kefen\u00ee\u2026<\/h3>\n<h3 style=\"text-align: justify;\">Bi v\u00ea wes\u00eeley\u00ea ez kongreya 2em ya Partiya Welatpar\u00eaz\u00ean Kurdistan\u00ea \u00fb hilbijartina br\u00eaz Mustafa Oz\u00e7elik ku ji n\u00fb de b\u00fb serok \u00fb hem\u00ee organ\u00ean w\u00ea p\u00eeroz dikim.<\/h3>\n","protected":false},"excerpt":{"rendered":"<p>B\u00fbb\u00ea Eser Ez li gor tecrubey\u00ean xwe y\u00ean siyas\u00ee ku ez ji sala 1972an de di nava siyaseta Kurdistan\u00ea de me, gihi\u015ftim w\u00ea bawer\u00ee ku problema mezin ya kurd\u00ean bakur\u00ea Kurdistan\u00ea ew e ku serok\u00ean partiy\u00ean t\u00eane mezinkirin ku ji bil\u00ee wan jiyan nabe. Ji bil\u00ee serok kes tu ti\u015ftek\u00ee nizanin. Serok her ti\u015ft e. [&hellip;]<\/p>\n","protected":false},"author":2,"featured_media":1054066,"comment_status":"closed","ping_status":"closed","sticky":false,"template":"","format":"standard","meta":{"footnotes":""},"categories":[28],"tags":[37],"class_list":["post-1054065","post","type-post","status-publish","format-standard","has-post-thumbnail","hentry","category-nerin","tag-sereke"],"blocksy_meta":{"styles_descriptor":{"styles":{"desktop":"","tablet":"","mobile":""},"google_fonts":[],"version":7}},"seo_head":"<!-- This site is optimized with the Yoast SEO plugin v28.3 - https:\/\/yoast.com\/product\/yoast-seo-wordpress\/ -->\n<title>K\u00ea\u015feya Mezin ya bakur\u00ea Kurdistan\u00ea!!!\u00a0\u00a0\u00a0\u00a0\u00a0\u00a0\u00a0 - Darka Maz\u00ee<\/title>\n<meta name=\"robots\" content=\"index, follow, max-snippet:-1, max-image-preview:large, max-video-preview:-1\" \/>\n<link rel=\"canonical\" href=\"https:\/\/darkamazi.info\/archives\/1054065\" \/>\n<meta property=\"og:locale\" content=\"en_US\" \/>\n<meta property=\"og:type\" content=\"article\" \/>\n<meta property=\"og:title\" content=\"K\u00ea\u015feya Mezin ya bakur\u00ea Kurdistan\u00ea!!!\u00a0\u00a0\u00a0\u00a0\u00a0\u00a0\u00a0 - Darka Maz\u00ee\" \/>\n<meta property=\"og:description\" content=\"B\u00fbb\u00ea Eser Ez li gor tecrubey\u00ean xwe y\u00ean siyas\u00ee ku ez ji sala 1972an de di nava siyaseta Kurdistan\u00ea de me, gihi\u015ftim w\u00ea bawer\u00ee ku problema mezin ya kurd\u00ean bakur\u00ea Kurdistan\u00ea ew e ku serok\u00ean partiy\u00ean t\u00eane mezinkirin ku ji bil\u00ee wan jiyan nabe. Ji bil\u00ee serok kes tu ti\u015ftek\u00ee nizanin. Serok her ti\u015ft e. [&hellip;]\" \/>\n<meta property=\"og:url\" content=\"https:\/\/darkamazi.info\/archives\/1054065\" \/>\n<meta property=\"og:site_name\" content=\"Darka Maz\u00ee\" \/>\n<meta property=\"article:publisher\" content=\"https:\/\/www.facebook.com\/DarMaziKurmanci\" \/>\n<meta property=\"article:published_time\" content=\"2026-09-01T15:02:34+00:00\" \/>\n<meta property=\"og:image\" content=\"https:\/\/darkamazi.info\/file\/2026\/09\/Bube-eser-1-1-900x497-1.jpg\" \/>\n\t<meta property=\"og:image:width\" content=\"900\" \/>\n\t<meta property=\"og:image:height\" content=\"497\" \/>\n\t<meta property=\"og:image:type\" content=\"image\/jpeg\" \/>\n<meta name=\"author\" content=\"darka mazi\" \/>\n<meta name=\"twitter:card\" content=\"summary_large_image\" \/>\n<meta name=\"twitter:creator\" content=\"@DarkaMaziLatini\" \/>\n<meta name=\"twitter:site\" content=\"@DarkaMaziLatini\" \/>\n<meta name=\"twitter:label1\" content=\"Written by\" \/>\n\t<meta name=\"twitter:data1\" content=\"darka mazi\" \/>\n\t<meta name=\"twitter:label2\" content=\"Est. reading time\" \/>\n\t<meta name=\"twitter:data2\" content=\"5 minutes\" \/>\n<script type=\"application\/ld+json\" class=\"seo-schema-graph\">{\"@context\":\"https:\\\/\\\/schema.org\",\"@graph\":[{\"@type\":\"Article\",\"@id\":\"https:\\\/\\\/darkamazi.info\\\/archives\\\/1054065#article\",\"isPartOf\":{\"@id\":\"https:\\\/\\\/darkamazi.info\\\/archives\\\/1054065\"},\"author\":{\"name\":\"darka mazi\",\"@id\":\"https:\\\/\\\/darkamazi.info\\\/#\\\/schema\\\/person\\\/5ad3e24553a0567993fa8ed4bd0a776c\"},\"headline\":\"K\u00ea\u015feya Mezin ya bakur\u00ea Kurdistan\u00ea!!!\u00a0\u00a0\u00a0\u00a0\u00a0\u00a0\u00a0\",\"datePublished\":\"2026-09-01T15:02:34+00:00\",\"mainEntityOfPage\":{\"@id\":\"https:\\\/\\\/darkamazi.info\\\/archives\\\/1054065\"},\"wordCount\":1093,\"publisher\":{\"@id\":\"https:\\\/\\\/darkamazi.info\\\/#organization\"},\"image\":{\"@id\":\"https:\\\/\\\/darkamazi.info\\\/archives\\\/1054065#primaryimage\"},\"thumbnailUrl\":\"https:\\\/\\\/darkamazi.info\\\/darka-content\\\/uploads\\\/2026\\\/09\\\/Bube-eser-1-1-900x497-1.jpg\",\"keywords\":[\"sereke\"],\"articleSection\":[\"Ner\u00een\"],\"inLanguage\":\"en-US\"},{\"@type\":\"WebPage\",\"@id\":\"https:\\\/\\\/darkamazi.info\\\/archives\\\/1054065\",\"url\":\"https:\\\/\\\/darkamazi.info\\\/archives\\\/1054065\",\"name\":\"K\u00ea\u015feya Mezin ya bakur\u00ea Kurdistan\u00ea!!!\u00a0\u00a0\u00a0\u00a0\u00a0\u00a0\u00a0 - Darka Maz\u00ee\",\"isPartOf\":{\"@id\":\"https:\\\/\\\/darkamazi.info\\\/#website\"},\"primaryImageOfPage\":{\"@id\":\"https:\\\/\\\/darkamazi.info\\\/archives\\\/1054065#primaryimage\"},\"image\":{\"@id\":\"https:\\\/\\\/darkamazi.info\\\/archives\\\/1054065#primaryimage\"},\"thumbnailUrl\":\"https:\\\/\\\/darkamazi.info\\\/darka-content\\\/uploads\\\/2026\\\/09\\\/Bube-eser-1-1-900x497-1.jpg\",\"datePublished\":\"2026-09-01T15:02:34+00:00\",\"breadcrumb\":{\"@id\":\"https:\\\/\\\/darkamazi.info\\\/archives\\\/1054065#breadcrumb\"},\"inLanguage\":\"en-US\",\"potentialAction\":[{\"@type\":\"ReadAction\",\"target\":[\"https:\\\/\\\/darkamazi.info\\\/archives\\\/1054065\"]}]},{\"@type\":\"ImageObject\",\"inLanguage\":\"en-US\",\"@id\":\"https:\\\/\\\/darkamazi.info\\\/archives\\\/1054065#primaryimage\",\"url\":\"https:\\\/\\\/darkamazi.info\\\/darka-content\\\/uploads\\\/2026\\\/09\\\/Bube-eser-1-1-900x497-1.jpg\",\"contentUrl\":\"https:\\\/\\\/darkamazi.info\\\/darka-content\\\/uploads\\\/2026\\\/09\\\/Bube-eser-1-1-900x497-1.jpg\",\"width\":900,\"height\":497,\"caption\":\"K\u00ea\u015feya Mezin ya bakur\u00ea Kurdistan\u00ea!!!\u00a0\u00a0\u00a0\u00a0\u00a0\u00a0\u00a0\"},{\"@type\":\"BreadcrumbList\",\"@id\":\"https:\\\/\\\/darkamazi.info\\\/archives\\\/1054065#breadcrumb\",\"itemListElement\":[{\"@type\":\"ListItem\",\"position\":1,\"name\":\"Home\",\"item\":\"https:\\\/\\\/darkamazi.info\\\/\"},{\"@type\":\"ListItem\",\"position\":2,\"name\":\"K\u00ea\u015feya Mezin ya bakur\u00ea Kurdistan\u00ea!!!\u00a0\u00a0\u00a0\u00a0\u00a0\u00a0\u00a0\"}]},{\"@type\":\"WebSite\",\"@id\":\"https:\\\/\\\/darkamazi.info\\\/#website\",\"url\":\"https:\\\/\\\/darkamazi.info\\\/\",\"name\":\"Darka Maz\u00ee\",\"description\":\"P\u00eageha Zanyariy\u00ean Nebih\u00eest\u00ee\",\"publisher\":{\"@id\":\"https:\\\/\\\/darkamazi.info\\\/#organization\"},\"potentialAction\":[{\"@type\":\"SearchAction\",\"target\":{\"@type\":\"EntryPoint\",\"urlTemplate\":\"https:\\\/\\\/darkamazi.info\\\/?s={search_term_string}\"},\"query-input\":{\"@type\":\"PropertyValueSpecification\",\"valueRequired\":true,\"valueName\":\"search_term_string\"}}],\"inLanguage\":\"en-US\"},{\"@type\":\"Organization\",\"@id\":\"https:\\\/\\\/darkamazi.info\\\/#organization\",\"name\":\"Darka Maz\u00ee\",\"url\":\"https:\\\/\\\/darkamazi.info\\\/\",\"logo\":{\"@type\":\"ImageObject\",\"inLanguage\":\"en-US\",\"@id\":\"https:\\\/\\\/darkamazi.info\\\/#\\\/schema\\\/logo\\\/image\\\/\",\"url\":\"https:\\\/\\\/darkamazi.info\\\/darka-content\\\/uploads\\\/2017\\\/12\\\/darka-mazi-logo.png\",\"contentUrl\":\"https:\\\/\\\/darkamazi.info\\\/darka-content\\\/uploads\\\/2017\\\/12\\\/darka-mazi-logo.png\",\"width\":151,\"height\":75,\"caption\":\"Darka Maz\u00ee\"},\"image\":{\"@id\":\"https:\\\/\\\/darkamazi.info\\\/#\\\/schema\\\/logo\\\/image\\\/\"},\"sameAs\":[\"https:\\\/\\\/www.facebook.com\\\/DarMaziKurmanci\",\"https:\\\/\\\/x.com\\\/DarkaMaziLatini\",\"https:\\\/\\\/www.instagram.com\\\/darkamazi.kurmanci\\\/\",\"https:\\\/\\\/www.youtube.com\\\/channel\\\/UCa5HkTdmI8U1qCUFuTw8B2g\"]},{\"@type\":\"Person\",\"@id\":\"https:\\\/\\\/darkamazi.info\\\/#\\\/schema\\\/person\\\/5ad3e24553a0567993fa8ed4bd0a776c\",\"name\":\"darka mazi\",\"sameAs\":[\"https:\\\/\\\/darkamazi.info\\\/\"],\"url\":\"https:\\\/\\\/darkamazi.info\\\/archives\\\/author\\\/kurdi\"}]}<\/script>\n<!-- \/ Yoast SEO plugin. -->","seo_head_json":{"title":"K\u00ea\u015feya Mezin ya bakur\u00ea Kurdistan\u00ea!!!\u00a0\u00a0\u00a0\u00a0\u00a0\u00a0\u00a0 - Darka Maz\u00ee","robots":{"index":"index","follow":"follow","max-snippet":"max-snippet:-1","max-image-preview":"max-image-preview:large","max-video-preview":"max-video-preview:-1"},"canonical":"https:\/\/darkamazi.info\/archives\/1054065","og_locale":"en_US","og_type":"article","og_title":"K\u00ea\u015feya Mezin ya bakur\u00ea Kurdistan\u00ea!!!\u00a0\u00a0\u00a0\u00a0\u00a0\u00a0\u00a0 - Darka Maz\u00ee","og_description":"B\u00fbb\u00ea Eser Ez li gor tecrubey\u00ean xwe y\u00ean siyas\u00ee ku ez ji sala 1972an de di nava siyaseta Kurdistan\u00ea de me, gihi\u015ftim w\u00ea bawer\u00ee ku problema mezin ya kurd\u00ean bakur\u00ea Kurdistan\u00ea ew e ku serok\u00ean partiy\u00ean t\u00eane mezinkirin ku ji bil\u00ee wan jiyan nabe. Ji bil\u00ee serok kes tu ti\u015ftek\u00ee nizanin. Serok her ti\u015ft e. [&hellip;]","og_url":"https:\/\/darkamazi.info\/archives\/1054065","og_site_name":"Darka Maz\u00ee","article_publisher":"https:\/\/www.facebook.com\/DarMaziKurmanci","article_published_time":"2026-09-01T15:02:34+00:00","og_image":[{"width":900,"height":497,"url":"https:\/\/darkamazi.info\/file\/2026\/09\/Bube-eser-1-1-900x497-1.jpg","type":"image\/jpeg"}],"author":"darka mazi","twitter_card":"summary_large_image","twitter_creator":"@DarkaMaziLatini","twitter_site":"@DarkaMaziLatini","twitter_misc":{"Written by":"darka mazi","Est. reading time":"5 minutes"},"schema":{"@context":"https:\/\/schema.org","@graph":[{"@type":"Article","@id":"https:\/\/darkamazi.info\/archives\/1054065#article","isPartOf":{"@id":"https:\/\/darkamazi.info\/archives\/1054065"},"author":{"name":"darka mazi","@id":"https:\/\/darkamazi.info\/#\/schema\/person\/5ad3e24553a0567993fa8ed4bd0a776c"},"headline":"K\u00ea\u015feya Mezin ya bakur\u00ea Kurdistan\u00ea!!!\u00a0\u00a0\u00a0\u00a0\u00a0\u00a0\u00a0","datePublished":"2026-09-01T15:02:34+00:00","mainEntityOfPage":{"@id":"https:\/\/darkamazi.info\/archives\/1054065"},"wordCount":1093,"publisher":{"@id":"https:\/\/darkamazi.info\/#organization"},"image":{"@id":"https:\/\/darkamazi.info\/archives\/1054065#primaryimage"},"thumbnailUrl":"https:\/\/darkamazi.info\/file\/2026\/09\/Bube-eser-1-1-900x497-1.jpg","keywords":["sereke"],"articleSection":["Ner\u00een"],"inLanguage":"en-US"},{"@type":"WebPage","@id":"https:\/\/darkamazi.info\/archives\/1054065","url":"https:\/\/darkamazi.info\/archives\/1054065","name":"K\u00ea\u015feya Mezin ya bakur\u00ea Kurdistan\u00ea!!!\u00a0\u00a0\u00a0\u00a0\u00a0\u00a0\u00a0 - Darka Maz\u00ee","isPartOf":{"@id":"https:\/\/darkamazi.info\/#website"},"primaryImageOfPage":{"@id":"https:\/\/darkamazi.info\/archives\/1054065#primaryimage"},"image":{"@id":"https:\/\/darkamazi.info\/archives\/1054065#primaryimage"},"thumbnailUrl":"https:\/\/darkamazi.info\/file\/2026\/09\/Bube-eser-1-1-900x497-1.jpg","datePublished":"2026-09-01T15:02:34+00:00","breadcrumb":{"@id":"https:\/\/darkamazi.info\/archives\/1054065#breadcrumb"},"inLanguage":"en-US","potentialAction":[{"@type":"ReadAction","target":["https:\/\/darkamazi.info\/archives\/1054065"]}]},{"@type":"ImageObject","inLanguage":"en-US","@id":"https:\/\/darkamazi.info\/archives\/1054065#primaryimage","url":"https:\/\/darkamazi.info\/file\/2026\/09\/Bube-eser-1-1-900x497-1.jpg","contentUrl":"https:\/\/darkamazi.info\/file\/2026\/09\/Bube-eser-1-1-900x497-1.jpg","width":900,"height":497,"caption":"K\u00ea\u015feya Mezin ya bakur\u00ea Kurdistan\u00ea!!!\u00a0\u00a0\u00a0\u00a0\u00a0\u00a0\u00a0"},{"@type":"BreadcrumbList","@id":"https:\/\/darkamazi.info\/archives\/1054065#breadcrumb","itemListElement":[{"@type":"ListItem","position":1,"name":"Home","item":"https:\/\/darkamazi.info\/"},{"@type":"ListItem","position":2,"name":"K\u00ea\u015feya Mezin ya bakur\u00ea Kurdistan\u00ea!!!\u00a0\u00a0\u00a0\u00a0\u00a0\u00a0\u00a0"}]},{"@type":"WebSite","@id":"https:\/\/darkamazi.info\/#website","url":"https:\/\/darkamazi.info\/","name":"Darka Maz\u00ee","description":"P\u00eageha Zanyariy\u00ean Nebih\u00eest\u00ee","publisher":{"@id":"https:\/\/darkamazi.info\/#organization"},"potentialAction":[{"@type":"SearchAction","target":{"@type":"EntryPoint","urlTemplate":"https:\/\/darkamazi.info\/?s={search_term_string}"},"query-input":{"@type":"PropertyValueSpecification","valueRequired":true,"valueName":"search_term_string"}}],"inLanguage":"en-US"},{"@type":"Organization","@id":"https:\/\/darkamazi.info\/#organization","name":"Darka Maz\u00ee","url":"https:\/\/darkamazi.info\/","logo":{"@type":"ImageObject","inLanguage":"en-US","@id":"https:\/\/darkamazi.info\/#\/schema\/logo\/image\/","url":"https:\/\/darkamazi.info\/file\/2017\/12\/darka-mazi-logo.png","contentUrl":"https:\/\/darkamazi.info\/file\/2017\/12\/darka-mazi-logo.png","width":151,"height":75,"caption":"Darka Maz\u00ee"},"image":{"@id":"https:\/\/darkamazi.info\/#\/schema\/logo\/image\/"},"sameAs":["https:\/\/www.facebook.com\/DarMaziKurmanci","https:\/\/x.com\/DarkaMaziLatini","https:\/\/www.instagram.com\/darkamazi.kurmanci\/","https:\/\/www.youtube.com\/channel\/UCa5HkTdmI8U1qCUFuTw8B2g"]},{"@type":"Person","@id":"https:\/\/darkamazi.info\/#\/schema\/person\/5ad3e24553a0567993fa8ed4bd0a776c","name":"darka mazi","sameAs":["https:\/\/darkamazi.info\/"],"url":"https:\/\/darkamazi.info\/archives\/author\/kurdi"}]}},"_links":{"self":[{"href":"https:\/\/darkamazi.info\/funavuv\/wp\/v2\/posts\/1054065","targetHints":{"allow":["GET"]}}],"collection":[{"href":"https:\/\/darkamazi.info\/funavuv\/wp\/v2\/posts"}],"about":[{"href":"https:\/\/darkamazi.info\/funavuv\/wp\/v2\/types\/post"}],"author":[{"embeddable":true,"href":"https:\/\/darkamazi.info\/funavuv\/wp\/v2\/users\/2"}],"replies":[{"embeddable":true,"href":"https:\/\/darkamazi.info\/funavuv\/wp\/v2\/comments?post=1054065"}],"version-history":[{"count":1,"href":"https:\/\/darkamazi.info\/funavuv\/wp\/v2\/posts\/1054065\/revisions"}],"predecessor-version":[{"id":1054067,"href":"https:\/\/darkamazi.info\/funavuv\/wp\/v2\/posts\/1054065\/revisions\/1054067"}],"wp:featuredmedia":[{"embeddable":true,"href":"https:\/\/darkamazi.info\/funavuv\/wp\/v2\/media\/1054066"}],"wp:attachment":[{"href":"https:\/\/darkamazi.info\/funavuv\/wp\/v2\/media?parent=1054065"}],"wp:term":[{"taxonomy":"category","embeddable":true,"href":"https:\/\/darkamazi.info\/funavuv\/wp\/v2\/categories?post=1054065"},{"taxonomy":"post_tag","embeddable":true,"href":"https:\/\/darkamazi.info\/funavuv\/wp\/v2\/tags?post=1054065"}],"curies":[{"name":"wp","href":"https:\/\/api.w.org\/{rel}","templated":true}]}}