{"id":1054068,"date":"2026-09-01T18:48:33","date_gmt":"2026-09-01T15:48:33","guid":{"rendered":"https:\/\/darkamazi.info\/?p=1054068"},"modified":"2026-09-01T18:48:33","modified_gmt":"2026-09-01T15:48:33","slug":"mehdi-zana-bi-birinen-dile-xwe-re-koca-dawi-kir","status":"publish","type":"post","link":"https:\/\/darkamazi.info\/archives\/1054068","title":{"rendered":"Mehd\u00ee Zana, bi bir\u00een\u00ean dil\u00ea xwe re ko\u00e7a daw\u00ee kir"},"content":{"rendered":"<h3 style=\"text-align: justify;\"><span style=\"font-family: 'arial black', sans-serif; color: #0000ff;\">\u015e\u00eaxmus Ozzengin<\/span><\/h3>\n<h3 style=\"text-align: justify;\"><span style=\"font-family: 'arial black', sans-serif;\">Di 20\u00ea Berfbar\u00eena P\u00ea\u015f\u00ee ya sala 1940an de, li nav\u00e7eya Farq\u00een\u00ea ya Diyarbekir\u00ea, \u00e7av\u00ean xwe li jiyan\u00ea vekir. Ev serdem, serdemeke xerab, pir bi\u00ea\u015f \u00fb metirs\u00eedar b\u00fb. \u00c7end\u00een serhildan\u00ean mil\u00eat\u00ea Kurd bi xw\u00een \u00fb jenos\u00eedan t\u00eak \u00e7\u00fbb\u00fbn. H\u00een du sal di ser Jenos\u00eeda D\u00earsim\u00ea re derbas neb\u00fbb\u00fbn, ku Xal\u00ea Mehd\u00ee li Farq\u00eena m\u00eer \u00fb began, li war\u00ea Zemb\u00eelfiro\u015f, \u00e7av\u00ean xwe vekir.<\/span><\/h3>\n<h3 style=\"text-align: justify;\">\u00ca\u015fa komkuj\u00ee \u00fb jenos\u00eedan, di mal\u00ean Kurdan de, mil\u00eat ker \u00fb lal kirib\u00fb. Tirs \u00fb xofa barbar\u00ean Tirk, di her mala Kurdek\u00ee de, ber\u00ee ku deng\u00ea <strong><em>\u201c<\/em><\/strong>K<strong><em>\u201d<\/em><\/strong> ji dev derkeve, bi \u201chi\u015f hi\u015f\u201d\u00ea dihat qutkirin.<\/h3>\n<h3 style=\"text-align: justify;\">Xal\u00ea Mehd\u00ee<strong>,<\/strong> h\u00een di zaroktiya xwe de, da d\u00fb sebeba v\u00ea tirs\u00ea, v\u00ea b\u00eadengiy\u00ea \u00fb v\u00ea ker \u00fb laliy\u00ea. Pirs a p\u00ea\u015f\u00ee ya ku di ser\u00ea w\u00ee de cih girt, ev b\u00fb: \u201c\u00c7ima? Ji bo \u00e7i?\u201d<\/h3>\n<h3 style=\"text-align: justify;\">Di destp\u00eaka sal\u00ean 1960\u00ee de, li cem hostay\u00ea xwe y\u00ea qedirbilind \u00fb navdar Niyaz\u00ee<strong>, <\/strong>dest bi \u015fagirtiya dir\u00fbn\u00ea kir. Dikana Niyaz\u00ee, cih\u00ea Kurdperweran \u00fb \u00e7epgiran b\u00fb. Di dikan\u00ea de der\u00ee digirtin \u00fb li ser rew\u015fa xwe, rew\u015fa welat\u00ea xwe \u00fb barbar\u00eey\u00ean dewleta Tirk, dest bi sohbet\u00ea dikirin. Xal\u00ea Mehd\u00ee \u00e7ay dida wan \u00fb li wan guhdar\u00ee dikir. Her guh\u00ea Xal\u00ea Mehd\u00ee li van m\u00eavanan b\u00fb; gotinek j\u00ee nedirevand. Ev dikana Niyaz\u00ee<strong>,<\/strong> ji Xal\u00ea Mehd\u00ee re b\u00fb dibistana perwerdehiyeke siyas\u00ee.<\/h3>\n<h3 style=\"text-align: justify;\">Van sohbetan Xal\u00ea Mehd\u00ee mezin kir; b\u00fb xort \u00fb ket nav tevgeran. Akt\u00eev\u00eestek\u00ee w\u00earek, xwed\u00ee w\u00eejdan \u00fb dil\u015fewit\u00ee b\u00fb. Wan b\u00fbyer\u00ean teze y\u00ean 1919, 1925, 1927-1930 \u00fb 1938an, ku dewleta barbar an\u00eeb\u00fbn ser\u00ea mil\u00eat\u00ea Kurd, ji dev\u00ea zindiyan, li dikana Niyaz\u00ee, ji Kurdperweran guhdar\u00ee kirib\u00fb. Van serp\u00eahatiyan agir berdab\u00fb dil\u00ea w\u00ee. Agir\u00ea dil\u00ea w\u00ee, bi ava behran j\u00ee nedihat kontrolkirin. Ji ber w\u00ea j\u00ee, li ku civ\u00eenek, \u00e7alakiyek an \u015fevek heb\u00fbya, Xal\u00ea Mehd\u00ee li wir b\u00fb.<\/h3>\n<h3 style=\"text-align: justify;\">P\u00ea\u015f\u00ee, Xal\u00ea Mehd\u00ee j\u00ee, digel xort\u00ean din \u00ean Kurd, di nav T\u0130P\u00ea (Partiya Karker\u00ean Tirkiy\u00ea) de cih girt. Di sala 1969an de ji T\u0130P\u00ea qetiyan \u00fb DDKO ava kirin. Armanca DDKO<strong>;<\/strong> avakirina r\u00eaxistineke Kurd \u00fb Kurdistan\u00ee b\u00fb, ku ji Tirkan biqetin \u00fb xwe bi r\u00eaxistin bikin. Bi avakirina v\u00ea komeley\u00ea re, di gelek bajar \u00fb nav\u00e7ey\u00ean Kurdistan\u00ea de DDKO vekirin. Bi \u00ear\u00ee\u015f\u00ean art\u00ea\u015fa Tirk a ser gund\u00ean Kurdistan\u00ea re, li gelek cih\u00ean Kurdistan\u00ea protesto \u00fb me\u015f hatin lidarxistin. Xal\u00ea Mehd\u00ee, wek axaftvan \u00fb akt\u00eev\u00eest, di van hem\u00fb \u00e7alakiyan de cih girt.<\/h3>\n<h3 style=\"text-align: justify;\">K\u00fbtaya le\u015fker\u00ee ya 1971\u00ea \u00e7\u00eab\u00fb. DDKO hat girtin \u00fb hem\u00fb endam \u00fb damezr\u00eener\u00ean w\u00ea hatin desteserkirin; di \u00ee\u015fkencan re derbas b\u00fbn \u00fb li zindana Diyarbekir\u00ea hatin komkirin. Xal\u00ea Mehd\u00ee, digel Terz\u00ee Niyaz\u00ee \u00fb bi sedan xort\u00ean din \u00ean Kurd, hat girtin.<\/h3>\n<h3 style=\"text-align: justify;\">Bi ef\u00fbya 1974an re, xort\u00ean Kurd azad b\u00fbn \u00fb h\u00ead\u00ee h\u00ead\u00ee dest bi avakirina komele, r\u00eaxistin, kovar \u00fb we\u015fanxaneyan kirin.<\/h3>\n<h3 style=\"text-align: justify;\">Di sala 1976an de, Alparslan T\u00fcrke\u015f, ku wek nijadperestek\u00ee Tirk \u00fb dijmin\u00ea mil\u00eat\u00ea Kurd dihat naskirin, d\u00ea bihata Diyarbekir\u00ea. Li hember hatina w\u00ee nijadperest\u00ee, \u00e7alakiyeke mezin, ku s\u00ea rojan ajot, hat lidarxistin. Xal\u00ea Mehd\u00ee di v\u00ea \u00e7alakiy\u00ea \u00fb amadekirina w\u00ea de, bi \u00e7alak\u00ee cih girt. Ez \u015fahid\u00ea wan rojan im; \u00e7awa Xal\u00ea Mehd\u00ee qehwe, restoran \u00fb esnaf\u00ean Diyarbekir\u00ea ziyaret dikir \u00fb amadekariya \u00e7alakiy\u00ea dikir.<\/h3>\n<h3 style=\"text-align: justify;\">Di sala 1977an de, di hilbijartin\u00ean \u015faredariya Diyarbekir\u00ea de, bi riza hem\u00fb r\u00eaxistin\u00ean Kurd, b\u00fb namzed\u00ea serokatiya \u015faredariy\u00ea. Bi deng\u00ea bilind qezenc kir \u00fb b\u00fb serok\u00ea \u015faredariya Diyarbekir\u00ea.<\/h3>\n<h3 style=\"text-align: justify;\">Hinek dewlet \u00fb hinek j\u00ee h\u00eaz\u00ean din, dest bi dijminatiya Xal\u00ea Mehd\u00ee kirin. Di merasim\u00ean ferm\u00ee de, ku mecb\u00fbr b\u00fb serok\u00ea \u015faredariy\u00ea j\u00ee be\u015fdar bibe, ji aliy\u00ea medyaya Tirk \u00fb h\u00eaz\u00ean le\u015fker\u00ee ve, her dem rast\u00ee \u00ear\u00ee\u015fan dihat. Xal\u00ea Mehd\u00ee wek kesek\u00ee ku, \u201cw\u00ea Kurdistan\u00ea ava bike, Tirk b\u00ea v\u00eeze \u00fb b\u00ea pasaport nikarin herin Diyarbekir\u00ea\u201d n\u00fb\u00e7e hatin \u00e7\u00eakirin \u00fb Xal\u00ea M\u00eahd\u00ee rast\u00ee \u00ear\u00ee\u015fan hat. Ji aliy\u00ea hik\u00fbmet\u00ea ve, projey\u00ean \u015faredariy\u00ea hem\u00fb hatin rawestandin \u00fb but\u00e7eya \u015faredariy\u00ea qut kirin. \u015earedariy\u00ea nema dikar\u00eeb\u00fb mea\u015f\u00ean karmend\u00ean xwe bide. Karmendan dest bi boykot\u00ea kirin \u00fb zibil\u00ean baj\u00ear, li sikakan, m\u00eena sergoyan, kom b\u00fbn. L\u00ea Xal\u00ea Mehd\u00ee ser\u00ee danan\u00ee. Dizan\u00eeb\u00fb ku li pi\u015ft van hesaban, dijmin\u00ean mil\u00eat\u00ea Kurd heye.<\/h3>\n<h3 style=\"text-align: justify;\">K\u00fbtaya 1980\u00ea hat \u00fb wek bi hezaran ciwan \u00fb siyas\u00eemedar\u00ean Kurd, Xal\u00ea Mehd\u00ee j\u00ee hat girtin. Di zindana Diyarbekir\u00ea de, ew j\u00ee wek her Kurdek\u00ee, rast\u00ee \u00ee\u015fkenc\u00ea \u00fb heqaretan hat. Xal\u00ea Mehd\u00ee bi w\u00earekt\u00ee li hember dijmin rawestiya \u00fb ser\u00ee netewand.<\/h3>\n<h3 style=\"text-align: justify;\">R\u00eaya min a digel Xal\u00ea Mehd\u00ee, di zindana Diyarbekir\u00ea, li zindana Esk\u00ee\u015feh\u00eer\u00ea \u00fb Aydin\u00ea, 8 salan yek b\u00fb. Em bi hev re, di van hers\u00ea zindanan de man. Gelek bir\u00eenan, gelek \u00e7alakiy\u00ean bir\u00e7\u00eeb\u00fbn\u00ea, protesto \u00fb \u00ear\u00ee\u015fan de, me hev\u00fbdu parast. Ji Esk\u00ee\u015feh\u00eer\u00ea heta surg\u00fbna zindana Aydin\u00ea, em di eyn\u00ee ring\u00ea de b\u00fbn. Ji Esk\u00ee\u015feh\u00eer\u00ea heta Aydin\u00ea, hem\u00fb tade, l\u00eadan \u00fb \u00ee\u015fkence, para me b\u00fbn bi hev re.<\/h3>\n<h3 style=\"text-align: justify;\">Di sala 1989an de, pi\u015ft\u00ee ku Saddam ji Kuw\u00eayt\u00ea veki\u015fiya, \u00ear\u00ee\u015f an\u00een ser gund \u00fb bajar\u00ean Ba\u015f\u00fbr\u00ea Kurdistan\u00ea. Di serma wan \u00e7iyay\u00ean Kurdistan\u00ea de, n\u00eaz\u00ee 1,5 milyon Kurd, bi jin, zarok, kal \u00fb p\u00eeran ve \u2014 pir\u00ean wan xwas \u00fb bi cil \u00fb berg\u00ean k\u00eam \u2014 ko\u00e7\u00ee van \u00e7iyan b\u00fbn \u00fb li ser s\u00eenor\u00ea Bakur\u00ea Kurdistan\u00ea, dewleta Tirk ew sekinandib\u00fb. Televizyonan gelek d\u00eemen\u00ean bi\u00ea\u015f, di nav n\u00fb\u00e7eyan re, didan. Em hem\u00fb di koxu\u015f\u00ea de, bi h\u00easiran, li van n\u00fb\u00e7ey\u00ean Kurdan tema\u015fe dikirin.<\/h3>\n<h3 style=\"text-align: justify;\">Yek\u00ee ji \u00e7ep\u00ean Tirk rab\u00fb ser xwe \u00fb got: \u201cH\u00fbn dib\u00eenin \u00e7i t\u00ea ser\u00ea we; h\u00fbn misteheq in. Dema ku h\u00fbn bi emperyal\u00eest\u00ean Amer\u00eek\u00ee re bixebitin, ev para we ye; de biki\u015f\u00eenin!\u201d Em li w\u00ee \u00e7epgir\u00ea Tirk vegeriyan ku bersiva w\u00ee bidin. Hema Xal\u00ea Mehd\u00ee xwe ji ranz\u00ea av\u00eat j\u00ear \u00fb got: \u201cUlan barbar no! H\u00fbn dijmin\u00ea mil\u00eat\u00ea Kurd in; nav\u00ea we \u00e7epgir e, l\u00ea w\u00eejdan \u00fb x\u00eeret j\u00ee bi we re tine. Li hember van d\u00eemenan h\u00fbn h\u00een j\u00ee van hesaban bime\u015f\u00eenin. H\u00fbn ew barbar in \u00fb we nes\u00eeb\u00ea xwe ji mirovatiy\u00ea j\u00ee negirtiye.\u201d<\/h3>\n<h3 style=\"text-align: justify;\">\u00cad\u00ee me dev ji w\u00ee \u00e7epgir\u00ea Tirk berda \u00fb em hatin, li dora Xal\u00ea Mehd\u00ee kom b\u00fbn.<\/h3>\n<h3 style=\"text-align: justify;\">Mirin\u00ea, di d\u00eerok\u00ea de, her pi\u015fta me \u015fikandiye \u00fb kesayetiy\u00ean me, yek bi yek, kom bi kom, ji me girtine \u00fb birine.<\/h3>\n<h3 style=\"text-align: justify;\">Bila ser\u00ea mil\u00eat\u00ea Kurd, hevalbend\u00ean Xal\u00ea Mehd\u00ee, dost\u00ean w\u00ee \u00fb Farq\u00eeniy\u00ean Kurdperwer, biray\u00ean w\u00ee sax bin.<\/h3>\n<h3 style=\"text-align: justify;\">\u00a0<\/h3>\n","protected":false},"excerpt":{"rendered":"<p>\u015e\u00eaxmus Ozzengin Di 20\u00ea Berfbar\u00eena P\u00ea\u015f\u00ee ya sala 1940an de, li nav\u00e7eya Farq\u00een\u00ea ya Diyarbekir\u00ea, \u00e7av\u00ean xwe li jiyan\u00ea vekir. Ev serdem, serdemeke xerab, pir bi\u00ea\u015f \u00fb metirs\u00eedar b\u00fb. \u00c7end\u00een serhildan\u00ean mil\u00eat\u00ea Kurd bi xw\u00een \u00fb jenos\u00eedan t\u00eak \u00e7\u00fbb\u00fbn. H\u00een du sal di ser Jenos\u00eeda D\u00earsim\u00ea re derbas neb\u00fbb\u00fbn, ku Xal\u00ea Mehd\u00ee li Farq\u00eena m\u00eer [&hellip;]<\/p>\n","protected":false},"author":2,"featured_media":1054069,"comment_status":"closed","ping_status":"closed","sticky":false,"template":"","format":"standard","meta":{"footnotes":""},"categories":[28],"tags":[37],"class_list":["post-1054068","post","type-post","status-publish","format-standard","has-post-thumbnail","hentry","category-nerin","tag-sereke"],"blocksy_meta":{"styles_descriptor":{"styles":{"desktop":"","tablet":"","mobile":""},"google_fonts":[],"version":7}},"seo_head":"<!-- This site is optimized with the Yoast SEO plugin v28.3 - https:\/\/yoast.com\/product\/yoast-seo-wordpress\/ -->\n<title>Mehd\u00ee Zana, bi bir\u00een\u00ean dil\u00ea xwe re ko\u00e7a daw\u00ee kir - Darka Maz\u00ee<\/title>\n<meta name=\"robots\" content=\"index, follow, max-snippet:-1, max-image-preview:large, max-video-preview:-1\" \/>\n<link rel=\"canonical\" href=\"https:\/\/darkamazi.info\/archives\/1054068\" \/>\n<meta property=\"og:locale\" content=\"en_US\" \/>\n<meta property=\"og:type\" content=\"article\" \/>\n<meta property=\"og:title\" content=\"Mehd\u00ee Zana, bi bir\u00een\u00ean dil\u00ea xwe re ko\u00e7a daw\u00ee kir - Darka Maz\u00ee\" \/>\n<meta property=\"og:description\" content=\"\u015e\u00eaxmus Ozzengin Di 20\u00ea Berfbar\u00eena P\u00ea\u015f\u00ee ya sala 1940an de, li nav\u00e7eya Farq\u00een\u00ea ya Diyarbekir\u00ea, \u00e7av\u00ean xwe li jiyan\u00ea vekir. Ev serdem, serdemeke xerab, pir bi\u00ea\u015f \u00fb metirs\u00eedar b\u00fb. \u00c7end\u00een serhildan\u00ean mil\u00eat\u00ea Kurd bi xw\u00een \u00fb jenos\u00eedan t\u00eak \u00e7\u00fbb\u00fbn. H\u00een du sal di ser Jenos\u00eeda D\u00earsim\u00ea re derbas neb\u00fbb\u00fbn, ku Xal\u00ea Mehd\u00ee li Farq\u00eena m\u00eer [&hellip;]\" \/>\n<meta property=\"og:url\" content=\"https:\/\/darkamazi.info\/archives\/1054068\" \/>\n<meta property=\"og:site_name\" content=\"Darka Maz\u00ee\" \/>\n<meta property=\"article:publisher\" content=\"https:\/\/www.facebook.com\/DarMaziKurmanci\" \/>\n<meta property=\"article:published_time\" content=\"2026-09-01T15:48:33+00:00\" \/>\n<meta property=\"og:image\" content=\"https:\/\/darkamazi.info\/file\/2026\/09\/mehdi-zana-seyhmos-ozzengin-wp-mazi.jpg\" \/>\n\t<meta property=\"og:image:width\" content=\"900\" \/>\n\t<meta property=\"og:image:height\" content=\"497\" \/>\n\t<meta property=\"og:image:type\" content=\"image\/jpeg\" \/>\n<meta name=\"author\" content=\"darka mazi\" \/>\n<meta name=\"twitter:card\" content=\"summary_large_image\" \/>\n<meta name=\"twitter:creator\" content=\"@DarkaMaziLatini\" \/>\n<meta name=\"twitter:site\" content=\"@DarkaMaziLatini\" \/>\n<meta name=\"twitter:label1\" content=\"Written by\" \/>\n\t<meta name=\"twitter:data1\" content=\"darka mazi\" \/>\n\t<meta name=\"twitter:label2\" content=\"Est. reading time\" \/>\n\t<meta name=\"twitter:data2\" content=\"5 minutes\" \/>\n<script type=\"application\/ld+json\" class=\"seo-schema-graph\">{\"@context\":\"https:\\\/\\\/schema.org\",\"@graph\":[{\"@type\":\"Article\",\"@id\":\"https:\\\/\\\/darkamazi.info\\\/archives\\\/1054068#article\",\"isPartOf\":{\"@id\":\"https:\\\/\\\/darkamazi.info\\\/archives\\\/1054068\"},\"author\":{\"name\":\"darka mazi\",\"@id\":\"https:\\\/\\\/darkamazi.info\\\/#\\\/schema\\\/person\\\/5ad3e24553a0567993fa8ed4bd0a776c\"},\"headline\":\"Mehd\u00ee Zana, bi bir\u00een\u00ean dil\u00ea xwe re ko\u00e7a daw\u00ee kir\",\"datePublished\":\"2026-09-01T15:48:33+00:00\",\"mainEntityOfPage\":{\"@id\":\"https:\\\/\\\/darkamazi.info\\\/archives\\\/1054068\"},\"wordCount\":1114,\"publisher\":{\"@id\":\"https:\\\/\\\/darkamazi.info\\\/#organization\"},\"image\":{\"@id\":\"https:\\\/\\\/darkamazi.info\\\/archives\\\/1054068#primaryimage\"},\"thumbnailUrl\":\"https:\\\/\\\/darkamazi.info\\\/darka-content\\\/uploads\\\/2026\\\/09\\\/mehdi-zana-seyhmos-ozzengin-darka-mazi.jpg\",\"keywords\":[\"sereke\"],\"articleSection\":[\"Ner\u00een\"],\"inLanguage\":\"en-US\"},{\"@type\":\"WebPage\",\"@id\":\"https:\\\/\\\/darkamazi.info\\\/archives\\\/1054068\",\"url\":\"https:\\\/\\\/darkamazi.info\\\/archives\\\/1054068\",\"name\":\"Mehd\u00ee Zana, bi bir\u00een\u00ean dil\u00ea xwe re ko\u00e7a daw\u00ee kir - Darka Maz\u00ee\",\"isPartOf\":{\"@id\":\"https:\\\/\\\/darkamazi.info\\\/#website\"},\"primaryImageOfPage\":{\"@id\":\"https:\\\/\\\/darkamazi.info\\\/archives\\\/1054068#primaryimage\"},\"image\":{\"@id\":\"https:\\\/\\\/darkamazi.info\\\/archives\\\/1054068#primaryimage\"},\"thumbnailUrl\":\"https:\\\/\\\/darkamazi.info\\\/darka-content\\\/uploads\\\/2026\\\/09\\\/mehdi-zana-seyhmos-ozzengin-darka-mazi.jpg\",\"datePublished\":\"2026-09-01T15:48:33+00:00\",\"breadcrumb\":{\"@id\":\"https:\\\/\\\/darkamazi.info\\\/archives\\\/1054068#breadcrumb\"},\"inLanguage\":\"en-US\",\"potentialAction\":[{\"@type\":\"ReadAction\",\"target\":[\"https:\\\/\\\/darkamazi.info\\\/archives\\\/1054068\"]}]},{\"@type\":\"ImageObject\",\"inLanguage\":\"en-US\",\"@id\":\"https:\\\/\\\/darkamazi.info\\\/archives\\\/1054068#primaryimage\",\"url\":\"https:\\\/\\\/darkamazi.info\\\/darka-content\\\/uploads\\\/2026\\\/09\\\/mehdi-zana-seyhmos-ozzengin-darka-mazi.jpg\",\"contentUrl\":\"https:\\\/\\\/darkamazi.info\\\/darka-content\\\/uploads\\\/2026\\\/09\\\/mehdi-zana-seyhmos-ozzengin-darka-mazi.jpg\",\"width\":900,\"height\":497,\"caption\":\"Mehd\u00ee Zana, bi bir\u00een\u00ean dil\u00ea xwe re ko\u00e7a daw\u00ee kir\"},{\"@type\":\"BreadcrumbList\",\"@id\":\"https:\\\/\\\/darkamazi.info\\\/archives\\\/1054068#breadcrumb\",\"itemListElement\":[{\"@type\":\"ListItem\",\"position\":1,\"name\":\"Home\",\"item\":\"https:\\\/\\\/darkamazi.info\\\/\"},{\"@type\":\"ListItem\",\"position\":2,\"name\":\"Mehd\u00ee Zana, bi bir\u00een\u00ean dil\u00ea xwe re ko\u00e7a daw\u00ee kir\"}]},{\"@type\":\"WebSite\",\"@id\":\"https:\\\/\\\/darkamazi.info\\\/#website\",\"url\":\"https:\\\/\\\/darkamazi.info\\\/\",\"name\":\"Darka Maz\u00ee\",\"description\":\"P\u00eageha Zanyariy\u00ean Nebih\u00eest\u00ee\",\"publisher\":{\"@id\":\"https:\\\/\\\/darkamazi.info\\\/#organization\"},\"potentialAction\":[{\"@type\":\"SearchAction\",\"target\":{\"@type\":\"EntryPoint\",\"urlTemplate\":\"https:\\\/\\\/darkamazi.info\\\/?s={search_term_string}\"},\"query-input\":{\"@type\":\"PropertyValueSpecification\",\"valueRequired\":true,\"valueName\":\"search_term_string\"}}],\"inLanguage\":\"en-US\"},{\"@type\":\"Organization\",\"@id\":\"https:\\\/\\\/darkamazi.info\\\/#organization\",\"name\":\"Darka Maz\u00ee\",\"url\":\"https:\\\/\\\/darkamazi.info\\\/\",\"logo\":{\"@type\":\"ImageObject\",\"inLanguage\":\"en-US\",\"@id\":\"https:\\\/\\\/darkamazi.info\\\/#\\\/schema\\\/logo\\\/image\\\/\",\"url\":\"https:\\\/\\\/darkamazi.info\\\/darka-content\\\/uploads\\\/2017\\\/12\\\/darka-mazi-logo.png\",\"contentUrl\":\"https:\\\/\\\/darkamazi.info\\\/darka-content\\\/uploads\\\/2017\\\/12\\\/darka-mazi-logo.png\",\"width\":151,\"height\":75,\"caption\":\"Darka Maz\u00ee\"},\"image\":{\"@id\":\"https:\\\/\\\/darkamazi.info\\\/#\\\/schema\\\/logo\\\/image\\\/\"},\"sameAs\":[\"https:\\\/\\\/www.facebook.com\\\/DarMaziKurmanci\",\"https:\\\/\\\/x.com\\\/DarkaMaziLatini\",\"https:\\\/\\\/www.instagram.com\\\/darkamazi.kurmanci\\\/\",\"https:\\\/\\\/www.youtube.com\\\/channel\\\/UCa5HkTdmI8U1qCUFuTw8B2g\"]},{\"@type\":\"Person\",\"@id\":\"https:\\\/\\\/darkamazi.info\\\/#\\\/schema\\\/person\\\/5ad3e24553a0567993fa8ed4bd0a776c\",\"name\":\"darka mazi\",\"sameAs\":[\"https:\\\/\\\/darkamazi.info\\\/\"],\"url\":\"https:\\\/\\\/darkamazi.info\\\/archives\\\/author\\\/kurdi\"}]}<\/script>\n<!-- \/ Yoast SEO plugin. -->","seo_head_json":{"title":"Mehd\u00ee Zana, bi bir\u00een\u00ean dil\u00ea xwe re ko\u00e7a daw\u00ee kir - Darka Maz\u00ee","robots":{"index":"index","follow":"follow","max-snippet":"max-snippet:-1","max-image-preview":"max-image-preview:large","max-video-preview":"max-video-preview:-1"},"canonical":"https:\/\/darkamazi.info\/archives\/1054068","og_locale":"en_US","og_type":"article","og_title":"Mehd\u00ee Zana, bi bir\u00een\u00ean dil\u00ea xwe re ko\u00e7a daw\u00ee kir - Darka Maz\u00ee","og_description":"\u015e\u00eaxmus Ozzengin Di 20\u00ea Berfbar\u00eena P\u00ea\u015f\u00ee ya sala 1940an de, li nav\u00e7eya Farq\u00een\u00ea ya Diyarbekir\u00ea, \u00e7av\u00ean xwe li jiyan\u00ea vekir. Ev serdem, serdemeke xerab, pir bi\u00ea\u015f \u00fb metirs\u00eedar b\u00fb. \u00c7end\u00een serhildan\u00ean mil\u00eat\u00ea Kurd bi xw\u00een \u00fb jenos\u00eedan t\u00eak \u00e7\u00fbb\u00fbn. H\u00een du sal di ser Jenos\u00eeda D\u00earsim\u00ea re derbas neb\u00fbb\u00fbn, ku Xal\u00ea Mehd\u00ee li Farq\u00eena m\u00eer [&hellip;]","og_url":"https:\/\/darkamazi.info\/archives\/1054068","og_site_name":"Darka Maz\u00ee","article_publisher":"https:\/\/www.facebook.com\/DarMaziKurmanci","article_published_time":"2026-09-01T15:48:33+00:00","og_image":[{"width":900,"height":497,"url":"https:\/\/darkamazi.info\/file\/2026\/09\/mehdi-zana-seyhmos-ozzengin-wp-mazi.jpg","type":"image\/jpeg"}],"author":"darka mazi","twitter_card":"summary_large_image","twitter_creator":"@DarkaMaziLatini","twitter_site":"@DarkaMaziLatini","twitter_misc":{"Written by":"darka mazi","Est. reading time":"5 minutes"},"schema":{"@context":"https:\/\/schema.org","@graph":[{"@type":"Article","@id":"https:\/\/darkamazi.info\/archives\/1054068#article","isPartOf":{"@id":"https:\/\/darkamazi.info\/archives\/1054068"},"author":{"name":"darka mazi","@id":"https:\/\/darkamazi.info\/#\/schema\/person\/5ad3e24553a0567993fa8ed4bd0a776c"},"headline":"Mehd\u00ee Zana, bi bir\u00een\u00ean dil\u00ea xwe re ko\u00e7a daw\u00ee kir","datePublished":"2026-09-01T15:48:33+00:00","mainEntityOfPage":{"@id":"https:\/\/darkamazi.info\/archives\/1054068"},"wordCount":1114,"publisher":{"@id":"https:\/\/darkamazi.info\/#organization"},"image":{"@id":"https:\/\/darkamazi.info\/archives\/1054068#primaryimage"},"thumbnailUrl":"https:\/\/darkamazi.info\/file\/2026\/09\/mehdi-zana-seyhmos-ozzengin-wp-mazi.jpg","keywords":["sereke"],"articleSection":["Ner\u00een"],"inLanguage":"en-US"},{"@type":"WebPage","@id":"https:\/\/darkamazi.info\/archives\/1054068","url":"https:\/\/darkamazi.info\/archives\/1054068","name":"Mehd\u00ee Zana, bi bir\u00een\u00ean dil\u00ea xwe re ko\u00e7a daw\u00ee kir - Darka Maz\u00ee","isPartOf":{"@id":"https:\/\/darkamazi.info\/#website"},"primaryImageOfPage":{"@id":"https:\/\/darkamazi.info\/archives\/1054068#primaryimage"},"image":{"@id":"https:\/\/darkamazi.info\/archives\/1054068#primaryimage"},"thumbnailUrl":"https:\/\/darkamazi.info\/file\/2026\/09\/mehdi-zana-seyhmos-ozzengin-wp-mazi.jpg","datePublished":"2026-09-01T15:48:33+00:00","breadcrumb":{"@id":"https:\/\/darkamazi.info\/archives\/1054068#breadcrumb"},"inLanguage":"en-US","potentialAction":[{"@type":"ReadAction","target":["https:\/\/darkamazi.info\/archives\/1054068"]}]},{"@type":"ImageObject","inLanguage":"en-US","@id":"https:\/\/darkamazi.info\/archives\/1054068#primaryimage","url":"https:\/\/darkamazi.info\/file\/2026\/09\/mehdi-zana-seyhmos-ozzengin-wp-mazi.jpg","contentUrl":"https:\/\/darkamazi.info\/file\/2026\/09\/mehdi-zana-seyhmos-ozzengin-wp-mazi.jpg","width":900,"height":497,"caption":"Mehd\u00ee Zana, bi bir\u00een\u00ean dil\u00ea xwe re ko\u00e7a daw\u00ee kir"},{"@type":"BreadcrumbList","@id":"https:\/\/darkamazi.info\/archives\/1054068#breadcrumb","itemListElement":[{"@type":"ListItem","position":1,"name":"Home","item":"https:\/\/darkamazi.info\/"},{"@type":"ListItem","position":2,"name":"Mehd\u00ee Zana, bi bir\u00een\u00ean dil\u00ea xwe re ko\u00e7a daw\u00ee kir"}]},{"@type":"WebSite","@id":"https:\/\/darkamazi.info\/#website","url":"https:\/\/darkamazi.info\/","name":"Darka Maz\u00ee","description":"P\u00eageha Zanyariy\u00ean Nebih\u00eest\u00ee","publisher":{"@id":"https:\/\/darkamazi.info\/#organization"},"potentialAction":[{"@type":"SearchAction","target":{"@type":"EntryPoint","urlTemplate":"https:\/\/darkamazi.info\/?s={search_term_string}"},"query-input":{"@type":"PropertyValueSpecification","valueRequired":true,"valueName":"search_term_string"}}],"inLanguage":"en-US"},{"@type":"Organization","@id":"https:\/\/darkamazi.info\/#organization","name":"Darka Maz\u00ee","url":"https:\/\/darkamazi.info\/","logo":{"@type":"ImageObject","inLanguage":"en-US","@id":"https:\/\/darkamazi.info\/#\/schema\/logo\/image\/","url":"https:\/\/darkamazi.info\/file\/2017\/12\/darka-mazi-logo.png","contentUrl":"https:\/\/darkamazi.info\/file\/2017\/12\/darka-mazi-logo.png","width":151,"height":75,"caption":"Darka Maz\u00ee"},"image":{"@id":"https:\/\/darkamazi.info\/#\/schema\/logo\/image\/"},"sameAs":["https:\/\/www.facebook.com\/DarMaziKurmanci","https:\/\/x.com\/DarkaMaziLatini","https:\/\/www.instagram.com\/darkamazi.kurmanci\/","https:\/\/www.youtube.com\/channel\/UCa5HkTdmI8U1qCUFuTw8B2g"]},{"@type":"Person","@id":"https:\/\/darkamazi.info\/#\/schema\/person\/5ad3e24553a0567993fa8ed4bd0a776c","name":"darka mazi","sameAs":["https:\/\/darkamazi.info\/"],"url":"https:\/\/darkamazi.info\/archives\/author\/kurdi"}]}},"_links":{"self":[{"href":"https:\/\/darkamazi.info\/funavuv\/wp\/v2\/posts\/1054068","targetHints":{"allow":["GET"]}}],"collection":[{"href":"https:\/\/darkamazi.info\/funavuv\/wp\/v2\/posts"}],"about":[{"href":"https:\/\/darkamazi.info\/funavuv\/wp\/v2\/types\/post"}],"author":[{"embeddable":true,"href":"https:\/\/darkamazi.info\/funavuv\/wp\/v2\/users\/2"}],"replies":[{"embeddable":true,"href":"https:\/\/darkamazi.info\/funavuv\/wp\/v2\/comments?post=1054068"}],"version-history":[{"count":1,"href":"https:\/\/darkamazi.info\/funavuv\/wp\/v2\/posts\/1054068\/revisions"}],"predecessor-version":[{"id":1054070,"href":"https:\/\/darkamazi.info\/funavuv\/wp\/v2\/posts\/1054068\/revisions\/1054070"}],"wp:featuredmedia":[{"embeddable":true,"href":"https:\/\/darkamazi.info\/funavuv\/wp\/v2\/media\/1054069"}],"wp:attachment":[{"href":"https:\/\/darkamazi.info\/funavuv\/wp\/v2\/media?parent=1054068"}],"wp:term":[{"taxonomy":"category","embeddable":true,"href":"https:\/\/darkamazi.info\/funavuv\/wp\/v2\/categories?post=1054068"},{"taxonomy":"post_tag","embeddable":true,"href":"https:\/\/darkamazi.info\/funavuv\/wp\/v2\/tags?post=1054068"}],"curies":[{"name":"wp","href":"https:\/\/api.w.org\/{rel}","templated":true}]}}