{"id":1054071,"date":"2026-09-01T19:02:04","date_gmt":"2026-09-01T16:02:04","guid":{"rendered":"https:\/\/darkamazi.info\/?p=1054071"},"modified":"2026-09-01T19:02:04","modified_gmt":"2026-09-01T16:02:04","slug":"erdogan-hevpeymaniya-mekeye-garantiya-ewlehi-u-aramiya-heremi-ye","status":"publish","type":"post","link":"https:\/\/darkamazi.info\/archives\/1054071","title":{"rendered":"Erdogan: Hevpeymaniya Mekey\u00ea garantiya ewleh\u00ee \u00fb aramiya her\u00eam\u00ee ye"},"content":{"rendered":"<h3 style=\"text-align: justify;\"><span style=\"font-family: 'arial black', sans-serif;\">Serokkomar\u00ea Tirkiyey\u00ea Recep Tayyip Erdogan teqez kir ku &#8220;Hevpeymaniya Mekey\u00ea&#8221; p\u00eangaveke stratej\u00eek \u00fb giring e bo bicihan\u00eena a\u015ft\u00ee, ewleh\u00ee \u00fb tenahiy\u00ea li ser asta her\u00eam\u00ee \u00fb navdewlet\u00ee.<\/span><\/h3>\n<h3 style=\"text-align: justify;\">Erdogan di axaftineke xwe de amaje bi giringiya v\u00ea tifaq\u00ea kir \u00fb ragihand: &#8220;Hevpeymaniya Mekey\u00ea bo berevaniya hevpar, ku li ser bingeha xwed\u00eederketina her\u00eam\u00ee \u00fb bersivdana bikom hatiye avakirin, hevkariyeke giring \u00fb kar\u00eeger p\u00ea\u015fk\u00ea\u015f\u00ee bicihan\u00eena a\u015ft\u00ee \u00fb aramiya li her\u00eam\u00ea \u00fb c\u00eehan\u00ea dike.&#8221;<\/h3>\n<h3 style=\"text-align: justify;\">Di daxuyaniyeke hevpar de ku ji aliy\u00ea Kom\u00eesyona Stratej\u00ee ya Siyas\u00ee \u00fb Berevaniy\u00ea ya Lihevkirina Mekey\u00ea ve hatib\u00fb belavkirin, hat diyar kirin ku her s\u00ea welat\u00ean endam \u2013 Erebistana Si\u00fbd\u00ee, Pakistan \u00fb Tirkiye \u2013 bi r\u00eaya \u00e7alakiy\u00ean hevpar dixebitin bo bih\u00eazkirina \u015fiyan\u00ean xwe y\u00ean berevaniy\u00ea \u00fb yek\u00eetiya h\u00eaz\u00ean xwe y\u00ean \u00e7ekdar. Ev hevkariya le\u015fker\u00ee li ser bingeha bip\u00ea\u015fxistina p\u00ee\u015fesaziya le\u015fker\u00ee, berheman\u00eena hevpar \u00fb tevkariya teknoloj\u00eek hatiye avakirin.<\/h3>\n<h3 style=\"text-align: justify;\">H\u00eajay\u00ee b\u00eerxistin\u00ea ye ku ev lihevkirina berevaniya hevpar di 7\u00ea Tebaxa bor\u00ee de li bajar\u00ea Mekey\u00ea ji aliy\u00ea \u015eahzaday\u00ea C\u00eeni\u015f\u00een \u00ea Erebistana Si\u00fbd\u00ee Mihemmed bin Selman, Serokkomar\u00ea Tirkiyey\u00ea Recep Tayyip Erdogan \u00fb Serokwez\u00eer\u00ea Pakistan\u00ea \u015eehbaz \u015eer\u00eef ve hatib\u00fb \u00eemzakirin.<\/h3>\n<h3 style=\"text-align: justify;\">Ev peyman di \u00e7ar\u00e7oveya hevkariyeke berfireh a berevaniy\u00ea de t\u00ea encamdan ku armanca w\u00ea ya sereke bih\u00eazkirina pabendb\u00fbna aliyan e bo parastina a\u015ft\u00ee \u00fb ewlehiy\u00ea, li ser bingeha belavkirina berpirsiyariyan \u00fb t\u00eagehi\u015ftina hevpar bo ewlehiya her\u00eam\u00ee.<\/h3>\n<h3 style=\"text-align: justify;\">Li gor\u00ee xal\u00ean sereke y\u00ean lihevkirin\u00ea, \u015fiyan\u00ean bersivdana hevpar li hember her cure ge\u015f\u00ea \u00fb \u00ear\u00ee\u015fan t\u00ean bih\u00eazkirin. Di peyman\u00ea de bi e\u015fkerey\u00ee hatiye destn\u00ee\u015fankirin ku her \u00ear\u00ee\u015feke \u00e7ekdar\u00ee bo ser yek ji van s\u00ea welatan, d\u00ea wek\u00ee \u00ear\u00ee\u015feke rasterast bo ser hem\u00fb welat\u00ean endam b\u00eate hesibandin.<\/h3>\n","protected":false},"excerpt":{"rendered":"<p>Serokkomar\u00ea Tirkiyey\u00ea Recep Tayyip Erdogan teqez kir ku &#8220;Hevpeymaniya Mekey\u00ea&#8221; p\u00eangaveke stratej\u00eek \u00fb giring e bo bicihan\u00eena a\u015ft\u00ee, ewleh\u00ee \u00fb tenahiy\u00ea li ser asta her\u00eam\u00ee \u00fb navdewlet\u00ee. Erdogan di axaftineke xwe de amaje bi giringiya v\u00ea tifaq\u00ea kir \u00fb ragihand: &#8220;Hevpeymaniya Mekey\u00ea bo berevaniya hevpar, ku li ser bingeha xwed\u00eederketina her\u00eam\u00ee \u00fb bersivdana bikom hatiye [&hellip;]<\/p>\n","protected":false},"author":2,"featured_media":1054072,"comment_status":"closed","ping_status":"closed","sticky":false,"template":"","format":"standard","meta":{"footnotes":""},"categories":[31],"tags":[37],"class_list":["post-1054071","post","type-post","status-publish","format-standard","has-post-thumbnail","hentry","category-rojhelata-navin","tag-sereke"],"blocksy_meta":{"styles_descriptor":{"styles":{"desktop":"","tablet":"","mobile":""},"google_fonts":[],"version":7}},"seo_head":"<!-- This site is optimized with the Yoast SEO plugin v28.3 - https:\/\/yoast.com\/product\/yoast-seo-wordpress\/ -->\n<title>Erdogan: Hevpeymaniya Mekey\u00ea garantiya ewleh\u00ee \u00fb aramiya her\u00eam\u00ee ye - Darka Maz\u00ee<\/title>\n<meta name=\"robots\" content=\"index, follow, max-snippet:-1, max-image-preview:large, max-video-preview:-1\" \/>\n<link rel=\"canonical\" href=\"https:\/\/darkamazi.info\/archives\/1054071\" \/>\n<meta property=\"og:locale\" content=\"en_US\" \/>\n<meta property=\"og:type\" content=\"article\" \/>\n<meta property=\"og:title\" content=\"Erdogan: Hevpeymaniya Mekey\u00ea garantiya ewleh\u00ee \u00fb aramiya her\u00eam\u00ee ye - Darka Maz\u00ee\" \/>\n<meta property=\"og:description\" content=\"Serokkomar\u00ea Tirkiyey\u00ea Recep Tayyip Erdogan teqez kir ku &#8220;Hevpeymaniya Mekey\u00ea&#8221; p\u00eangaveke stratej\u00eek \u00fb giring e bo bicihan\u00eena a\u015ft\u00ee, ewleh\u00ee \u00fb tenahiy\u00ea li ser asta her\u00eam\u00ee \u00fb navdewlet\u00ee. Erdogan di axaftineke xwe de amaje bi giringiya v\u00ea tifaq\u00ea kir \u00fb ragihand: &#8220;Hevpeymaniya Mekey\u00ea bo berevaniya hevpar, ku li ser bingeha xwed\u00eederketina her\u00eam\u00ee \u00fb bersivdana bikom hatiye [&hellip;]\" \/>\n<meta property=\"og:url\" content=\"https:\/\/darkamazi.info\/archives\/1054071\" \/>\n<meta property=\"og:site_name\" content=\"Darka Maz\u00ee\" \/>\n<meta property=\"article:publisher\" content=\"https:\/\/www.facebook.com\/DarMaziKurmanci\" \/>\n<meta property=\"article:published_time\" content=\"2026-09-01T16:02:04+00:00\" \/>\n<meta property=\"og:image\" content=\"https:\/\/darkamazi.info\/file\/2026\/09\/Erdogan.jpg\" \/>\n\t<meta property=\"og:image:width\" content=\"900\" \/>\n\t<meta property=\"og:image:height\" content=\"497\" \/>\n\t<meta property=\"og:image:type\" content=\"image\/jpeg\" \/>\n<meta name=\"author\" content=\"darka mazi\" \/>\n<meta name=\"twitter:card\" content=\"summary_large_image\" \/>\n<meta name=\"twitter:creator\" content=\"@DarkaMaziLatini\" \/>\n<meta name=\"twitter:site\" content=\"@DarkaMaziLatini\" \/>\n<meta name=\"twitter:label1\" content=\"Written by\" \/>\n\t<meta name=\"twitter:data1\" content=\"darka mazi\" \/>\n\t<meta name=\"twitter:label2\" content=\"Est. reading time\" \/>\n\t<meta name=\"twitter:data2\" content=\"2 minutes\" \/>\n<script type=\"application\/ld+json\" class=\"seo-schema-graph\">{\"@context\":\"https:\\\/\\\/schema.org\",\"@graph\":[{\"@type\":\"Article\",\"@id\":\"https:\\\/\\\/darkamazi.info\\\/archives\\\/1054071#article\",\"isPartOf\":{\"@id\":\"https:\\\/\\\/darkamazi.info\\\/archives\\\/1054071\"},\"author\":{\"name\":\"darka mazi\",\"@id\":\"https:\\\/\\\/darkamazi.info\\\/#\\\/schema\\\/person\\\/5ad3e24553a0567993fa8ed4bd0a776c\"},\"headline\":\"Erdogan: Hevpeymaniya Mekey\u00ea garantiya ewleh\u00ee \u00fb aramiya her\u00eam\u00ee ye\",\"datePublished\":\"2026-09-01T16:02:04+00:00\",\"mainEntityOfPage\":{\"@id\":\"https:\\\/\\\/darkamazi.info\\\/archives\\\/1054071\"},\"wordCount\":305,\"publisher\":{\"@id\":\"https:\\\/\\\/darkamazi.info\\\/#organization\"},\"image\":{\"@id\":\"https:\\\/\\\/darkamazi.info\\\/archives\\\/1054071#primaryimage\"},\"thumbnailUrl\":\"https:\\\/\\\/darkamazi.info\\\/darka-content\\\/uploads\\\/2026\\\/09\\\/Erdogan.jpg\",\"keywords\":[\"sereke\"],\"articleSection\":[\"Rojhelata nav\u00een\"],\"inLanguage\":\"en-US\"},{\"@type\":\"WebPage\",\"@id\":\"https:\\\/\\\/darkamazi.info\\\/archives\\\/1054071\",\"url\":\"https:\\\/\\\/darkamazi.info\\\/archives\\\/1054071\",\"name\":\"Erdogan: Hevpeymaniya Mekey\u00ea garantiya ewleh\u00ee \u00fb aramiya her\u00eam\u00ee ye - Darka Maz\u00ee\",\"isPartOf\":{\"@id\":\"https:\\\/\\\/darkamazi.info\\\/#website\"},\"primaryImageOfPage\":{\"@id\":\"https:\\\/\\\/darkamazi.info\\\/archives\\\/1054071#primaryimage\"},\"image\":{\"@id\":\"https:\\\/\\\/darkamazi.info\\\/archives\\\/1054071#primaryimage\"},\"thumbnailUrl\":\"https:\\\/\\\/darkamazi.info\\\/darka-content\\\/uploads\\\/2026\\\/09\\\/Erdogan.jpg\",\"datePublished\":\"2026-09-01T16:02:04+00:00\",\"breadcrumb\":{\"@id\":\"https:\\\/\\\/darkamazi.info\\\/archives\\\/1054071#breadcrumb\"},\"inLanguage\":\"en-US\",\"potentialAction\":[{\"@type\":\"ReadAction\",\"target\":[\"https:\\\/\\\/darkamazi.info\\\/archives\\\/1054071\"]}]},{\"@type\":\"ImageObject\",\"inLanguage\":\"en-US\",\"@id\":\"https:\\\/\\\/darkamazi.info\\\/archives\\\/1054071#primaryimage\",\"url\":\"https:\\\/\\\/darkamazi.info\\\/darka-content\\\/uploads\\\/2026\\\/09\\\/Erdogan.jpg\",\"contentUrl\":\"https:\\\/\\\/darkamazi.info\\\/darka-content\\\/uploads\\\/2026\\\/09\\\/Erdogan.jpg\",\"width\":900,\"height\":497,\"caption\":\"Erdogan: Hevpeymaniya Mekey\u00ea garantiya ewleh\u00ee \u00fb aramiya her\u00eam\u00ee ye\"},{\"@type\":\"BreadcrumbList\",\"@id\":\"https:\\\/\\\/darkamazi.info\\\/archives\\\/1054071#breadcrumb\",\"itemListElement\":[{\"@type\":\"ListItem\",\"position\":1,\"name\":\"Home\",\"item\":\"https:\\\/\\\/darkamazi.info\\\/\"},{\"@type\":\"ListItem\",\"position\":2,\"name\":\"Erdogan: Hevpeymaniya Mekey\u00ea garantiya ewleh\u00ee \u00fb aramiya her\u00eam\u00ee ye\"}]},{\"@type\":\"WebSite\",\"@id\":\"https:\\\/\\\/darkamazi.info\\\/#website\",\"url\":\"https:\\\/\\\/darkamazi.info\\\/\",\"name\":\"Darka Maz\u00ee\",\"description\":\"P\u00eageha Zanyariy\u00ean Nebih\u00eest\u00ee\",\"publisher\":{\"@id\":\"https:\\\/\\\/darkamazi.info\\\/#organization\"},\"potentialAction\":[{\"@type\":\"SearchAction\",\"target\":{\"@type\":\"EntryPoint\",\"urlTemplate\":\"https:\\\/\\\/darkamazi.info\\\/?s={search_term_string}\"},\"query-input\":{\"@type\":\"PropertyValueSpecification\",\"valueRequired\":true,\"valueName\":\"search_term_string\"}}],\"inLanguage\":\"en-US\"},{\"@type\":\"Organization\",\"@id\":\"https:\\\/\\\/darkamazi.info\\\/#organization\",\"name\":\"Darka Maz\u00ee\",\"url\":\"https:\\\/\\\/darkamazi.info\\\/\",\"logo\":{\"@type\":\"ImageObject\",\"inLanguage\":\"en-US\",\"@id\":\"https:\\\/\\\/darkamazi.info\\\/#\\\/schema\\\/logo\\\/image\\\/\",\"url\":\"https:\\\/\\\/darkamazi.info\\\/darka-content\\\/uploads\\\/2017\\\/12\\\/darka-mazi-logo.png\",\"contentUrl\":\"https:\\\/\\\/darkamazi.info\\\/darka-content\\\/uploads\\\/2017\\\/12\\\/darka-mazi-logo.png\",\"width\":151,\"height\":75,\"caption\":\"Darka Maz\u00ee\"},\"image\":{\"@id\":\"https:\\\/\\\/darkamazi.info\\\/#\\\/schema\\\/logo\\\/image\\\/\"},\"sameAs\":[\"https:\\\/\\\/www.facebook.com\\\/DarMaziKurmanci\",\"https:\\\/\\\/x.com\\\/DarkaMaziLatini\",\"https:\\\/\\\/www.instagram.com\\\/darkamazi.kurmanci\\\/\",\"https:\\\/\\\/www.youtube.com\\\/channel\\\/UCa5HkTdmI8U1qCUFuTw8B2g\"]},{\"@type\":\"Person\",\"@id\":\"https:\\\/\\\/darkamazi.info\\\/#\\\/schema\\\/person\\\/5ad3e24553a0567993fa8ed4bd0a776c\",\"name\":\"darka mazi\",\"sameAs\":[\"https:\\\/\\\/darkamazi.info\\\/\"],\"url\":\"https:\\\/\\\/darkamazi.info\\\/archives\\\/author\\\/kurdi\"}]}<\/script>\n<!-- \/ Yoast SEO plugin. -->","seo_head_json":{"title":"Erdogan: Hevpeymaniya Mekey\u00ea garantiya ewleh\u00ee \u00fb aramiya her\u00eam\u00ee ye - Darka Maz\u00ee","robots":{"index":"index","follow":"follow","max-snippet":"max-snippet:-1","max-image-preview":"max-image-preview:large","max-video-preview":"max-video-preview:-1"},"canonical":"https:\/\/darkamazi.info\/archives\/1054071","og_locale":"en_US","og_type":"article","og_title":"Erdogan: Hevpeymaniya Mekey\u00ea garantiya ewleh\u00ee \u00fb aramiya her\u00eam\u00ee ye - Darka Maz\u00ee","og_description":"Serokkomar\u00ea Tirkiyey\u00ea Recep Tayyip Erdogan teqez kir ku &#8220;Hevpeymaniya Mekey\u00ea&#8221; p\u00eangaveke stratej\u00eek \u00fb giring e bo bicihan\u00eena a\u015ft\u00ee, ewleh\u00ee \u00fb tenahiy\u00ea li ser asta her\u00eam\u00ee \u00fb navdewlet\u00ee. Erdogan di axaftineke xwe de amaje bi giringiya v\u00ea tifaq\u00ea kir \u00fb ragihand: &#8220;Hevpeymaniya Mekey\u00ea bo berevaniya hevpar, ku li ser bingeha xwed\u00eederketina her\u00eam\u00ee \u00fb bersivdana bikom hatiye [&hellip;]","og_url":"https:\/\/darkamazi.info\/archives\/1054071","og_site_name":"Darka Maz\u00ee","article_publisher":"https:\/\/www.facebook.com\/DarMaziKurmanci","article_published_time":"2026-09-01T16:02:04+00:00","og_image":[{"width":900,"height":497,"url":"https:\/\/darkamazi.info\/file\/2026\/09\/Erdogan.jpg","type":"image\/jpeg"}],"author":"darka mazi","twitter_card":"summary_large_image","twitter_creator":"@DarkaMaziLatini","twitter_site":"@DarkaMaziLatini","twitter_misc":{"Written by":"darka mazi","Est. reading time":"2 minutes"},"schema":{"@context":"https:\/\/schema.org","@graph":[{"@type":"Article","@id":"https:\/\/darkamazi.info\/archives\/1054071#article","isPartOf":{"@id":"https:\/\/darkamazi.info\/archives\/1054071"},"author":{"name":"darka mazi","@id":"https:\/\/darkamazi.info\/#\/schema\/person\/5ad3e24553a0567993fa8ed4bd0a776c"},"headline":"Erdogan: Hevpeymaniya Mekey\u00ea garantiya ewleh\u00ee \u00fb aramiya her\u00eam\u00ee ye","datePublished":"2026-09-01T16:02:04+00:00","mainEntityOfPage":{"@id":"https:\/\/darkamazi.info\/archives\/1054071"},"wordCount":305,"publisher":{"@id":"https:\/\/darkamazi.info\/#organization"},"image":{"@id":"https:\/\/darkamazi.info\/archives\/1054071#primaryimage"},"thumbnailUrl":"https:\/\/darkamazi.info\/file\/2026\/09\/Erdogan.jpg","keywords":["sereke"],"articleSection":["Rojhelata nav\u00een"],"inLanguage":"en-US"},{"@type":"WebPage","@id":"https:\/\/darkamazi.info\/archives\/1054071","url":"https:\/\/darkamazi.info\/archives\/1054071","name":"Erdogan: Hevpeymaniya Mekey\u00ea garantiya ewleh\u00ee \u00fb aramiya her\u00eam\u00ee ye - Darka Maz\u00ee","isPartOf":{"@id":"https:\/\/darkamazi.info\/#website"},"primaryImageOfPage":{"@id":"https:\/\/darkamazi.info\/archives\/1054071#primaryimage"},"image":{"@id":"https:\/\/darkamazi.info\/archives\/1054071#primaryimage"},"thumbnailUrl":"https:\/\/darkamazi.info\/file\/2026\/09\/Erdogan.jpg","datePublished":"2026-09-01T16:02:04+00:00","breadcrumb":{"@id":"https:\/\/darkamazi.info\/archives\/1054071#breadcrumb"},"inLanguage":"en-US","potentialAction":[{"@type":"ReadAction","target":["https:\/\/darkamazi.info\/archives\/1054071"]}]},{"@type":"ImageObject","inLanguage":"en-US","@id":"https:\/\/darkamazi.info\/archives\/1054071#primaryimage","url":"https:\/\/darkamazi.info\/file\/2026\/09\/Erdogan.jpg","contentUrl":"https:\/\/darkamazi.info\/file\/2026\/09\/Erdogan.jpg","width":900,"height":497,"caption":"Erdogan: Hevpeymaniya Mekey\u00ea garantiya ewleh\u00ee \u00fb aramiya her\u00eam\u00ee ye"},{"@type":"BreadcrumbList","@id":"https:\/\/darkamazi.info\/archives\/1054071#breadcrumb","itemListElement":[{"@type":"ListItem","position":1,"name":"Home","item":"https:\/\/darkamazi.info\/"},{"@type":"ListItem","position":2,"name":"Erdogan: Hevpeymaniya Mekey\u00ea garantiya ewleh\u00ee \u00fb aramiya her\u00eam\u00ee ye"}]},{"@type":"WebSite","@id":"https:\/\/darkamazi.info\/#website","url":"https:\/\/darkamazi.info\/","name":"Darka Maz\u00ee","description":"P\u00eageha Zanyariy\u00ean Nebih\u00eest\u00ee","publisher":{"@id":"https:\/\/darkamazi.info\/#organization"},"potentialAction":[{"@type":"SearchAction","target":{"@type":"EntryPoint","urlTemplate":"https:\/\/darkamazi.info\/?s={search_term_string}"},"query-input":{"@type":"PropertyValueSpecification","valueRequired":true,"valueName":"search_term_string"}}],"inLanguage":"en-US"},{"@type":"Organization","@id":"https:\/\/darkamazi.info\/#organization","name":"Darka Maz\u00ee","url":"https:\/\/darkamazi.info\/","logo":{"@type":"ImageObject","inLanguage":"en-US","@id":"https:\/\/darkamazi.info\/#\/schema\/logo\/image\/","url":"https:\/\/darkamazi.info\/file\/2017\/12\/darka-mazi-logo.png","contentUrl":"https:\/\/darkamazi.info\/file\/2017\/12\/darka-mazi-logo.png","width":151,"height":75,"caption":"Darka Maz\u00ee"},"image":{"@id":"https:\/\/darkamazi.info\/#\/schema\/logo\/image\/"},"sameAs":["https:\/\/www.facebook.com\/DarMaziKurmanci","https:\/\/x.com\/DarkaMaziLatini","https:\/\/www.instagram.com\/darkamazi.kurmanci\/","https:\/\/www.youtube.com\/channel\/UCa5HkTdmI8U1qCUFuTw8B2g"]},{"@type":"Person","@id":"https:\/\/darkamazi.info\/#\/schema\/person\/5ad3e24553a0567993fa8ed4bd0a776c","name":"darka mazi","sameAs":["https:\/\/darkamazi.info\/"],"url":"https:\/\/darkamazi.info\/archives\/author\/kurdi"}]}},"_links":{"self":[{"href":"https:\/\/darkamazi.info\/funavuv\/wp\/v2\/posts\/1054071","targetHints":{"allow":["GET"]}}],"collection":[{"href":"https:\/\/darkamazi.info\/funavuv\/wp\/v2\/posts"}],"about":[{"href":"https:\/\/darkamazi.info\/funavuv\/wp\/v2\/types\/post"}],"author":[{"embeddable":true,"href":"https:\/\/darkamazi.info\/funavuv\/wp\/v2\/users\/2"}],"replies":[{"embeddable":true,"href":"https:\/\/darkamazi.info\/funavuv\/wp\/v2\/comments?post=1054071"}],"version-history":[{"count":1,"href":"https:\/\/darkamazi.info\/funavuv\/wp\/v2\/posts\/1054071\/revisions"}],"predecessor-version":[{"id":1054073,"href":"https:\/\/darkamazi.info\/funavuv\/wp\/v2\/posts\/1054071\/revisions\/1054073"}],"wp:featuredmedia":[{"embeddable":true,"href":"https:\/\/darkamazi.info\/funavuv\/wp\/v2\/media\/1054072"}],"wp:attachment":[{"href":"https:\/\/darkamazi.info\/funavuv\/wp\/v2\/media?parent=1054071"}],"wp:term":[{"taxonomy":"category","embeddable":true,"href":"https:\/\/darkamazi.info\/funavuv\/wp\/v2\/categories?post=1054071"},{"taxonomy":"post_tag","embeddable":true,"href":"https:\/\/darkamazi.info\/funavuv\/wp\/v2\/tags?post=1054071"}],"curies":[{"name":"wp","href":"https:\/\/api.w.org\/{rel}","templated":true}]}}