{"id":1054075,"date":"2026-09-02T17:36:42","date_gmt":"2026-09-02T14:36:42","guid":{"rendered":"https:\/\/darkamazi.info\/?p=1054075"},"modified":"2026-09-02T17:36:42","modified_gmt":"2026-09-02T14:36:42","slug":"tuncer-bakirhan-me-hinek-elewi-ji-kolanan-anin-u-kirin-parlamenter","status":"publish","type":"post","link":"https:\/\/darkamazi.info\/archives\/1054075","title":{"rendered":"Tuncer Bakirhan: Me hinek Elew\u00ee ji kolanan an\u00een \u00fb kirin parlamenter"},"content":{"rendered":"<h3 style=\"text-align: justify;\"><strong>Axaftina Abdullah \u00d6calan a di derbar\u00ea peymana navbera Yavuz Sultan Selim \u00fb \u00cedr\u00ees\u00ea B\u00eetl\u00ees\u00ee de, di navbera Partiya Wekhev\u00ee \u00fb Demokrasiy\u00ea ya Gelan (Partiya DEM) \u00fb hin derdor\u00ean Elew\u00ee de b\u00fb sedema polem\u00eek \u00fb gen\u015feyeke tund.<\/strong><\/h3>\n<h3 style=\"text-align: justify;\">Gen\u015fer\u00ee pi\u015ft\u00ee w\u00ea yek\u00ea dest p\u00ea kir ku \u00d6calan t\u00eakiliya d\u00eerok\u00ee ya navbera Yavuz Sultan Selim \u00fb \u00cedr\u00ees-\u00ee Bitlis\u00ee wek\u00ee &#8220;modelek hevpeymaniya d\u00eerok\u00ee&#8221; bi nav kir \u00fb diyar kir ku ev tifaq b\u00fbye sedema vekirina deriy\u00ea Rojhilata Nav\u00een. Pi\u015ft\u00ee van daxuyaniyan, 53 rew\u015fenb\u00eer, niv\u00eeskar \u00fb kesayet\u00ean Elew\u00ee daxuyaniyeke hevpar bi sernav\u00ea \u201cDaxuyaniya Rew\u015fenb\u00eer\u00ean Elew\u00ee\u201d belav kirin. Di daxuyaniy\u00ea de bertek n\u00ee\u015fan\u00ee v\u00ea referans\u00ea hat dan \u00fb ev hevpeyman\u00ee wek\u00ee &#8220;kevnar \u00fb xw\u00een\u00ee&#8221; hate wesfkirin.<\/h3>\n<h3 style=\"text-align: justify;\">Hevserok\u00ea Partiya DEM\u00ea Tuncer Bak\u0131rhan di hevpeyv\u00eenek\u00ea de bersiveke tund da v\u00ea daxuyaniy\u00ea \u00fb n\u00eeqa\u015f\u00ean li ser gotin\u00ean \u00d6calan wek\u00ee &#8220;sabotaj&#8221; bi nav kir. Bak\u0131rhan destn\u00ee\u015fan kir ku rastb\u00fbna w\u00ea niv\u00eesa ji \u00d6calan re hat\u00ee veqetandin nehatiye pi\u015ftrastkirin \u00fb got: &#8220;Girtina hevokek\u00ea ji niv\u00eesek neverastkir\u00ee \u00fb afirandina w\u00ea t\u00eagih\u00ee\u015ftin\u00ea ku em li dij\u00ee Elewiyan in sabotaj e. Hevserok, parlamenter \u00fb hev\u015faredar\u00ean me Elew\u00ee ne. Siyaseta me bi qas\u00ee ku Kurd e, ewqas j\u00ee Elew\u00ee ye. Kes nikare me li ser Elew\u00eetiy\u00ea bicerib\u00eene.&#8221;<\/h3>\n<h3 style=\"text-align: justify;\">Bakirhan di axaftina xwe de bal ki\u015fand ser rola siyasetmedar\u00ean ber\u00ea y\u00ean partiy\u00ea ku di bin daxuyaniy\u00ea de \u00eemzeya wan heye \u00fb rexney\u00ean tund li wan girtin. Bak\u0131rhan diyar kir ku hin kes ji bo berjewendiy\u00ean siyas\u00ee \u00fb bidestxistina meqaman tevdigerin \u00fb got: &#8220;Di nav \u00eemzekeran de kes\u00ean ku me ji kolanan hildan \u00fb kirin parlamenter j\u00ee hene. Heke rexnekirina Bir\u00eaz \u00d6calan p\u00eancera rew\u015fenb\u00eeriy\u00ea be, bila biborin, \u00ead\u00ee kes v\u00ea helwest\u00ea qeb\u00fbl nake.&#8221;<\/h3>\n<h3 style=\"text-align: justify;\">Di berdewamiya axaftina xwe de, Hevserok\u00ea Partiya DEM\u00ea b\u00eay\u00ee ku nav bide, yek ji \u00eemzeker\u00ean daxuyaniy\u00ea ku ber\u00ea di kevne\u015fopiya partiy\u00ea de wek\u00ee parlamenter \u00fb wez\u00eer kar kirib\u00fb, rasterast kir armanc. Bak\u0131rhan an\u00ee ziman ku gel\u00ea Kurd b\u00eay\u00ee cudakariya mezheb\u00ee dergeh bo hem\u00fb aliyan vekiriye \u00fb diyar kir: &#8220;Gel\u00ea Kurd te kir wez\u00eer ji ber ku tu Elew\u00ee y\u00ee. Di her serdem\u00ea de partiya me pi\u015ftgir\u00ee daye Elewiyan \u00fb parlamenter\u00ean Elew\u00ee ji bajar\u00ean wek\u00ee S\u00eart, \u00calih \u00fb Amed\u00ea hatine hilbijartin. Heta \u00eero tu Kurdek\u00ee negotiye &#8216;\u00e7ima ev Elew\u00ee hat \u00fb hate hilbijartin&#8217;, cudakar\u00eeyeke wisa di nav me de tune ye.&#8221;<\/h3>\n","protected":false},"excerpt":{"rendered":"<p>Axaftina Abdullah \u00d6calan a di derbar\u00ea peymana navbera Yavuz Sultan Selim \u00fb \u00cedr\u00ees\u00ea B\u00eetl\u00ees\u00ee de, di navbera Partiya Wekhev\u00ee \u00fb Demokrasiy\u00ea ya Gelan (Partiya DEM) \u00fb hin derdor\u00ean Elew\u00ee de b\u00fb sedema polem\u00eek \u00fb gen\u015feyeke tund. Gen\u015fer\u00ee pi\u015ft\u00ee w\u00ea yek\u00ea dest p\u00ea kir ku \u00d6calan t\u00eakiliya d\u00eerok\u00ee ya navbera Yavuz Sultan Selim \u00fb \u00cedr\u00ees-\u00ee Bitlis\u00ee [&hellip;]<\/p>\n","protected":false},"author":2,"featured_media":1054076,"comment_status":"closed","ping_status":"closed","sticky":false,"template":"","format":"standard","meta":{"footnotes":""},"categories":[29],"tags":[37],"class_list":["post-1054075","post","type-post","status-publish","format-standard","has-post-thumbnail","hentry","category-kurdistan","tag-sereke"],"blocksy_meta":{"styles_descriptor":{"styles":{"desktop":"","tablet":"","mobile":""},"google_fonts":[],"version":7}},"seo_head":"<!-- This site is optimized with the Yoast SEO plugin v28.4 - https:\/\/yoast.com\/product\/yoast-seo-wordpress\/ -->\n<title>Tuncer Bakirhan: Me hinek Elew\u00ee ji kolanan an\u00een \u00fb kirin parlamenter - Darka Maz\u00ee<\/title>\n<meta name=\"robots\" content=\"index, follow, max-snippet:-1, max-image-preview:large, max-video-preview:-1\" \/>\n<link rel=\"canonical\" href=\"https:\/\/darkamazi.info\/archives\/1054075\" \/>\n<meta property=\"og:locale\" content=\"en_US\" \/>\n<meta property=\"og:type\" content=\"article\" \/>\n<meta property=\"og:title\" content=\"Tuncer Bakirhan: Me hinek Elew\u00ee ji kolanan an\u00een \u00fb kirin parlamenter - Darka Maz\u00ee\" \/>\n<meta property=\"og:description\" content=\"Axaftina Abdullah \u00d6calan a di derbar\u00ea peymana navbera Yavuz Sultan Selim \u00fb \u00cedr\u00ees\u00ea B\u00eetl\u00ees\u00ee de, di navbera Partiya Wekhev\u00ee \u00fb Demokrasiy\u00ea ya Gelan (Partiya DEM) \u00fb hin derdor\u00ean Elew\u00ee de b\u00fb sedema polem\u00eek \u00fb gen\u015feyeke tund. Gen\u015fer\u00ee pi\u015ft\u00ee w\u00ea yek\u00ea dest p\u00ea kir ku \u00d6calan t\u00eakiliya d\u00eerok\u00ee ya navbera Yavuz Sultan Selim \u00fb \u00cedr\u00ees-\u00ee Bitlis\u00ee [&hellip;]\" \/>\n<meta property=\"og:url\" content=\"https:\/\/darkamazi.info\/archives\/1054075\" \/>\n<meta property=\"og:site_name\" content=\"Darka Maz\u00ee\" \/>\n<meta property=\"article:publisher\" content=\"https:\/\/www.facebook.com\/DarMaziKurmanci\" \/>\n<meta property=\"article:published_time\" content=\"2026-09-02T14:36:42+00:00\" \/>\n<meta property=\"og:image\" content=\"https:\/\/darkamazi.info\/file\/2026\/09\/yncer-bakirhan.jpg\" \/>\n\t<meta property=\"og:image:width\" content=\"900\" \/>\n\t<meta property=\"og:image:height\" content=\"497\" \/>\n\t<meta property=\"og:image:type\" content=\"image\/jpeg\" \/>\n<meta name=\"author\" content=\"darka mazi\" \/>\n<meta name=\"twitter:card\" content=\"summary_large_image\" \/>\n<meta name=\"twitter:creator\" content=\"@DarkaMaziLatini\" \/>\n<meta name=\"twitter:site\" content=\"@DarkaMaziLatini\" \/>\n<meta name=\"twitter:label1\" content=\"Written by\" \/>\n\t<meta name=\"twitter:data1\" content=\"darka mazi\" \/>\n\t<meta name=\"twitter:label2\" content=\"Est. reading time\" \/>\n\t<meta name=\"twitter:data2\" content=\"2 minutes\" \/>\n<script type=\"application\/ld+json\" class=\"seo-schema-graph\">{\"@context\":\"https:\\\/\\\/schema.org\",\"@graph\":[{\"@type\":\"Article\",\"@id\":\"https:\\\/\\\/darkamazi.info\\\/archives\\\/1054075#article\",\"isPartOf\":{\"@id\":\"https:\\\/\\\/darkamazi.info\\\/archives\\\/1054075\"},\"author\":{\"name\":\"darka mazi\",\"@id\":\"https:\\\/\\\/darkamazi.info\\\/#\\\/schema\\\/person\\\/5ad3e24553a0567993fa8ed4bd0a776c\"},\"headline\":\"Tuncer Bakirhan: Me hinek Elew\u00ee ji kolanan an\u00een \u00fb kirin parlamenter\",\"datePublished\":\"2026-09-02T14:36:42+00:00\",\"mainEntityOfPage\":{\"@id\":\"https:\\\/\\\/darkamazi.info\\\/archives\\\/1054075\"},\"wordCount\":418,\"publisher\":{\"@id\":\"https:\\\/\\\/darkamazi.info\\\/#organization\"},\"image\":{\"@id\":\"https:\\\/\\\/darkamazi.info\\\/archives\\\/1054075#primaryimage\"},\"thumbnailUrl\":\"https:\\\/\\\/darkamazi.info\\\/darka-content\\\/uploads\\\/2026\\\/09\\\/yncer-bakirhan.jpg\",\"keywords\":[\"sereke\"],\"articleSection\":[\"Kurdistan\"],\"inLanguage\":\"en-US\"},{\"@type\":\"WebPage\",\"@id\":\"https:\\\/\\\/darkamazi.info\\\/archives\\\/1054075\",\"url\":\"https:\\\/\\\/darkamazi.info\\\/archives\\\/1054075\",\"name\":\"Tuncer Bakirhan: Me hinek Elew\u00ee ji kolanan an\u00een \u00fb kirin parlamenter - Darka Maz\u00ee\",\"isPartOf\":{\"@id\":\"https:\\\/\\\/darkamazi.info\\\/#website\"},\"primaryImageOfPage\":{\"@id\":\"https:\\\/\\\/darkamazi.info\\\/archives\\\/1054075#primaryimage\"},\"image\":{\"@id\":\"https:\\\/\\\/darkamazi.info\\\/archives\\\/1054075#primaryimage\"},\"thumbnailUrl\":\"https:\\\/\\\/darkamazi.info\\\/darka-content\\\/uploads\\\/2026\\\/09\\\/yncer-bakirhan.jpg\",\"datePublished\":\"2026-09-02T14:36:42+00:00\",\"breadcrumb\":{\"@id\":\"https:\\\/\\\/darkamazi.info\\\/archives\\\/1054075#breadcrumb\"},\"inLanguage\":\"en-US\",\"potentialAction\":[{\"@type\":\"ReadAction\",\"target\":[\"https:\\\/\\\/darkamazi.info\\\/archives\\\/1054075\"]}]},{\"@type\":\"ImageObject\",\"inLanguage\":\"en-US\",\"@id\":\"https:\\\/\\\/darkamazi.info\\\/archives\\\/1054075#primaryimage\",\"url\":\"https:\\\/\\\/darkamazi.info\\\/darka-content\\\/uploads\\\/2026\\\/09\\\/yncer-bakirhan.jpg\",\"contentUrl\":\"https:\\\/\\\/darkamazi.info\\\/darka-content\\\/uploads\\\/2026\\\/09\\\/yncer-bakirhan.jpg\",\"width\":900,\"height\":497,\"caption\":\"Tuncer Bakirhan: Me hinek Elew\u00ee ji kolanan an\u00een \u00fb kirin parlamenter\"},{\"@type\":\"BreadcrumbList\",\"@id\":\"https:\\\/\\\/darkamazi.info\\\/archives\\\/1054075#breadcrumb\",\"itemListElement\":[{\"@type\":\"ListItem\",\"position\":1,\"name\":\"Home\",\"item\":\"https:\\\/\\\/darkamazi.info\\\/\"},{\"@type\":\"ListItem\",\"position\":2,\"name\":\"Tuncer Bakirhan: Me hinek Elew\u00ee ji kolanan an\u00een \u00fb kirin parlamenter\"}]},{\"@type\":\"WebSite\",\"@id\":\"https:\\\/\\\/darkamazi.info\\\/#website\",\"url\":\"https:\\\/\\\/darkamazi.info\\\/\",\"name\":\"Darka Maz\u00ee\",\"description\":\"P\u00eageha Zanyariy\u00ean Nebih\u00eest\u00ee\",\"publisher\":{\"@id\":\"https:\\\/\\\/darkamazi.info\\\/#organization\"},\"potentialAction\":[{\"@type\":\"SearchAction\",\"target\":{\"@type\":\"EntryPoint\",\"urlTemplate\":\"https:\\\/\\\/darkamazi.info\\\/?s={search_term_string}\"},\"query-input\":{\"@type\":\"PropertyValueSpecification\",\"valueRequired\":true,\"valueName\":\"search_term_string\"}}],\"inLanguage\":\"en-US\"},{\"@type\":\"Organization\",\"@id\":\"https:\\\/\\\/darkamazi.info\\\/#organization\",\"name\":\"Darka Maz\u00ee\",\"url\":\"https:\\\/\\\/darkamazi.info\\\/\",\"logo\":{\"@type\":\"ImageObject\",\"inLanguage\":\"en-US\",\"@id\":\"https:\\\/\\\/darkamazi.info\\\/#\\\/schema\\\/logo\\\/image\\\/\",\"url\":\"https:\\\/\\\/darkamazi.info\\\/darka-content\\\/uploads\\\/2017\\\/12\\\/darka-mazi-logo.png\",\"contentUrl\":\"https:\\\/\\\/darkamazi.info\\\/darka-content\\\/uploads\\\/2017\\\/12\\\/darka-mazi-logo.png\",\"width\":151,\"height\":75,\"caption\":\"Darka Maz\u00ee\"},\"image\":{\"@id\":\"https:\\\/\\\/darkamazi.info\\\/#\\\/schema\\\/logo\\\/image\\\/\"},\"sameAs\":[\"https:\\\/\\\/www.facebook.com\\\/DarMaziKurmanci\",\"https:\\\/\\\/x.com\\\/DarkaMaziLatini\",\"https:\\\/\\\/www.instagram.com\\\/darkamazi.kurmanci\\\/\",\"https:\\\/\\\/www.youtube.com\\\/channel\\\/UCa5HkTdmI8U1qCUFuTw8B2g\"]},{\"@type\":\"Person\",\"@id\":\"https:\\\/\\\/darkamazi.info\\\/#\\\/schema\\\/person\\\/5ad3e24553a0567993fa8ed4bd0a776c\",\"name\":\"darka mazi\",\"sameAs\":[\"https:\\\/\\\/darkamazi.info\\\/\"],\"url\":\"https:\\\/\\\/darkamazi.info\\\/archives\\\/author\\\/kurdi\"}]}<\/script>\n<!-- \/ Yoast SEO plugin. -->","seo_head_json":{"title":"Tuncer Bakirhan: Me hinek Elew\u00ee ji kolanan an\u00een \u00fb kirin parlamenter - Darka Maz\u00ee","robots":{"index":"index","follow":"follow","max-snippet":"max-snippet:-1","max-image-preview":"max-image-preview:large","max-video-preview":"max-video-preview:-1"},"canonical":"https:\/\/darkamazi.info\/archives\/1054075","og_locale":"en_US","og_type":"article","og_title":"Tuncer Bakirhan: Me hinek Elew\u00ee ji kolanan an\u00een \u00fb kirin parlamenter - Darka Maz\u00ee","og_description":"Axaftina Abdullah \u00d6calan a di derbar\u00ea peymana navbera Yavuz Sultan Selim \u00fb \u00cedr\u00ees\u00ea B\u00eetl\u00ees\u00ee de, di navbera Partiya Wekhev\u00ee \u00fb Demokrasiy\u00ea ya Gelan (Partiya DEM) \u00fb hin derdor\u00ean Elew\u00ee de b\u00fb sedema polem\u00eek \u00fb gen\u015feyeke tund. Gen\u015fer\u00ee pi\u015ft\u00ee w\u00ea yek\u00ea dest p\u00ea kir ku \u00d6calan t\u00eakiliya d\u00eerok\u00ee ya navbera Yavuz Sultan Selim \u00fb \u00cedr\u00ees-\u00ee Bitlis\u00ee [&hellip;]","og_url":"https:\/\/darkamazi.info\/archives\/1054075","og_site_name":"Darka Maz\u00ee","article_publisher":"https:\/\/www.facebook.com\/DarMaziKurmanci","article_published_time":"2026-09-02T14:36:42+00:00","og_image":[{"width":900,"height":497,"url":"https:\/\/darkamazi.info\/file\/2026\/09\/yncer-bakirhan.jpg","type":"image\/jpeg"}],"author":"darka mazi","twitter_card":"summary_large_image","twitter_creator":"@DarkaMaziLatini","twitter_site":"@DarkaMaziLatini","twitter_misc":{"Written by":"darka mazi","Est. reading time":"2 minutes"},"schema":{"@context":"https:\/\/schema.org","@graph":[{"@type":"Article","@id":"https:\/\/darkamazi.info\/archives\/1054075#article","isPartOf":{"@id":"https:\/\/darkamazi.info\/archives\/1054075"},"author":{"name":"darka mazi","@id":"https:\/\/darkamazi.info\/#\/schema\/person\/5ad3e24553a0567993fa8ed4bd0a776c"},"headline":"Tuncer Bakirhan: Me hinek Elew\u00ee ji kolanan an\u00een \u00fb kirin parlamenter","datePublished":"2026-09-02T14:36:42+00:00","mainEntityOfPage":{"@id":"https:\/\/darkamazi.info\/archives\/1054075"},"wordCount":418,"publisher":{"@id":"https:\/\/darkamazi.info\/#organization"},"image":{"@id":"https:\/\/darkamazi.info\/archives\/1054075#primaryimage"},"thumbnailUrl":"https:\/\/darkamazi.info\/file\/2026\/09\/yncer-bakirhan.jpg","keywords":["sereke"],"articleSection":["Kurdistan"],"inLanguage":"en-US"},{"@type":"WebPage","@id":"https:\/\/darkamazi.info\/archives\/1054075","url":"https:\/\/darkamazi.info\/archives\/1054075","name":"Tuncer Bakirhan: Me hinek Elew\u00ee ji kolanan an\u00een \u00fb kirin parlamenter - Darka Maz\u00ee","isPartOf":{"@id":"https:\/\/darkamazi.info\/#website"},"primaryImageOfPage":{"@id":"https:\/\/darkamazi.info\/archives\/1054075#primaryimage"},"image":{"@id":"https:\/\/darkamazi.info\/archives\/1054075#primaryimage"},"thumbnailUrl":"https:\/\/darkamazi.info\/file\/2026\/09\/yncer-bakirhan.jpg","datePublished":"2026-09-02T14:36:42+00:00","breadcrumb":{"@id":"https:\/\/darkamazi.info\/archives\/1054075#breadcrumb"},"inLanguage":"en-US","potentialAction":[{"@type":"ReadAction","target":["https:\/\/darkamazi.info\/archives\/1054075"]}]},{"@type":"ImageObject","inLanguage":"en-US","@id":"https:\/\/darkamazi.info\/archives\/1054075#primaryimage","url":"https:\/\/darkamazi.info\/file\/2026\/09\/yncer-bakirhan.jpg","contentUrl":"https:\/\/darkamazi.info\/file\/2026\/09\/yncer-bakirhan.jpg","width":900,"height":497,"caption":"Tuncer Bakirhan: Me hinek Elew\u00ee ji kolanan an\u00een \u00fb kirin parlamenter"},{"@type":"BreadcrumbList","@id":"https:\/\/darkamazi.info\/archives\/1054075#breadcrumb","itemListElement":[{"@type":"ListItem","position":1,"name":"Home","item":"https:\/\/darkamazi.info\/"},{"@type":"ListItem","position":2,"name":"Tuncer Bakirhan: Me hinek Elew\u00ee ji kolanan an\u00een \u00fb kirin parlamenter"}]},{"@type":"WebSite","@id":"https:\/\/darkamazi.info\/#website","url":"https:\/\/darkamazi.info\/","name":"Darka Maz\u00ee","description":"P\u00eageha Zanyariy\u00ean Nebih\u00eest\u00ee","publisher":{"@id":"https:\/\/darkamazi.info\/#organization"},"potentialAction":[{"@type":"SearchAction","target":{"@type":"EntryPoint","urlTemplate":"https:\/\/darkamazi.info\/?s={search_term_string}"},"query-input":{"@type":"PropertyValueSpecification","valueRequired":true,"valueName":"search_term_string"}}],"inLanguage":"en-US"},{"@type":"Organization","@id":"https:\/\/darkamazi.info\/#organization","name":"Darka Maz\u00ee","url":"https:\/\/darkamazi.info\/","logo":{"@type":"ImageObject","inLanguage":"en-US","@id":"https:\/\/darkamazi.info\/#\/schema\/logo\/image\/","url":"https:\/\/darkamazi.info\/file\/2017\/12\/darka-mazi-logo.png","contentUrl":"https:\/\/darkamazi.info\/file\/2017\/12\/darka-mazi-logo.png","width":151,"height":75,"caption":"Darka Maz\u00ee"},"image":{"@id":"https:\/\/darkamazi.info\/#\/schema\/logo\/image\/"},"sameAs":["https:\/\/www.facebook.com\/DarMaziKurmanci","https:\/\/x.com\/DarkaMaziLatini","https:\/\/www.instagram.com\/darkamazi.kurmanci\/","https:\/\/www.youtube.com\/channel\/UCa5HkTdmI8U1qCUFuTw8B2g"]},{"@type":"Person","@id":"https:\/\/darkamazi.info\/#\/schema\/person\/5ad3e24553a0567993fa8ed4bd0a776c","name":"darka mazi","sameAs":["https:\/\/darkamazi.info\/"],"url":"https:\/\/darkamazi.info\/archives\/author\/kurdi"}]}},"_links":{"self":[{"href":"https:\/\/darkamazi.info\/funavuv\/wp\/v2\/posts\/1054075","targetHints":{"allow":["GET"]}}],"collection":[{"href":"https:\/\/darkamazi.info\/funavuv\/wp\/v2\/posts"}],"about":[{"href":"https:\/\/darkamazi.info\/funavuv\/wp\/v2\/types\/post"}],"author":[{"embeddable":true,"href":"https:\/\/darkamazi.info\/funavuv\/wp\/v2\/users\/2"}],"replies":[{"embeddable":true,"href":"https:\/\/darkamazi.info\/funavuv\/wp\/v2\/comments?post=1054075"}],"version-history":[{"count":1,"href":"https:\/\/darkamazi.info\/funavuv\/wp\/v2\/posts\/1054075\/revisions"}],"predecessor-version":[{"id":1054077,"href":"https:\/\/darkamazi.info\/funavuv\/wp\/v2\/posts\/1054075\/revisions\/1054077"}],"wp:featuredmedia":[{"embeddable":true,"href":"https:\/\/darkamazi.info\/funavuv\/wp\/v2\/media\/1054076"}],"wp:attachment":[{"href":"https:\/\/darkamazi.info\/funavuv\/wp\/v2\/media?parent=1054075"}],"wp:term":[{"taxonomy":"category","embeddable":true,"href":"https:\/\/darkamazi.info\/funavuv\/wp\/v2\/categories?post=1054075"},{"taxonomy":"post_tag","embeddable":true,"href":"https:\/\/darkamazi.info\/funavuv\/wp\/v2\/tags?post=1054075"}],"curies":[{"name":"wp","href":"https:\/\/api.w.org\/{rel}","templated":true}]}}