{"id":1054078,"date":"2026-09-02T20:51:56","date_gmt":"2026-09-02T17:51:56","guid":{"rendered":"https:\/\/darkamazi.info\/?p=1054078"},"modified":"2026-09-02T20:51:56","modified_gmt":"2026-09-02T17:51:56","slug":"mustafa-karasu-em-dixwazin-bicin-tirkiyeye","status":"publish","type":"post","link":"https:\/\/darkamazi.info\/archives\/1054078","title":{"rendered":"Mustafa Karasu: Em dixwazin bi\u00e7in Tirkiyey\u00ea\u2026"},"content":{"rendered":"<h3 style=\"text-align: justify;\"><span style=\"font-family: 'arial black', sans-serif;\">Mustafa Karasu ku yek ji r\u00eaveber\u00ean PKK\u00ea ye, ji telev\u00eezyona Medya Haber\u00ea re ku li Ewropay\u00ea we\u015fan\u00ea dike axiv\u00ee. Mustafa Karasu di axaftina xwe de ev \u00eefade bi kar an\u00een: \u201cEm dixwazin bi\u00e7in Tirkiyey\u00ea \u00fb siyaseta demokrat\u00eek bikin. Em dixwazin bibin par\u00e7eyek ji t\u00eako\u015f\u00eena demokrasiy\u00ea ya li Tirkiyey\u00ea.\u201d<\/span><\/h3>\n<h3 style=\"text-align: justify;\">Yek ji r\u00eaveber\u00ean PKK\u00ea Mustafa Karasu di hevpeyv\u00eena xwe ya ku \u00eero hat we\u015fandin de di derbar\u00ea p\u00eavajoya \u00e7areseriy\u00ea ya di navbera dewlet \u00fb PKK\u00ea de, hevd\u00eetin\u00ean ligel Abdullah Ocalan, not\u00ean hevd\u00eetin\u00ea \u00fb gelek mijar\u00ean din de \u00eefadey\u00ean nakok bi kar an\u00een. Karasu her wiha di derbar\u00ea yasaya &#8220;Bih\u00eazkirina Pi\u015ftgiriya Netewey\u00ee \u00fb Yek\u00eetiya Civak\u00ee&#8221; ku di 10\u00ea Tebaxa 2026an de di TBMM\u00ea de hatib\u00fb qeb\u00fblkirin de j\u00ee \u00eefadey\u00ean nakok bi kar an\u00een; ji aliyek\u00ee ve got pejirandina r\u00eaberiya me tune ye, ji aliy\u00ea din ve j\u00ee got di c\u00eebc\u00eekirina yasay\u00ea de Ocalan j\u00ee d\u00ea di kom\u00eesyonan de cih bigire.<\/h3>\n<h3 style=\"text-align: justify;\">\u00c7end sernav\u00ean ber\u00e7av ji hevpeyv\u00eena Mustafa Karasu evin:<\/h3>\n<h3 style=\"text-align: center;\"><span style=\"font-family: 'arial black', sans-serif; color: #8c0707;\">Em dixwazin bi\u00e7in Tirkiyey\u00ea<\/span><\/h3>\n<h3 style=\"text-align: justify;\">Karasu diyar kir ku li dervey\u00ee \u00e7ar\u00e7ovey\u00ea hi\u015ftina n\u00eaz\u00eek\u00ee 800 r\u00eaveber \u00fb kadroyan yek ji mijar\u00ean bingeh\u00een \u00ean p\u00eavajoy\u00ea ye ku div\u00ea b\u00eate \u00e7areserkirin. Karasu an\u00ee ziman ku n\u00eaz\u00eekatiy\u00ean berteng \u00ean wek\u00ee \u201cK\u00ee d\u00ea were, k\u00ee d\u00ea li derve bim\u00eene\u201d dikarin p\u00eavajoy\u00ea zehmet bikin \u00fb tekez kir ku div\u00ea pa\u015feroja kes\u00ean li dervey\u00ee \u00e7ar\u00e7ovey\u00ea li ber \u00e7avan b\u00eate girtin.<\/h3>\n<h3 style=\"text-align: justify;\">\u201cEm dixwazin vegerin Tirkiyey\u00ea \u00fb siyaseta demokrat\u00eek bikin\u201d<\/h3>\n<h3 style=\"text-align: justify;\">Karasu li dij\u00ee form\u00fbl\u00ean gengaz derket ku kadroy\u00ean PKK\u00ea li Her\u00eama Kurdistan\u00ea, bi taybet\u00ee li Hewl\u00ear \u00fb Sil\u00eamaniy\u00ea di nav kampan de bih\u00ealin.<\/h3>\n<h3 style=\"text-align: justify;\">Karasu diyar kir ku ew n\u00eaz\u00eekatiyeke wiha nas nakin \u00fb got ku armanca wan ne ew e ku kadro li kampan de bim\u00eenin, ew dixwazin vegerin Tirkiyey\u00ea \u00fb siyaseta demokrat\u00eek bir\u00eave bibin.<\/h3>\n<h3 style=\"text-align: center;\"><span style=\"color: #8c0707; font-family: 'arial black', sans-serif;\">Di yasay\u00ea de d\u00eetin\u00ean me nehatin ber\u00e7avgirtin<\/span><\/h3>\n<h3 style=\"text-align: justify;\">Mustafa Karasu di derbar\u00ea yasaya ku derket\u00ee de got: \u201cDi v\u00ea yasay\u00ea de d\u00eetin\u00ean R\u00eaberiy\u00ea j\u00ee, d\u00eetin\u00ean me j\u00ee z\u00eade nehatin ber\u00e7avgirtin.\u201d \u00fb got ku ew v\u00ea yasay\u00ea ne qeb\u00fbl dikin ne j\u00ee red dikin. Ev daxuyaniya nakok a Karasu b\u00fb sedema n\u00eeqa\u015f\u00ea.<\/h3>\n<h3 style=\"text-align: justify;\">P\u00eavajo dime\u015fe \u00fb kom\u00eesyon bo \u00e7ekdan\u00een\u00ea li Her\u00eama Kurdistan\u00ea xebat\u00ea bir\u00eave dibe. Di rew\u015feke wiha de ku PKK di mijareke ewqas gir\u00eeng de dib\u00eaje &#8216;me yasa ne qeb\u00fbl kiriye ne j\u00ee red kiriye&#8217;, wek\u00ee n\u00eaz\u00eekatiyeke b\u00eaewleh\u00ee \u00fb b\u00eaberpirsiyar\u00ee hat d\u00eetin.<\/h3>\n<h3 style=\"text-align: center;\"><span style=\"font-family: 'arial black', sans-serif; color: #8c0707;\">D\u00ea rew\u015fa Kampa Mexm\u00fbr\u00ea \u00e7i bibe?<\/span><\/h3>\n<h3 style=\"text-align: justify;\">Yek ji daxuyaniy\u00ean dijber \u00ean Mustafa Karasu, \u015f\u00eerovey\u00ean w\u00ee y\u00ean derbar\u00ea Kampa Mahm\u00fbr\u00ea de b\u00fbn. Karasu \u00ee\u015faret kir ku dibe Kampa Mahm\u00fbr\u00ea pi\u015ft\u00ee ku ger\u00eela j\u00ea derketin, were terikandin.<\/h3>\n<h3 style=\"text-align: justify;\">Karasu di axaftina xwe de got: &#8220;Gel\u00ea Maxm\u00fbr dikare bi\u00e7e, l\u00ea ev yek yekser p\u00eak nay\u00ea. Heke hinek p\u00ea\u015fketin \u00e7\u00eabibe, ev yek dikare were nirxandin \u00fb got\u00fbb\u00eajkirin.&#8221;<\/h3>\n<h3 style=\"text-align: justify;\">Di rew\u015fa normal de div\u00ea destp\u00eak\u00ea siv\u00eel bi\u00e7in, l\u00ea t\u00ea fikr\u00een ku sedema sereke a ku dih\u00eale PKK\u2019e kampa Mexm\u00fbr\u00ea bih\u00eale dawiy\u00ea, tunel\u00ean mezin y\u00ean bin erdin ku PKK\u2019\u00ea li Mexm\u00fbr\u00ea kolane, PKK\u2019e naxwaze heta dema dawiy\u00ea dest ji van tunelan berde.<\/h3>\n<h3 style=\"text-align: center;\"><span style=\"color: #8c0707; font-family: 'arial black', sans-serif;\">Karasu di derbar\u00ea hevd\u00eetin\u00ean ligel dewlet\u00ea de \u00e7i got?<\/span><\/h3>\n<h3 style=\"text-align: justify;\">Her \u00e7end Mustafa Karasu helwestek wisa girt ku raya gi\u015ft\u00ee \u015fa\u015f kir \u00fb rastiy\u00ean derbar\u00ea hevd\u00eetin\u00ean w\u00ee y\u00ean bi dewlet\u00ea \u00fb Ocalan re ve\u015fart, w\u00ee di rastiy\u00ea de bi awayek\u00ee nerasterast qeb\u00fbl kir ku hevd\u00eetin\u00ean wiha qewim\u00eene.<\/h3>\n<h3 style=\"text-align: justify;\">Karasu di axaftina xwe de di mijara hevd\u00eetin\u00ean ligel dewlet\u00ea de j\u00ee \u00eefadey\u00ean nakok bi kar an\u00een. Ji aliyek\u00ee ve qeb\u00fbl kir ku wan ligel rayedar\u00ean dewlet\u00ea hevd\u00eetin kirine, ji aliy\u00ea din ve j\u00ee daxwaza p\u00eawendiy\u00ean z\u00eadetir kir.<\/h3>\n<h3 style=\"text-align: justify;\">\u00c7avkaniy\u00ean PKK&#8217;\u00ea diyar dikin ku Duran Kalkan du caran, di 2&#8217;y\u00ea Sibat\u00ea \u00fb destp\u00eaka T\u00eermeh\u00ea de, \u00e7\u00fbye \u00cemraliy\u00ea, di heman dem de Cemil Bay\u0131k j\u00ee di destp\u00eaka Tebax\u00ea de \u00e7\u00fbye \u00cemraliy\u00ea. L\u00ea Mustafa Karasu hewl daye van hevd\u00eetinan ve\u015f\u00eare.<\/h3>\n<h3 style=\"text-align: justify;\">Karasu her wiha ew kes\u00ean ku not\u00ean hevd\u00eetin\u00ea y\u00ean di navbera Abdullah Ocalan \u00fb \u015fandeya \u00cemraliy\u00ea de belav kirine bi provokasyona p\u00eavajoy\u00ea tawanbar kir. Karasu \u00eefadeyeke zelal a wek\u00ee \u201cHevd\u00eetin \u00e7\u00eaneb\u00fb\u201d an \u201cDuran Kalkan ne\u00e7\u00fbye \u00cemraliy\u00ea\u201d bi kar nean\u00ee, l\u00ea rexne li kes\u00ean ku not\u00ean hevd\u00eetin\u00ea we\u015fandin girt.<\/h3>\n<h3 style=\"text-align: justify;\">Di nav gel de n\u00ear\u00eeneke berbelav heye ku dib\u00eaje PKK h\u00eaza li pi\u015ft belavb\u00fbna wan not\u00ean civ\u00een\u00ea ye ku di medyay\u00ea de hatine parve kirin. T\u00ea fikir\u00een ku PKK\u2019\u00ea ev not\u00ean civ\u00een\u00ea hem ji bo ku zext\u00ea li dewlet\u00ea bike \u00fb hem j\u00ee ji bo ku bingeha xwe ya pi\u015ftgiriy\u00ea bi gotina, &#8216;Bin\u00earin, ev gav ne b\u00eafeyde t\u00ean av\u00eatin&#8217; xurt bike belav kirine.<\/h3>\n","protected":false},"excerpt":{"rendered":"<p>Mustafa Karasu ku yek ji r\u00eaveber\u00ean PKK\u00ea ye, ji telev\u00eezyona Medya Haber\u00ea re ku li Ewropay\u00ea we\u015fan\u00ea dike axiv\u00ee. Mustafa Karasu di axaftina xwe de ev \u00eefade bi kar an\u00een: \u201cEm dixwazin bi\u00e7in Tirkiyey\u00ea \u00fb siyaseta demokrat\u00eek bikin. Em dixwazin bibin par\u00e7eyek ji t\u00eako\u015f\u00eena demokrasiy\u00ea ya li Tirkiyey\u00ea.\u201d Yek ji r\u00eaveber\u00ean PKK\u00ea Mustafa Karasu di [&hellip;]<\/p>\n","protected":false},"author":2,"featured_media":1054079,"comment_status":"closed","ping_status":"closed","sticky":false,"template":"","format":"standard","meta":{"footnotes":""},"categories":[68],"tags":[37],"class_list":["post-1054078","post","type-post","status-publish","format-standard","has-post-thumbnail","hentry","category-analiz","tag-sereke"],"blocksy_meta":{"styles_descriptor":{"styles":{"desktop":"","tablet":"","mobile":""},"google_fonts":[],"version":7}},"seo_head":"<!-- This site is optimized with the Yoast SEO plugin v28.4 - https:\/\/yoast.com\/product\/yoast-seo-wordpress\/ -->\n<title>Mustafa Karasu: Em dixwazin bi\u00e7in Tirkiyey\u00ea\u2026 - Darka Maz\u00ee<\/title>\n<meta name=\"robots\" content=\"index, follow, max-snippet:-1, max-image-preview:large, max-video-preview:-1\" \/>\n<link rel=\"canonical\" href=\"https:\/\/darkamazi.info\/archives\/1054078\" \/>\n<meta property=\"og:locale\" content=\"en_US\" \/>\n<meta property=\"og:type\" content=\"article\" \/>\n<meta property=\"og:title\" content=\"Mustafa Karasu: Em dixwazin bi\u00e7in Tirkiyey\u00ea\u2026 - Darka Maz\u00ee\" \/>\n<meta property=\"og:description\" content=\"Mustafa Karasu ku yek ji r\u00eaveber\u00ean PKK\u00ea ye, ji telev\u00eezyona Medya Haber\u00ea re ku li Ewropay\u00ea we\u015fan\u00ea dike axiv\u00ee. Mustafa Karasu di axaftina xwe de ev \u00eefade bi kar an\u00een: \u201cEm dixwazin bi\u00e7in Tirkiyey\u00ea \u00fb siyaseta demokrat\u00eek bikin. Em dixwazin bibin par\u00e7eyek ji t\u00eako\u015f\u00eena demokrasiy\u00ea ya li Tirkiyey\u00ea.\u201d Yek ji r\u00eaveber\u00ean PKK\u00ea Mustafa Karasu di [&hellip;]\" \/>\n<meta property=\"og:url\" content=\"https:\/\/darkamazi.info\/archives\/1054078\" \/>\n<meta property=\"og:site_name\" content=\"Darka Maz\u00ee\" \/>\n<meta property=\"article:publisher\" content=\"https:\/\/www.facebook.com\/DarMaziKurmanci\" \/>\n<meta property=\"article:published_time\" content=\"2026-09-02T17:51:56+00:00\" \/>\n<meta property=\"og:image\" content=\"https:\/\/darkamazi.info\/file\/2026\/09\/mustafa-karasu.jpg\" \/>\n\t<meta property=\"og:image:width\" content=\"900\" \/>\n\t<meta property=\"og:image:height\" content=\"497\" \/>\n\t<meta property=\"og:image:type\" content=\"image\/jpeg\" \/>\n<meta name=\"author\" content=\"darka mazi\" \/>\n<meta name=\"twitter:card\" content=\"summary_large_image\" \/>\n<meta name=\"twitter:creator\" content=\"@DarkaMaziLatini\" \/>\n<meta name=\"twitter:site\" content=\"@DarkaMaziLatini\" \/>\n<meta name=\"twitter:label1\" content=\"Written by\" \/>\n\t<meta name=\"twitter:data1\" content=\"darka mazi\" \/>\n\t<meta name=\"twitter:label2\" content=\"Est. reading time\" \/>\n\t<meta name=\"twitter:data2\" content=\"4 minutes\" \/>\n<script type=\"application\/ld+json\" class=\"seo-schema-graph\">{\"@context\":\"https:\\\/\\\/schema.org\",\"@graph\":[{\"@type\":\"Article\",\"@id\":\"https:\\\/\\\/darkamazi.info\\\/archives\\\/1054078#article\",\"isPartOf\":{\"@id\":\"https:\\\/\\\/darkamazi.info\\\/archives\\\/1054078\"},\"author\":{\"name\":\"darka mazi\",\"@id\":\"https:\\\/\\\/darkamazi.info\\\/#\\\/schema\\\/person\\\/5ad3e24553a0567993fa8ed4bd0a776c\"},\"headline\":\"Mustafa Karasu: Em dixwazin bi\u00e7in Tirkiyey\u00ea\u2026\",\"datePublished\":\"2026-09-02T17:51:56+00:00\",\"mainEntityOfPage\":{\"@id\":\"https:\\\/\\\/darkamazi.info\\\/archives\\\/1054078\"},\"wordCount\":874,\"publisher\":{\"@id\":\"https:\\\/\\\/darkamazi.info\\\/#organization\"},\"image\":{\"@id\":\"https:\\\/\\\/darkamazi.info\\\/archives\\\/1054078#primaryimage\"},\"thumbnailUrl\":\"https:\\\/\\\/darkamazi.info\\\/darka-content\\\/uploads\\\/2026\\\/09\\\/mustafa-karasu.jpg\",\"keywords\":[\"sereke\"],\"articleSection\":[\"Anal\u00eez\"],\"inLanguage\":\"en-US\"},{\"@type\":\"WebPage\",\"@id\":\"https:\\\/\\\/darkamazi.info\\\/archives\\\/1054078\",\"url\":\"https:\\\/\\\/darkamazi.info\\\/archives\\\/1054078\",\"name\":\"Mustafa Karasu: Em dixwazin bi\u00e7in Tirkiyey\u00ea\u2026 - Darka Maz\u00ee\",\"isPartOf\":{\"@id\":\"https:\\\/\\\/darkamazi.info\\\/#website\"},\"primaryImageOfPage\":{\"@id\":\"https:\\\/\\\/darkamazi.info\\\/archives\\\/1054078#primaryimage\"},\"image\":{\"@id\":\"https:\\\/\\\/darkamazi.info\\\/archives\\\/1054078#primaryimage\"},\"thumbnailUrl\":\"https:\\\/\\\/darkamazi.info\\\/darka-content\\\/uploads\\\/2026\\\/09\\\/mustafa-karasu.jpg\",\"datePublished\":\"2026-09-02T17:51:56+00:00\",\"breadcrumb\":{\"@id\":\"https:\\\/\\\/darkamazi.info\\\/archives\\\/1054078#breadcrumb\"},\"inLanguage\":\"en-US\",\"potentialAction\":[{\"@type\":\"ReadAction\",\"target\":[\"https:\\\/\\\/darkamazi.info\\\/archives\\\/1054078\"]}]},{\"@type\":\"ImageObject\",\"inLanguage\":\"en-US\",\"@id\":\"https:\\\/\\\/darkamazi.info\\\/archives\\\/1054078#primaryimage\",\"url\":\"https:\\\/\\\/darkamazi.info\\\/darka-content\\\/uploads\\\/2026\\\/09\\\/mustafa-karasu.jpg\",\"contentUrl\":\"https:\\\/\\\/darkamazi.info\\\/darka-content\\\/uploads\\\/2026\\\/09\\\/mustafa-karasu.jpg\",\"width\":900,\"height\":497,\"caption\":\"Mustafa Karasu: Em dixwazin bi\u00e7in Tirkiyey\u00ea\u2026\"},{\"@type\":\"BreadcrumbList\",\"@id\":\"https:\\\/\\\/darkamazi.info\\\/archives\\\/1054078#breadcrumb\",\"itemListElement\":[{\"@type\":\"ListItem\",\"position\":1,\"name\":\"Home\",\"item\":\"https:\\\/\\\/darkamazi.info\\\/\"},{\"@type\":\"ListItem\",\"position\":2,\"name\":\"Mustafa Karasu: Em dixwazin bi\u00e7in Tirkiyey\u00ea\u2026\"}]},{\"@type\":\"WebSite\",\"@id\":\"https:\\\/\\\/darkamazi.info\\\/#website\",\"url\":\"https:\\\/\\\/darkamazi.info\\\/\",\"name\":\"Darka Maz\u00ee\",\"description\":\"P\u00eageha Zanyariy\u00ean Nebih\u00eest\u00ee\",\"publisher\":{\"@id\":\"https:\\\/\\\/darkamazi.info\\\/#organization\"},\"potentialAction\":[{\"@type\":\"SearchAction\",\"target\":{\"@type\":\"EntryPoint\",\"urlTemplate\":\"https:\\\/\\\/darkamazi.info\\\/?s={search_term_string}\"},\"query-input\":{\"@type\":\"PropertyValueSpecification\",\"valueRequired\":true,\"valueName\":\"search_term_string\"}}],\"inLanguage\":\"en-US\"},{\"@type\":\"Organization\",\"@id\":\"https:\\\/\\\/darkamazi.info\\\/#organization\",\"name\":\"Darka Maz\u00ee\",\"url\":\"https:\\\/\\\/darkamazi.info\\\/\",\"logo\":{\"@type\":\"ImageObject\",\"inLanguage\":\"en-US\",\"@id\":\"https:\\\/\\\/darkamazi.info\\\/#\\\/schema\\\/logo\\\/image\\\/\",\"url\":\"https:\\\/\\\/darkamazi.info\\\/darka-content\\\/uploads\\\/2017\\\/12\\\/darka-mazi-logo.png\",\"contentUrl\":\"https:\\\/\\\/darkamazi.info\\\/darka-content\\\/uploads\\\/2017\\\/12\\\/darka-mazi-logo.png\",\"width\":151,\"height\":75,\"caption\":\"Darka Maz\u00ee\"},\"image\":{\"@id\":\"https:\\\/\\\/darkamazi.info\\\/#\\\/schema\\\/logo\\\/image\\\/\"},\"sameAs\":[\"https:\\\/\\\/www.facebook.com\\\/DarMaziKurmanci\",\"https:\\\/\\\/x.com\\\/DarkaMaziLatini\",\"https:\\\/\\\/www.instagram.com\\\/darkamazi.kurmanci\\\/\",\"https:\\\/\\\/www.youtube.com\\\/channel\\\/UCa5HkTdmI8U1qCUFuTw8B2g\"]},{\"@type\":\"Person\",\"@id\":\"https:\\\/\\\/darkamazi.info\\\/#\\\/schema\\\/person\\\/5ad3e24553a0567993fa8ed4bd0a776c\",\"name\":\"darka mazi\",\"sameAs\":[\"https:\\\/\\\/darkamazi.info\\\/\"],\"url\":\"https:\\\/\\\/darkamazi.info\\\/archives\\\/author\\\/kurdi\"}]}<\/script>\n<!-- \/ Yoast SEO plugin. -->","seo_head_json":{"title":"Mustafa Karasu: Em dixwazin bi\u00e7in Tirkiyey\u00ea\u2026 - Darka Maz\u00ee","robots":{"index":"index","follow":"follow","max-snippet":"max-snippet:-1","max-image-preview":"max-image-preview:large","max-video-preview":"max-video-preview:-1"},"canonical":"https:\/\/darkamazi.info\/archives\/1054078","og_locale":"en_US","og_type":"article","og_title":"Mustafa Karasu: Em dixwazin bi\u00e7in Tirkiyey\u00ea\u2026 - Darka Maz\u00ee","og_description":"Mustafa Karasu ku yek ji r\u00eaveber\u00ean PKK\u00ea ye, ji telev\u00eezyona Medya Haber\u00ea re ku li Ewropay\u00ea we\u015fan\u00ea dike axiv\u00ee. Mustafa Karasu di axaftina xwe de ev \u00eefade bi kar an\u00een: \u201cEm dixwazin bi\u00e7in Tirkiyey\u00ea \u00fb siyaseta demokrat\u00eek bikin. Em dixwazin bibin par\u00e7eyek ji t\u00eako\u015f\u00eena demokrasiy\u00ea ya li Tirkiyey\u00ea.\u201d Yek ji r\u00eaveber\u00ean PKK\u00ea Mustafa Karasu di [&hellip;]","og_url":"https:\/\/darkamazi.info\/archives\/1054078","og_site_name":"Darka Maz\u00ee","article_publisher":"https:\/\/www.facebook.com\/DarMaziKurmanci","article_published_time":"2026-09-02T17:51:56+00:00","og_image":[{"width":900,"height":497,"url":"https:\/\/darkamazi.info\/file\/2026\/09\/mustafa-karasu.jpg","type":"image\/jpeg"}],"author":"darka mazi","twitter_card":"summary_large_image","twitter_creator":"@DarkaMaziLatini","twitter_site":"@DarkaMaziLatini","twitter_misc":{"Written by":"darka mazi","Est. reading time":"4 minutes"},"schema":{"@context":"https:\/\/schema.org","@graph":[{"@type":"Article","@id":"https:\/\/darkamazi.info\/archives\/1054078#article","isPartOf":{"@id":"https:\/\/darkamazi.info\/archives\/1054078"},"author":{"name":"darka mazi","@id":"https:\/\/darkamazi.info\/#\/schema\/person\/5ad3e24553a0567993fa8ed4bd0a776c"},"headline":"Mustafa Karasu: Em dixwazin bi\u00e7in Tirkiyey\u00ea\u2026","datePublished":"2026-09-02T17:51:56+00:00","mainEntityOfPage":{"@id":"https:\/\/darkamazi.info\/archives\/1054078"},"wordCount":874,"publisher":{"@id":"https:\/\/darkamazi.info\/#organization"},"image":{"@id":"https:\/\/darkamazi.info\/archives\/1054078#primaryimage"},"thumbnailUrl":"https:\/\/darkamazi.info\/file\/2026\/09\/mustafa-karasu.jpg","keywords":["sereke"],"articleSection":["Anal\u00eez"],"inLanguage":"en-US"},{"@type":"WebPage","@id":"https:\/\/darkamazi.info\/archives\/1054078","url":"https:\/\/darkamazi.info\/archives\/1054078","name":"Mustafa Karasu: Em dixwazin bi\u00e7in Tirkiyey\u00ea\u2026 - Darka Maz\u00ee","isPartOf":{"@id":"https:\/\/darkamazi.info\/#website"},"primaryImageOfPage":{"@id":"https:\/\/darkamazi.info\/archives\/1054078#primaryimage"},"image":{"@id":"https:\/\/darkamazi.info\/archives\/1054078#primaryimage"},"thumbnailUrl":"https:\/\/darkamazi.info\/file\/2026\/09\/mustafa-karasu.jpg","datePublished":"2026-09-02T17:51:56+00:00","breadcrumb":{"@id":"https:\/\/darkamazi.info\/archives\/1054078#breadcrumb"},"inLanguage":"en-US","potentialAction":[{"@type":"ReadAction","target":["https:\/\/darkamazi.info\/archives\/1054078"]}]},{"@type":"ImageObject","inLanguage":"en-US","@id":"https:\/\/darkamazi.info\/archives\/1054078#primaryimage","url":"https:\/\/darkamazi.info\/file\/2026\/09\/mustafa-karasu.jpg","contentUrl":"https:\/\/darkamazi.info\/file\/2026\/09\/mustafa-karasu.jpg","width":900,"height":497,"caption":"Mustafa Karasu: Em dixwazin bi\u00e7in Tirkiyey\u00ea\u2026"},{"@type":"BreadcrumbList","@id":"https:\/\/darkamazi.info\/archives\/1054078#breadcrumb","itemListElement":[{"@type":"ListItem","position":1,"name":"Home","item":"https:\/\/darkamazi.info\/"},{"@type":"ListItem","position":2,"name":"Mustafa Karasu: Em dixwazin bi\u00e7in Tirkiyey\u00ea\u2026"}]},{"@type":"WebSite","@id":"https:\/\/darkamazi.info\/#website","url":"https:\/\/darkamazi.info\/","name":"Darka Maz\u00ee","description":"P\u00eageha Zanyariy\u00ean Nebih\u00eest\u00ee","publisher":{"@id":"https:\/\/darkamazi.info\/#organization"},"potentialAction":[{"@type":"SearchAction","target":{"@type":"EntryPoint","urlTemplate":"https:\/\/darkamazi.info\/?s={search_term_string}"},"query-input":{"@type":"PropertyValueSpecification","valueRequired":true,"valueName":"search_term_string"}}],"inLanguage":"en-US"},{"@type":"Organization","@id":"https:\/\/darkamazi.info\/#organization","name":"Darka Maz\u00ee","url":"https:\/\/darkamazi.info\/","logo":{"@type":"ImageObject","inLanguage":"en-US","@id":"https:\/\/darkamazi.info\/#\/schema\/logo\/image\/","url":"https:\/\/darkamazi.info\/file\/2017\/12\/darka-mazi-logo.png","contentUrl":"https:\/\/darkamazi.info\/file\/2017\/12\/darka-mazi-logo.png","width":151,"height":75,"caption":"Darka Maz\u00ee"},"image":{"@id":"https:\/\/darkamazi.info\/#\/schema\/logo\/image\/"},"sameAs":["https:\/\/www.facebook.com\/DarMaziKurmanci","https:\/\/x.com\/DarkaMaziLatini","https:\/\/www.instagram.com\/darkamazi.kurmanci\/","https:\/\/www.youtube.com\/channel\/UCa5HkTdmI8U1qCUFuTw8B2g"]},{"@type":"Person","@id":"https:\/\/darkamazi.info\/#\/schema\/person\/5ad3e24553a0567993fa8ed4bd0a776c","name":"darka mazi","sameAs":["https:\/\/darkamazi.info\/"],"url":"https:\/\/darkamazi.info\/archives\/author\/kurdi"}]}},"_links":{"self":[{"href":"https:\/\/darkamazi.info\/funavuv\/wp\/v2\/posts\/1054078","targetHints":{"allow":["GET"]}}],"collection":[{"href":"https:\/\/darkamazi.info\/funavuv\/wp\/v2\/posts"}],"about":[{"href":"https:\/\/darkamazi.info\/funavuv\/wp\/v2\/types\/post"}],"author":[{"embeddable":true,"href":"https:\/\/darkamazi.info\/funavuv\/wp\/v2\/users\/2"}],"replies":[{"embeddable":true,"href":"https:\/\/darkamazi.info\/funavuv\/wp\/v2\/comments?post=1054078"}],"version-history":[{"count":1,"href":"https:\/\/darkamazi.info\/funavuv\/wp\/v2\/posts\/1054078\/revisions"}],"predecessor-version":[{"id":1054080,"href":"https:\/\/darkamazi.info\/funavuv\/wp\/v2\/posts\/1054078\/revisions\/1054080"}],"wp:featuredmedia":[{"embeddable":true,"href":"https:\/\/darkamazi.info\/funavuv\/wp\/v2\/media\/1054079"}],"wp:attachment":[{"href":"https:\/\/darkamazi.info\/funavuv\/wp\/v2\/media?parent=1054078"}],"wp:term":[{"taxonomy":"category","embeddable":true,"href":"https:\/\/darkamazi.info\/funavuv\/wp\/v2\/categories?post=1054078"},{"taxonomy":"post_tag","embeddable":true,"href":"https:\/\/darkamazi.info\/funavuv\/wp\/v2\/tags?post=1054078"}],"curies":[{"name":"wp","href":"https:\/\/api.w.org\/{rel}","templated":true}]}}