{"id":1054081,"date":"2026-09-02T21:36:19","date_gmt":"2026-09-02T18:36:19","guid":{"rendered":"https:\/\/darkamazi.info\/?p=1054081"},"modified":"2026-09-02T21:36:19","modified_gmt":"2026-09-02T18:36:19","slug":"erdogan-hilwesandina-hsde-bo-tevahiya-hereme-destpeka-qonaxeke-nu-ye","status":"publish","type":"post","link":"https:\/\/darkamazi.info\/archives\/1054081","title":{"rendered":"Erdogan: Hilwe\u015fandina HSD\u00ea bo tevahiya her\u00eam\u00ea destp\u00eaka qonaxeke n\u00fb ye"},"content":{"rendered":"<h3 style=\"text-align: justify;\"><span style=\"font-family: 'arial black', sans-serif;\">Serokkomar\u00ea Tirkiyey\u00ea Recep Tayyip Erdogan ragihand ku biryara hilwe\u015fandina H\u00eaz\u00ean S\u00fbriyeya Demokrat\u00eek (HSD) \u00fb t\u00eakelkirina wan, d\u00ea bibe destp\u00eaka serdemeke n\u00fb bo avakirina aramiya domdar li seranser\u00ea her\u00eam\u00ea. Erdogan teqez kir ku div\u00ea serdema \u00e7ek, tund\u00fbt\u00eej\u00ee \u00fb teror\u00ea bi yekcar\u00ee bi daw\u00ee bibe.<\/span><\/h3>\n<h3 style=\"text-align: justify;\">Erdogan di dema vegera xwe ya ji l\u00fbtkeya R\u00eaxistina Hevkariy\u00ea ya \u015eanghay\u00ea (SCO) ku li Qirxizistan\u00ea hatib\u00fb lihevxistin de, ji rojnamevanan re axiv\u00ee \u00fb p\u00ea\u015fwaz\u00ee li biryara hilwe\u015fandina HSD\u00ea kir. Serokkomar\u00ea Tirkiyey\u00ea diyar kir ku saziy\u00ean p\u00eawend\u00eedar \u00ean welat\u00ea w\u00ee ligel aliy\u00ea S\u00fbriyey\u00ee li ser x\u00eaza s\u00eenor\u00ee bi h\u00fbr\u00ee \u00e7avd\u00eariya p\u00eavajoya bicihan\u00eena v\u00ea biryar\u00ea dikin.<\/h3>\n<h3 style=\"text-align: justify;\">Di berdewamiya axaftina xwe de, Erdogan an\u00ee ziman ku Wa\u015finton\u00ea \u00ead\u00ee bi rastiya rew\u015fa li S\u00fbriyey\u00ea gihi\u015ftiye. W\u00ee banga hevkariy\u00ea li hem\u00fb welat\u00ean c\u00eeran \u00fb dost kir ku di proseya ji n\u00fb ve avakirina S\u00fbriyey\u00ea de bibin al\u00eekar, da ku r\u00ea li ber aloz\u00ee \u00fb t\u00eakdana a\u015ftiya navxwey\u00ee ya w\u00ee welat\u00ee b\u00eate girtin.<\/h3>\n<h3 style=\"text-align: justify;\">Derbar\u00ea ge\u015fedan\u00ean siyas\u00ee \u00fb proseya a\u015ftiy\u00ea ya li Tirkiyey\u00ea de, Erdogan ron\u00ee kir ku prose p\u00eangav bi p\u00eangav ber bi p\u00ea\u015f ve di\u00e7e. W\u00ee diyar kir ku ji ber xus\u00fbsiyeta mijar\u00ea nabe ku bernameyeke demk\u00ee ya s\u00eenordar j\u00ea re b\u00eate dan\u00een, l\u00ea teqez kir ku nex\u015fer\u00eaya dewlet\u00ea ya zelal heye \u00fb kom\u00eesyona \u015fopandin\u00ea bi serokatiya C\u00eegir\u00ea Serokkomar Cevdet Y\u0131lmaz dest bi kar\u00ean xwe y\u00ean ferm\u00ee kiriye.<\/h3>\n<h3 style=\"text-align: justify;\">Serokkomar\u00ea Tirkiyey\u00ea destn\u00ee\u015fan kir ku merc\u00ea sereke bo bicihan\u00eena \u00e7ar\u00e7oveya qan\u00fbn\u00ee ew e ku aliy\u00ea beramber bi awayek\u00ee kiryar\u00ee \u00e7ekan deyne \u00fb xwe hilwe\u015f\u00eene. Erdogan hi\u015fyar\u00ee da ku proseyeke bi v\u00ee reng\u00ee nabe ku z\u00eade b\u00eate derengxistin, da ku nekeve bin bandor \u00fb zirar\u00ean hewldan\u00ean t\u00eakderane.<\/h3>\n<h3 style=\"text-align: justify;\">Di be\u015feke din a gotin\u00ean xwe de, Erdogan bal ki\u015fand ser gir\u00eengiya bih\u00eazkirina &#8220;eniya navxwey\u00ee&#8221; \u00fb got ku ev p\u00eangav ne bi wateya guhnedana cudahiyan e, belk\u00ee yekgirtina civak\u00ea ye di \u00e7ar\u00e7oveya &#8220;Lihevkirina Mezin a Tirkiyey\u00ea&#8221; de. Serokkomar\u00ea Tirkiyey\u00ea her wiha hi\u015fyar\u00ee da her c\u00fbre gotar\u00ean tund \u00ean siyas\u00ee ku zerar\u00ea didin yekr\u00eaz\u00ee \u00fb biratiya civak\u00ee, \u00fb diyar kir ku civak hi\u015fyar e \u00fb nakeve tora te\u015fw\u00eeq\u00ean bi v\u00ee reng\u00ee.<\/h3>\n","protected":false},"excerpt":{"rendered":"<p>Serokkomar\u00ea Tirkiyey\u00ea Recep Tayyip Erdogan ragihand ku biryara hilwe\u015fandina H\u00eaz\u00ean S\u00fbriyeya Demokrat\u00eek (HSD) \u00fb t\u00eakelkirina wan, d\u00ea bibe destp\u00eaka serdemeke n\u00fb bo avakirina aramiya domdar li seranser\u00ea her\u00eam\u00ea. Erdogan teqez kir ku div\u00ea serdema \u00e7ek, tund\u00fbt\u00eej\u00ee \u00fb teror\u00ea bi yekcar\u00ee bi daw\u00ee bibe. Erdogan di dema vegera xwe ya ji l\u00fbtkeya R\u00eaxistina Hevkariy\u00ea ya \u015eanghay\u00ea [&hellip;]<\/p>\n","protected":false},"author":2,"featured_media":1054082,"comment_status":"closed","ping_status":"closed","sticky":false,"template":"","format":"standard","meta":{"footnotes":""},"categories":[31],"tags":[37],"class_list":["post-1054081","post","type-post","status-publish","format-standard","has-post-thumbnail","hentry","category-rojhelata-navin","tag-sereke"],"blocksy_meta":{"styles_descriptor":{"styles":{"desktop":"","tablet":"","mobile":""},"google_fonts":[],"version":7}},"seo_head":"<!-- This site is optimized with the Yoast SEO plugin v28.4 - https:\/\/yoast.com\/product\/yoast-seo-wordpress\/ -->\n<title>Erdogan: Hilwe\u015fandina HSD\u00ea bo tevahiya her\u00eam\u00ea destp\u00eaka qonaxeke n\u00fb ye - Darka Maz\u00ee<\/title>\n<meta name=\"robots\" content=\"index, follow, max-snippet:-1, max-image-preview:large, max-video-preview:-1\" \/>\n<link rel=\"canonical\" href=\"https:\/\/darkamazi.info\/archives\/1054081\" \/>\n<meta property=\"og:locale\" content=\"en_US\" \/>\n<meta property=\"og:type\" content=\"article\" \/>\n<meta property=\"og:title\" content=\"Erdogan: Hilwe\u015fandina HSD\u00ea bo tevahiya her\u00eam\u00ea destp\u00eaka qonaxeke n\u00fb ye - Darka Maz\u00ee\" \/>\n<meta property=\"og:description\" content=\"Serokkomar\u00ea Tirkiyey\u00ea Recep Tayyip Erdogan ragihand ku biryara hilwe\u015fandina H\u00eaz\u00ean S\u00fbriyeya Demokrat\u00eek (HSD) \u00fb t\u00eakelkirina wan, d\u00ea bibe destp\u00eaka serdemeke n\u00fb bo avakirina aramiya domdar li seranser\u00ea her\u00eam\u00ea. Erdogan teqez kir ku div\u00ea serdema \u00e7ek, tund\u00fbt\u00eej\u00ee \u00fb teror\u00ea bi yekcar\u00ee bi daw\u00ee bibe. Erdogan di dema vegera xwe ya ji l\u00fbtkeya R\u00eaxistina Hevkariy\u00ea ya \u015eanghay\u00ea [&hellip;]\" \/>\n<meta property=\"og:url\" content=\"https:\/\/darkamazi.info\/archives\/1054081\" \/>\n<meta property=\"og:site_name\" content=\"Darka Maz\u00ee\" \/>\n<meta property=\"article:publisher\" content=\"https:\/\/www.facebook.com\/DarMaziKurmanci\" \/>\n<meta property=\"article:published_time\" content=\"2026-09-02T18:36:19+00:00\" \/>\n<meta property=\"og:image\" content=\"https:\/\/darkamazi.info\/file\/2026\/09\/racap-tayip-ardogan.jpg\" \/>\n\t<meta property=\"og:image:width\" content=\"900\" \/>\n\t<meta property=\"og:image:height\" content=\"497\" \/>\n\t<meta property=\"og:image:type\" content=\"image\/jpeg\" \/>\n<meta name=\"author\" content=\"darka mazi\" \/>\n<meta name=\"twitter:card\" content=\"summary_large_image\" \/>\n<meta name=\"twitter:creator\" content=\"@DarkaMaziLatini\" \/>\n<meta name=\"twitter:site\" content=\"@DarkaMaziLatini\" \/>\n<meta name=\"twitter:label1\" content=\"Written by\" \/>\n\t<meta name=\"twitter:data1\" content=\"darka mazi\" \/>\n\t<meta name=\"twitter:label2\" content=\"Est. reading time\" \/>\n\t<meta name=\"twitter:data2\" content=\"2 minutes\" \/>\n<script type=\"application\/ld+json\" class=\"seo-schema-graph\">{\"@context\":\"https:\\\/\\\/schema.org\",\"@graph\":[{\"@type\":\"Article\",\"@id\":\"https:\\\/\\\/darkamazi.info\\\/archives\\\/1054081#article\",\"isPartOf\":{\"@id\":\"https:\\\/\\\/darkamazi.info\\\/archives\\\/1054081\"},\"author\":{\"name\":\"darka mazi\",\"@id\":\"https:\\\/\\\/darkamazi.info\\\/#\\\/schema\\\/person\\\/5ad3e24553a0567993fa8ed4bd0a776c\"},\"headline\":\"Erdogan: Hilwe\u015fandina HSD\u00ea bo tevahiya her\u00eam\u00ea destp\u00eaka qonaxeke n\u00fb ye\",\"datePublished\":\"2026-09-02T18:36:19+00:00\",\"mainEntityOfPage\":{\"@id\":\"https:\\\/\\\/darkamazi.info\\\/archives\\\/1054081\"},\"wordCount\":411,\"publisher\":{\"@id\":\"https:\\\/\\\/darkamazi.info\\\/#organization\"},\"image\":{\"@id\":\"https:\\\/\\\/darkamazi.info\\\/archives\\\/1054081#primaryimage\"},\"thumbnailUrl\":\"https:\\\/\\\/darkamazi.info\\\/darka-content\\\/uploads\\\/2026\\\/09\\\/racap-tayip-ardogan.jpg\",\"keywords\":[\"sereke\"],\"articleSection\":[\"Rojhelata nav\u00een\"],\"inLanguage\":\"en-US\"},{\"@type\":\"WebPage\",\"@id\":\"https:\\\/\\\/darkamazi.info\\\/archives\\\/1054081\",\"url\":\"https:\\\/\\\/darkamazi.info\\\/archives\\\/1054081\",\"name\":\"Erdogan: Hilwe\u015fandina HSD\u00ea bo tevahiya her\u00eam\u00ea destp\u00eaka qonaxeke n\u00fb ye - Darka Maz\u00ee\",\"isPartOf\":{\"@id\":\"https:\\\/\\\/darkamazi.info\\\/#website\"},\"primaryImageOfPage\":{\"@id\":\"https:\\\/\\\/darkamazi.info\\\/archives\\\/1054081#primaryimage\"},\"image\":{\"@id\":\"https:\\\/\\\/darkamazi.info\\\/archives\\\/1054081#primaryimage\"},\"thumbnailUrl\":\"https:\\\/\\\/darkamazi.info\\\/darka-content\\\/uploads\\\/2026\\\/09\\\/racap-tayip-ardogan.jpg\",\"datePublished\":\"2026-09-02T18:36:19+00:00\",\"breadcrumb\":{\"@id\":\"https:\\\/\\\/darkamazi.info\\\/archives\\\/1054081#breadcrumb\"},\"inLanguage\":\"en-US\",\"potentialAction\":[{\"@type\":\"ReadAction\",\"target\":[\"https:\\\/\\\/darkamazi.info\\\/archives\\\/1054081\"]}]},{\"@type\":\"ImageObject\",\"inLanguage\":\"en-US\",\"@id\":\"https:\\\/\\\/darkamazi.info\\\/archives\\\/1054081#primaryimage\",\"url\":\"https:\\\/\\\/darkamazi.info\\\/darka-content\\\/uploads\\\/2026\\\/09\\\/racap-tayip-ardogan.jpg\",\"contentUrl\":\"https:\\\/\\\/darkamazi.info\\\/darka-content\\\/uploads\\\/2026\\\/09\\\/racap-tayip-ardogan.jpg\",\"width\":900,\"height\":497,\"caption\":\"Erdogan: Hilwe\u015fandina HSD\u00ea bo tevahiya her\u00eam\u00ea destp\u00eaka qonaxeke n\u00fb ye\"},{\"@type\":\"BreadcrumbList\",\"@id\":\"https:\\\/\\\/darkamazi.info\\\/archives\\\/1054081#breadcrumb\",\"itemListElement\":[{\"@type\":\"ListItem\",\"position\":1,\"name\":\"Home\",\"item\":\"https:\\\/\\\/darkamazi.info\\\/\"},{\"@type\":\"ListItem\",\"position\":2,\"name\":\"Erdogan: Hilwe\u015fandina HSD\u00ea bo tevahiya her\u00eam\u00ea destp\u00eaka qonaxeke n\u00fb ye\"}]},{\"@type\":\"WebSite\",\"@id\":\"https:\\\/\\\/darkamazi.info\\\/#website\",\"url\":\"https:\\\/\\\/darkamazi.info\\\/\",\"name\":\"Darka Maz\u00ee\",\"description\":\"P\u00eageha Zanyariy\u00ean Nebih\u00eest\u00ee\",\"publisher\":{\"@id\":\"https:\\\/\\\/darkamazi.info\\\/#organization\"},\"potentialAction\":[{\"@type\":\"SearchAction\",\"target\":{\"@type\":\"EntryPoint\",\"urlTemplate\":\"https:\\\/\\\/darkamazi.info\\\/?s={search_term_string}\"},\"query-input\":{\"@type\":\"PropertyValueSpecification\",\"valueRequired\":true,\"valueName\":\"search_term_string\"}}],\"inLanguage\":\"en-US\"},{\"@type\":\"Organization\",\"@id\":\"https:\\\/\\\/darkamazi.info\\\/#organization\",\"name\":\"Darka Maz\u00ee\",\"url\":\"https:\\\/\\\/darkamazi.info\\\/\",\"logo\":{\"@type\":\"ImageObject\",\"inLanguage\":\"en-US\",\"@id\":\"https:\\\/\\\/darkamazi.info\\\/#\\\/schema\\\/logo\\\/image\\\/\",\"url\":\"https:\\\/\\\/darkamazi.info\\\/darka-content\\\/uploads\\\/2017\\\/12\\\/darka-mazi-logo.png\",\"contentUrl\":\"https:\\\/\\\/darkamazi.info\\\/darka-content\\\/uploads\\\/2017\\\/12\\\/darka-mazi-logo.png\",\"width\":151,\"height\":75,\"caption\":\"Darka Maz\u00ee\"},\"image\":{\"@id\":\"https:\\\/\\\/darkamazi.info\\\/#\\\/schema\\\/logo\\\/image\\\/\"},\"sameAs\":[\"https:\\\/\\\/www.facebook.com\\\/DarMaziKurmanci\",\"https:\\\/\\\/x.com\\\/DarkaMaziLatini\",\"https:\\\/\\\/www.instagram.com\\\/darkamazi.kurmanci\\\/\",\"https:\\\/\\\/www.youtube.com\\\/channel\\\/UCa5HkTdmI8U1qCUFuTw8B2g\"]},{\"@type\":\"Person\",\"@id\":\"https:\\\/\\\/darkamazi.info\\\/#\\\/schema\\\/person\\\/5ad3e24553a0567993fa8ed4bd0a776c\",\"name\":\"darka mazi\",\"sameAs\":[\"https:\\\/\\\/darkamazi.info\\\/\"],\"url\":\"https:\\\/\\\/darkamazi.info\\\/archives\\\/author\\\/kurdi\"}]}<\/script>\n<!-- \/ Yoast SEO plugin. -->","seo_head_json":{"title":"Erdogan: Hilwe\u015fandina HSD\u00ea bo tevahiya her\u00eam\u00ea destp\u00eaka qonaxeke n\u00fb ye - Darka Maz\u00ee","robots":{"index":"index","follow":"follow","max-snippet":"max-snippet:-1","max-image-preview":"max-image-preview:large","max-video-preview":"max-video-preview:-1"},"canonical":"https:\/\/darkamazi.info\/archives\/1054081","og_locale":"en_US","og_type":"article","og_title":"Erdogan: Hilwe\u015fandina HSD\u00ea bo tevahiya her\u00eam\u00ea destp\u00eaka qonaxeke n\u00fb ye - Darka Maz\u00ee","og_description":"Serokkomar\u00ea Tirkiyey\u00ea Recep Tayyip Erdogan ragihand ku biryara hilwe\u015fandina H\u00eaz\u00ean S\u00fbriyeya Demokrat\u00eek (HSD) \u00fb t\u00eakelkirina wan, d\u00ea bibe destp\u00eaka serdemeke n\u00fb bo avakirina aramiya domdar li seranser\u00ea her\u00eam\u00ea. Erdogan teqez kir ku div\u00ea serdema \u00e7ek, tund\u00fbt\u00eej\u00ee \u00fb teror\u00ea bi yekcar\u00ee bi daw\u00ee bibe. Erdogan di dema vegera xwe ya ji l\u00fbtkeya R\u00eaxistina Hevkariy\u00ea ya \u015eanghay\u00ea [&hellip;]","og_url":"https:\/\/darkamazi.info\/archives\/1054081","og_site_name":"Darka Maz\u00ee","article_publisher":"https:\/\/www.facebook.com\/DarMaziKurmanci","article_published_time":"2026-09-02T18:36:19+00:00","og_image":[{"width":900,"height":497,"url":"https:\/\/darkamazi.info\/file\/2026\/09\/racap-tayip-ardogan.jpg","type":"image\/jpeg"}],"author":"darka mazi","twitter_card":"summary_large_image","twitter_creator":"@DarkaMaziLatini","twitter_site":"@DarkaMaziLatini","twitter_misc":{"Written by":"darka mazi","Est. reading time":"2 minutes"},"schema":{"@context":"https:\/\/schema.org","@graph":[{"@type":"Article","@id":"https:\/\/darkamazi.info\/archives\/1054081#article","isPartOf":{"@id":"https:\/\/darkamazi.info\/archives\/1054081"},"author":{"name":"darka mazi","@id":"https:\/\/darkamazi.info\/#\/schema\/person\/5ad3e24553a0567993fa8ed4bd0a776c"},"headline":"Erdogan: Hilwe\u015fandina HSD\u00ea bo tevahiya her\u00eam\u00ea destp\u00eaka qonaxeke n\u00fb ye","datePublished":"2026-09-02T18:36:19+00:00","mainEntityOfPage":{"@id":"https:\/\/darkamazi.info\/archives\/1054081"},"wordCount":411,"publisher":{"@id":"https:\/\/darkamazi.info\/#organization"},"image":{"@id":"https:\/\/darkamazi.info\/archives\/1054081#primaryimage"},"thumbnailUrl":"https:\/\/darkamazi.info\/file\/2026\/09\/racap-tayip-ardogan.jpg","keywords":["sereke"],"articleSection":["Rojhelata nav\u00een"],"inLanguage":"en-US"},{"@type":"WebPage","@id":"https:\/\/darkamazi.info\/archives\/1054081","url":"https:\/\/darkamazi.info\/archives\/1054081","name":"Erdogan: Hilwe\u015fandina HSD\u00ea bo tevahiya her\u00eam\u00ea destp\u00eaka qonaxeke n\u00fb ye - Darka Maz\u00ee","isPartOf":{"@id":"https:\/\/darkamazi.info\/#website"},"primaryImageOfPage":{"@id":"https:\/\/darkamazi.info\/archives\/1054081#primaryimage"},"image":{"@id":"https:\/\/darkamazi.info\/archives\/1054081#primaryimage"},"thumbnailUrl":"https:\/\/darkamazi.info\/file\/2026\/09\/racap-tayip-ardogan.jpg","datePublished":"2026-09-02T18:36:19+00:00","breadcrumb":{"@id":"https:\/\/darkamazi.info\/archives\/1054081#breadcrumb"},"inLanguage":"en-US","potentialAction":[{"@type":"ReadAction","target":["https:\/\/darkamazi.info\/archives\/1054081"]}]},{"@type":"ImageObject","inLanguage":"en-US","@id":"https:\/\/darkamazi.info\/archives\/1054081#primaryimage","url":"https:\/\/darkamazi.info\/file\/2026\/09\/racap-tayip-ardogan.jpg","contentUrl":"https:\/\/darkamazi.info\/file\/2026\/09\/racap-tayip-ardogan.jpg","width":900,"height":497,"caption":"Erdogan: Hilwe\u015fandina HSD\u00ea bo tevahiya her\u00eam\u00ea destp\u00eaka qonaxeke n\u00fb ye"},{"@type":"BreadcrumbList","@id":"https:\/\/darkamazi.info\/archives\/1054081#breadcrumb","itemListElement":[{"@type":"ListItem","position":1,"name":"Home","item":"https:\/\/darkamazi.info\/"},{"@type":"ListItem","position":2,"name":"Erdogan: Hilwe\u015fandina HSD\u00ea bo tevahiya her\u00eam\u00ea destp\u00eaka qonaxeke n\u00fb ye"}]},{"@type":"WebSite","@id":"https:\/\/darkamazi.info\/#website","url":"https:\/\/darkamazi.info\/","name":"Darka Maz\u00ee","description":"P\u00eageha Zanyariy\u00ean Nebih\u00eest\u00ee","publisher":{"@id":"https:\/\/darkamazi.info\/#organization"},"potentialAction":[{"@type":"SearchAction","target":{"@type":"EntryPoint","urlTemplate":"https:\/\/darkamazi.info\/?s={search_term_string}"},"query-input":{"@type":"PropertyValueSpecification","valueRequired":true,"valueName":"search_term_string"}}],"inLanguage":"en-US"},{"@type":"Organization","@id":"https:\/\/darkamazi.info\/#organization","name":"Darka Maz\u00ee","url":"https:\/\/darkamazi.info\/","logo":{"@type":"ImageObject","inLanguage":"en-US","@id":"https:\/\/darkamazi.info\/#\/schema\/logo\/image\/","url":"https:\/\/darkamazi.info\/file\/2017\/12\/darka-mazi-logo.png","contentUrl":"https:\/\/darkamazi.info\/file\/2017\/12\/darka-mazi-logo.png","width":151,"height":75,"caption":"Darka Maz\u00ee"},"image":{"@id":"https:\/\/darkamazi.info\/#\/schema\/logo\/image\/"},"sameAs":["https:\/\/www.facebook.com\/DarMaziKurmanci","https:\/\/x.com\/DarkaMaziLatini","https:\/\/www.instagram.com\/darkamazi.kurmanci\/","https:\/\/www.youtube.com\/channel\/UCa5HkTdmI8U1qCUFuTw8B2g"]},{"@type":"Person","@id":"https:\/\/darkamazi.info\/#\/schema\/person\/5ad3e24553a0567993fa8ed4bd0a776c","name":"darka mazi","sameAs":["https:\/\/darkamazi.info\/"],"url":"https:\/\/darkamazi.info\/archives\/author\/kurdi"}]}},"_links":{"self":[{"href":"https:\/\/darkamazi.info\/funavuv\/wp\/v2\/posts\/1054081","targetHints":{"allow":["GET"]}}],"collection":[{"href":"https:\/\/darkamazi.info\/funavuv\/wp\/v2\/posts"}],"about":[{"href":"https:\/\/darkamazi.info\/funavuv\/wp\/v2\/types\/post"}],"author":[{"embeddable":true,"href":"https:\/\/darkamazi.info\/funavuv\/wp\/v2\/users\/2"}],"replies":[{"embeddable":true,"href":"https:\/\/darkamazi.info\/funavuv\/wp\/v2\/comments?post=1054081"}],"version-history":[{"count":1,"href":"https:\/\/darkamazi.info\/funavuv\/wp\/v2\/posts\/1054081\/revisions"}],"predecessor-version":[{"id":1054083,"href":"https:\/\/darkamazi.info\/funavuv\/wp\/v2\/posts\/1054081\/revisions\/1054083"}],"wp:featuredmedia":[{"embeddable":true,"href":"https:\/\/darkamazi.info\/funavuv\/wp\/v2\/media\/1054082"}],"wp:attachment":[{"href":"https:\/\/darkamazi.info\/funavuv\/wp\/v2\/media?parent=1054081"}],"wp:term":[{"taxonomy":"category","embeddable":true,"href":"https:\/\/darkamazi.info\/funavuv\/wp\/v2\/categories?post=1054081"},{"taxonomy":"post_tag","embeddable":true,"href":"https:\/\/darkamazi.info\/funavuv\/wp\/v2\/tags?post=1054081"}],"curies":[{"name":"wp","href":"https:\/\/api.w.org\/{rel}","templated":true}]}}