{"id":1054084,"date":"2026-09-03T14:07:52","date_gmt":"2026-09-03T11:07:52","guid":{"rendered":"https:\/\/darkamazi.info\/?p=1054084"},"modified":"2026-09-03T14:07:52","modified_gmt":"2026-09-03T11:07:52","slug":"gelo-duran-kalkan-bese-hozat-u-sabri-ok-de-li-imraliye-werin-cegir-kirin","status":"publish","type":"post","link":"https:\/\/darkamazi.info\/archives\/1054084","title":{"rendered":"Gelo Duran Kalkan, Bes\u00ea Hozat \u00fb Sabr\u00ee Ok d\u00ea li \u00cemraliy\u00ea werin c\u00eag\u00eer kirin?"},"content":{"rendered":"<h3 style=\"text-align: justify;\"><span style=\"font-family: 'arial black', sans-serif;\">S\u00ea berpirs\u00ean payebilind\u00ean PKK\u00ea d\u00ea xwe tesl\u00eem\u00ee Tirkiy\u00ea bikin \u00fb d\u00ea ji bo girt\u00eegeha \u00cemraliy\u00ea werin birin ji bo ku li wir bim\u00eenin<\/span><\/h3>\n<h3 style=\"text-align: justify;\"><span style=\"font-family: arial, helvetica, sans-serif;\">Ehmed Nas\u00een, kur\u00ea niv\u00eeskar\u00ea mezin \u00ea Tirk Ez\u00eez Nas\u00een, e\u015fkere kir ku s\u00ea berpirs\u00ean payebilind \u00ean PKK\u00ea d\u00ea di \u00e7ar\u00e7oveya p\u00eavajoya b\u00ea\u00e7ekkirina PKK\u00ea de bi\u00e7in \u00cemraliy\u00ea.<\/span><\/h3>\n<h3 style=\"text-align: justify;\"><span style=\"font-family: arial, helvetica, sans-serif;\">Nas\u00een nav\u00ean s\u00ea berpirsan e\u015fkere kir, ango Duran Kalkan, Bes\u00ea Hozat \u00fb Sabr\u00ee Ok, ku hem\u00ee j\u00ee wek\u00ee mejiy\u00ean mezin \u00ean PKK\u00ea t\u00eane hesibandin.<\/span><\/h3>\n<h3 style=\"text-align: justify;\"><span style=\"font-family: arial, helvetica, sans-serif;\">Li gor\u00ee Ehmed Nas\u00een, Tirkiyey\u00ea ber\u00ea ji berpirs\u00ean payebilind \u00ean PKK\u00ea xwestib\u00fb ku welatek\u00ee s\u00eayem\u00een ji bo jiyan\u00ea hilbij\u00earin, l\u00ea niha ev raman guheriye \u00fb Tirkiye dest\u00fbr\u00ea dide wan ku li \u00cemraliy\u00ea bim\u00eenin.<\/span><\/h3>\n<h3 style=\"text-align: justify;\"><span style=\"font-family: arial, helvetica, sans-serif;\">Li gor\u00ee Nas\u00een, wek\u00ee ku w\u00ee li ser hesab\u00ea xwe y\u00ea medyaya civak\u00ee we\u015fandiye, agah\u00ee %100 rast e. S\u00ea berpirs\u00ean PKK\u00ea ji bo xwe dixwestin \u00fb hik\u00fbmeta Tirkiyey\u00ea j\u00ee raz\u00ee b\u00fb, l\u00ea e\u015fkere nekir ku ew \u00ea keng\u00ee \u00fb \u00e7awa vegerin Tirkiyey\u00ea. Gelo ew \u00ea werin p\u00ea\u015fwaz\u00eekirin \u00fb d\u00fbv re bibin \u00cemraliy\u00ea, an j\u00ee p\u00eavajo d\u00ea bi diz\u00ee were me\u015fandin? An j\u00ee ew \u00ea werin darizandin \u00fb wek\u00ee girt\u00ee werin hesibandin?<\/span><\/h3>\n<h3 style=\"text-align: justify;\"><span style=\"font-family: arial, helvetica, sans-serif;\">Di gotarek\u00ea de, \u00cesma\u00eel Siverekl\u00ee, niv\u00eeskarek\u00ee navdar li Bakur\u00ea Kurdistan\u00ea, got ku hik\u00fbmeta Tirkiyey\u00ea ji ber du sedeman dest\u00fbr\u00ea dide s\u00ea berpirs\u00ean PKK\u00ea ku bi\u00e7in \u00cemraliy\u00ea.<\/span><\/h3>\n<h3 style=\"text-align: justify;\"><span style=\"font-family: arial, helvetica, sans-serif;\">Sedema yekem ew e ku ew dixwazin PKK\u00ea ji h\u00eala siyas\u00ee ve kontrol bikin, ne ten\u00ea ji h\u00eala le\u015fker\u00ee ve. Sedema duyem j\u00ee ew e ku ew nah\u00ealin PKK pi\u015ft\u00ee \u00e7ekberdan\u00ea xwe n\u00fb bike.<\/span><\/h3>\n<h3 style=\"text-align: justify;\"><span style=\"font-family: arial, helvetica, sans-serif;\">Ew dib\u00eaje ku heke ev p\u00eavajo bibe \u00e7alak\u00ee, dibe ku aliyek er\u00ean\u00ee hebe, ew j\u00ee ev e ku Kurd\u00ean li Tirkiyey\u00ea \u00fb di parlementoya Tirkiyey\u00ea de d\u00ea bih\u00eaz bibin \u00fb bi r\u00eaya siyasetmedar\u00ean xwe li Tirkiyey\u00ea siyaset\u00ea bikin \u00fb bi v\u00ee away\u00ee maf\u00ean xwe y\u00ean netewey\u00ee bi dest bixin.<\/span><\/h3>\n<h3 style=\"text-align: justify;\"><span style=\"font-family: arial, helvetica, sans-serif;\">Ehmed Nasin, xwediy\u00ea doktoray\u00ea \u00fb l\u00eakol\u00eener\u00ea siyas\u00ee y\u00ea navdar li Tirkiyey\u00ea, her tim pi\u015ftgir\u00ee daye maf\u00ean Kurdan \u00fb agahiy\u00ean w\u00ee di medyaya Tirkiyey\u00ea de t\u00eane ber\u00e7avgirtin.<\/span><\/h3>\n","protected":false},"excerpt":{"rendered":"<p>S\u00ea berpirs\u00ean payebilind\u00ean PKK\u00ea d\u00ea xwe tesl\u00eem\u00ee Tirkiy\u00ea bikin \u00fb d\u00ea ji bo girt\u00eegeha \u00cemraliy\u00ea werin birin ji bo ku li wir bim\u00eenin Ehmed Nas\u00een, kur\u00ea niv\u00eeskar\u00ea mezin \u00ea Tirk Ez\u00eez Nas\u00een, e\u015fkere kir ku s\u00ea berpirs\u00ean payebilind \u00ean PKK\u00ea d\u00ea di \u00e7ar\u00e7oveya p\u00eavajoya b\u00ea\u00e7ekkirina PKK\u00ea de bi\u00e7in \u00cemraliy\u00ea. Nas\u00een nav\u00ean s\u00ea berpirsan e\u015fkere kir, [&hellip;]<\/p>\n","protected":false},"author":2,"featured_media":1054085,"comment_status":"closed","ping_status":"closed","sticky":false,"template":"","format":"standard","meta":{"footnotes":""},"categories":[29],"tags":[37],"class_list":["post-1054084","post","type-post","status-publish","format-standard","has-post-thumbnail","hentry","category-kurdistan","tag-sereke"],"blocksy_meta":{"styles_descriptor":{"styles":{"desktop":"","tablet":"","mobile":""},"google_fonts":[],"version":7}},"seo_head":"<!-- This site is optimized with the Yoast SEO plugin v28.4 - https:\/\/yoast.com\/product\/yoast-seo-wordpress\/ -->\n<title>Gelo Duran Kalkan, Bes\u00ea Hozat \u00fb Sabr\u00ee Ok d\u00ea li \u00cemraliy\u00ea werin c\u00eag\u00eer kirin? - Darka Maz\u00ee<\/title>\n<meta name=\"robots\" content=\"index, follow, max-snippet:-1, max-image-preview:large, max-video-preview:-1\" \/>\n<link rel=\"canonical\" href=\"https:\/\/darkamazi.info\/archives\/1054084\" \/>\n<meta property=\"og:locale\" content=\"en_US\" \/>\n<meta property=\"og:type\" content=\"article\" \/>\n<meta property=\"og:title\" content=\"Gelo Duran Kalkan, Bes\u00ea Hozat \u00fb Sabr\u00ee Ok d\u00ea li \u00cemraliy\u00ea werin c\u00eag\u00eer kirin? - Darka Maz\u00ee\" \/>\n<meta property=\"og:description\" content=\"S\u00ea berpirs\u00ean payebilind\u00ean PKK\u00ea d\u00ea xwe tesl\u00eem\u00ee Tirkiy\u00ea bikin \u00fb d\u00ea ji bo girt\u00eegeha \u00cemraliy\u00ea werin birin ji bo ku li wir bim\u00eenin Ehmed Nas\u00een, kur\u00ea niv\u00eeskar\u00ea mezin \u00ea Tirk Ez\u00eez Nas\u00een, e\u015fkere kir ku s\u00ea berpirs\u00ean payebilind \u00ean PKK\u00ea d\u00ea di \u00e7ar\u00e7oveya p\u00eavajoya b\u00ea\u00e7ekkirina PKK\u00ea de bi\u00e7in \u00cemraliy\u00ea. Nas\u00een nav\u00ean s\u00ea berpirsan e\u015fkere kir, [&hellip;]\" \/>\n<meta property=\"og:url\" content=\"https:\/\/darkamazi.info\/archives\/1054084\" \/>\n<meta property=\"og:site_name\" content=\"Darka Maz\u00ee\" \/>\n<meta property=\"article:publisher\" content=\"https:\/\/www.facebook.com\/DarMaziKurmanci\" \/>\n<meta property=\"article:published_time\" content=\"2026-09-03T11:07:52+00:00\" \/>\n<meta property=\"og:image\" content=\"https:\/\/darkamazi.info\/file\/2026\/09\/Duran-Kalkan-Bese-Hozat-u-Sabri-Ok-info.jpg\" \/>\n\t<meta property=\"og:image:width\" content=\"900\" \/>\n\t<meta property=\"og:image:height\" content=\"497\" \/>\n\t<meta property=\"og:image:type\" content=\"image\/jpeg\" \/>\n<meta name=\"author\" content=\"darka mazi\" \/>\n<meta name=\"twitter:card\" content=\"summary_large_image\" \/>\n<meta name=\"twitter:creator\" content=\"@DarkaMaziLatini\" \/>\n<meta name=\"twitter:site\" content=\"@DarkaMaziLatini\" \/>\n<meta name=\"twitter:label1\" content=\"Written by\" \/>\n\t<meta name=\"twitter:data1\" content=\"darka mazi\" \/>\n\t<meta name=\"twitter:label2\" content=\"Est. reading time\" \/>\n\t<meta name=\"twitter:data2\" content=\"2 minutes\" \/>\n<script type=\"application\/ld+json\" class=\"seo-schema-graph\">{\"@context\":\"https:\\\/\\\/schema.org\",\"@graph\":[{\"@type\":\"Article\",\"@id\":\"https:\\\/\\\/darkamazi.info\\\/archives\\\/1054084#article\",\"isPartOf\":{\"@id\":\"https:\\\/\\\/darkamazi.info\\\/archives\\\/1054084\"},\"author\":{\"name\":\"darka mazi\",\"@id\":\"https:\\\/\\\/darkamazi.info\\\/#\\\/schema\\\/person\\\/5ad3e24553a0567993fa8ed4bd0a776c\"},\"headline\":\"Gelo Duran Kalkan, Bes\u00ea Hozat \u00fb Sabr\u00ee Ok d\u00ea li \u00cemraliy\u00ea werin c\u00eag\u00eer kirin?\",\"datePublished\":\"2026-09-03T11:07:52+00:00\",\"mainEntityOfPage\":{\"@id\":\"https:\\\/\\\/darkamazi.info\\\/archives\\\/1054084\"},\"wordCount\":374,\"publisher\":{\"@id\":\"https:\\\/\\\/darkamazi.info\\\/#organization\"},\"image\":{\"@id\":\"https:\\\/\\\/darkamazi.info\\\/archives\\\/1054084#primaryimage\"},\"thumbnailUrl\":\"https:\\\/\\\/darkamazi.info\\\/darka-content\\\/uploads\\\/2026\\\/09\\\/Duran-Kalkan-Bese-Hozat-u-Sabri-Ok-info.jpg\",\"keywords\":[\"sereke\"],\"articleSection\":[\"Kurdistan\"],\"inLanguage\":\"en-US\"},{\"@type\":\"WebPage\",\"@id\":\"https:\\\/\\\/darkamazi.info\\\/archives\\\/1054084\",\"url\":\"https:\\\/\\\/darkamazi.info\\\/archives\\\/1054084\",\"name\":\"Gelo Duran Kalkan, Bes\u00ea Hozat \u00fb Sabr\u00ee Ok d\u00ea li \u00cemraliy\u00ea werin c\u00eag\u00eer kirin? - Darka Maz\u00ee\",\"isPartOf\":{\"@id\":\"https:\\\/\\\/darkamazi.info\\\/#website\"},\"primaryImageOfPage\":{\"@id\":\"https:\\\/\\\/darkamazi.info\\\/archives\\\/1054084#primaryimage\"},\"image\":{\"@id\":\"https:\\\/\\\/darkamazi.info\\\/archives\\\/1054084#primaryimage\"},\"thumbnailUrl\":\"https:\\\/\\\/darkamazi.info\\\/darka-content\\\/uploads\\\/2026\\\/09\\\/Duran-Kalkan-Bese-Hozat-u-Sabri-Ok-info.jpg\",\"datePublished\":\"2026-09-03T11:07:52+00:00\",\"breadcrumb\":{\"@id\":\"https:\\\/\\\/darkamazi.info\\\/archives\\\/1054084#breadcrumb\"},\"inLanguage\":\"en-US\",\"potentialAction\":[{\"@type\":\"ReadAction\",\"target\":[\"https:\\\/\\\/darkamazi.info\\\/archives\\\/1054084\"]}]},{\"@type\":\"ImageObject\",\"inLanguage\":\"en-US\",\"@id\":\"https:\\\/\\\/darkamazi.info\\\/archives\\\/1054084#primaryimage\",\"url\":\"https:\\\/\\\/darkamazi.info\\\/darka-content\\\/uploads\\\/2026\\\/09\\\/Duran-Kalkan-Bese-Hozat-u-Sabri-Ok-info.jpg\",\"contentUrl\":\"https:\\\/\\\/darkamazi.info\\\/darka-content\\\/uploads\\\/2026\\\/09\\\/Duran-Kalkan-Bese-Hozat-u-Sabri-Ok-info.jpg\",\"width\":900,\"height\":497,\"caption\":\"Duran-Kalkan,-Bes\u00ea-Hozat-\u00fb-Sabr\u00ee-Ok-info\"},{\"@type\":\"BreadcrumbList\",\"@id\":\"https:\\\/\\\/darkamazi.info\\\/archives\\\/1054084#breadcrumb\",\"itemListElement\":[{\"@type\":\"ListItem\",\"position\":1,\"name\":\"Home\",\"item\":\"https:\\\/\\\/darkamazi.info\\\/\"},{\"@type\":\"ListItem\",\"position\":2,\"name\":\"Gelo Duran Kalkan, Bes\u00ea Hozat \u00fb Sabr\u00ee Ok d\u00ea li \u00cemraliy\u00ea werin c\u00eag\u00eer kirin?\"}]},{\"@type\":\"WebSite\",\"@id\":\"https:\\\/\\\/darkamazi.info\\\/#website\",\"url\":\"https:\\\/\\\/darkamazi.info\\\/\",\"name\":\"Darka Maz\u00ee\",\"description\":\"P\u00eageha Zanyariy\u00ean Nebih\u00eest\u00ee\",\"publisher\":{\"@id\":\"https:\\\/\\\/darkamazi.info\\\/#organization\"},\"potentialAction\":[{\"@type\":\"SearchAction\",\"target\":{\"@type\":\"EntryPoint\",\"urlTemplate\":\"https:\\\/\\\/darkamazi.info\\\/?s={search_term_string}\"},\"query-input\":{\"@type\":\"PropertyValueSpecification\",\"valueRequired\":true,\"valueName\":\"search_term_string\"}}],\"inLanguage\":\"en-US\"},{\"@type\":\"Organization\",\"@id\":\"https:\\\/\\\/darkamazi.info\\\/#organization\",\"name\":\"Darka Maz\u00ee\",\"url\":\"https:\\\/\\\/darkamazi.info\\\/\",\"logo\":{\"@type\":\"ImageObject\",\"inLanguage\":\"en-US\",\"@id\":\"https:\\\/\\\/darkamazi.info\\\/#\\\/schema\\\/logo\\\/image\\\/\",\"url\":\"https:\\\/\\\/darkamazi.info\\\/darka-content\\\/uploads\\\/2017\\\/12\\\/darka-mazi-logo.png\",\"contentUrl\":\"https:\\\/\\\/darkamazi.info\\\/darka-content\\\/uploads\\\/2017\\\/12\\\/darka-mazi-logo.png\",\"width\":151,\"height\":75,\"caption\":\"Darka Maz\u00ee\"},\"image\":{\"@id\":\"https:\\\/\\\/darkamazi.info\\\/#\\\/schema\\\/logo\\\/image\\\/\"},\"sameAs\":[\"https:\\\/\\\/www.facebook.com\\\/DarMaziKurmanci\",\"https:\\\/\\\/x.com\\\/DarkaMaziLatini\",\"https:\\\/\\\/www.instagram.com\\\/darkamazi.kurmanci\\\/\",\"https:\\\/\\\/www.youtube.com\\\/channel\\\/UCa5HkTdmI8U1qCUFuTw8B2g\"]},{\"@type\":\"Person\",\"@id\":\"https:\\\/\\\/darkamazi.info\\\/#\\\/schema\\\/person\\\/5ad3e24553a0567993fa8ed4bd0a776c\",\"name\":\"darka mazi\",\"sameAs\":[\"https:\\\/\\\/darkamazi.info\\\/\"],\"url\":\"https:\\\/\\\/darkamazi.info\\\/archives\\\/author\\\/kurdi\"}]}<\/script>\n<!-- \/ Yoast SEO plugin. -->","seo_head_json":{"title":"Gelo Duran Kalkan, Bes\u00ea Hozat \u00fb Sabr\u00ee Ok d\u00ea li \u00cemraliy\u00ea werin c\u00eag\u00eer kirin? - Darka Maz\u00ee","robots":{"index":"index","follow":"follow","max-snippet":"max-snippet:-1","max-image-preview":"max-image-preview:large","max-video-preview":"max-video-preview:-1"},"canonical":"https:\/\/darkamazi.info\/archives\/1054084","og_locale":"en_US","og_type":"article","og_title":"Gelo Duran Kalkan, Bes\u00ea Hozat \u00fb Sabr\u00ee Ok d\u00ea li \u00cemraliy\u00ea werin c\u00eag\u00eer kirin? - Darka Maz\u00ee","og_description":"S\u00ea berpirs\u00ean payebilind\u00ean PKK\u00ea d\u00ea xwe tesl\u00eem\u00ee Tirkiy\u00ea bikin \u00fb d\u00ea ji bo girt\u00eegeha \u00cemraliy\u00ea werin birin ji bo ku li wir bim\u00eenin Ehmed Nas\u00een, kur\u00ea niv\u00eeskar\u00ea mezin \u00ea Tirk Ez\u00eez Nas\u00een, e\u015fkere kir ku s\u00ea berpirs\u00ean payebilind \u00ean PKK\u00ea d\u00ea di \u00e7ar\u00e7oveya p\u00eavajoya b\u00ea\u00e7ekkirina PKK\u00ea de bi\u00e7in \u00cemraliy\u00ea. Nas\u00een nav\u00ean s\u00ea berpirsan e\u015fkere kir, [&hellip;]","og_url":"https:\/\/darkamazi.info\/archives\/1054084","og_site_name":"Darka Maz\u00ee","article_publisher":"https:\/\/www.facebook.com\/DarMaziKurmanci","article_published_time":"2026-09-03T11:07:52+00:00","og_image":[{"width":900,"height":497,"url":"https:\/\/darkamazi.info\/file\/2026\/09\/Duran-Kalkan-Bese-Hozat-u-Sabri-Ok-info.jpg","type":"image\/jpeg"}],"author":"darka mazi","twitter_card":"summary_large_image","twitter_creator":"@DarkaMaziLatini","twitter_site":"@DarkaMaziLatini","twitter_misc":{"Written by":"darka mazi","Est. reading time":"2 minutes"},"schema":{"@context":"https:\/\/schema.org","@graph":[{"@type":"Article","@id":"https:\/\/darkamazi.info\/archives\/1054084#article","isPartOf":{"@id":"https:\/\/darkamazi.info\/archives\/1054084"},"author":{"name":"darka mazi","@id":"https:\/\/darkamazi.info\/#\/schema\/person\/5ad3e24553a0567993fa8ed4bd0a776c"},"headline":"Gelo Duran Kalkan, Bes\u00ea Hozat \u00fb Sabr\u00ee Ok d\u00ea li \u00cemraliy\u00ea werin c\u00eag\u00eer kirin?","datePublished":"2026-09-03T11:07:52+00:00","mainEntityOfPage":{"@id":"https:\/\/darkamazi.info\/archives\/1054084"},"wordCount":374,"publisher":{"@id":"https:\/\/darkamazi.info\/#organization"},"image":{"@id":"https:\/\/darkamazi.info\/archives\/1054084#primaryimage"},"thumbnailUrl":"https:\/\/darkamazi.info\/file\/2026\/09\/Duran-Kalkan-Bese-Hozat-u-Sabri-Ok-info.jpg","keywords":["sereke"],"articleSection":["Kurdistan"],"inLanguage":"en-US"},{"@type":"WebPage","@id":"https:\/\/darkamazi.info\/archives\/1054084","url":"https:\/\/darkamazi.info\/archives\/1054084","name":"Gelo Duran Kalkan, Bes\u00ea Hozat \u00fb Sabr\u00ee Ok d\u00ea li \u00cemraliy\u00ea werin c\u00eag\u00eer kirin? - Darka Maz\u00ee","isPartOf":{"@id":"https:\/\/darkamazi.info\/#website"},"primaryImageOfPage":{"@id":"https:\/\/darkamazi.info\/archives\/1054084#primaryimage"},"image":{"@id":"https:\/\/darkamazi.info\/archives\/1054084#primaryimage"},"thumbnailUrl":"https:\/\/darkamazi.info\/file\/2026\/09\/Duran-Kalkan-Bese-Hozat-u-Sabri-Ok-info.jpg","datePublished":"2026-09-03T11:07:52+00:00","breadcrumb":{"@id":"https:\/\/darkamazi.info\/archives\/1054084#breadcrumb"},"inLanguage":"en-US","potentialAction":[{"@type":"ReadAction","target":["https:\/\/darkamazi.info\/archives\/1054084"]}]},{"@type":"ImageObject","inLanguage":"en-US","@id":"https:\/\/darkamazi.info\/archives\/1054084#primaryimage","url":"https:\/\/darkamazi.info\/file\/2026\/09\/Duran-Kalkan-Bese-Hozat-u-Sabri-Ok-info.jpg","contentUrl":"https:\/\/darkamazi.info\/file\/2026\/09\/Duran-Kalkan-Bese-Hozat-u-Sabri-Ok-info.jpg","width":900,"height":497,"caption":"Duran-Kalkan,-Bes\u00ea-Hozat-\u00fb-Sabr\u00ee-Ok-info"},{"@type":"BreadcrumbList","@id":"https:\/\/darkamazi.info\/archives\/1054084#breadcrumb","itemListElement":[{"@type":"ListItem","position":1,"name":"Home","item":"https:\/\/darkamazi.info\/"},{"@type":"ListItem","position":2,"name":"Gelo Duran Kalkan, Bes\u00ea Hozat \u00fb Sabr\u00ee Ok d\u00ea li \u00cemraliy\u00ea werin c\u00eag\u00eer kirin?"}]},{"@type":"WebSite","@id":"https:\/\/darkamazi.info\/#website","url":"https:\/\/darkamazi.info\/","name":"Darka Maz\u00ee","description":"P\u00eageha Zanyariy\u00ean Nebih\u00eest\u00ee","publisher":{"@id":"https:\/\/darkamazi.info\/#organization"},"potentialAction":[{"@type":"SearchAction","target":{"@type":"EntryPoint","urlTemplate":"https:\/\/darkamazi.info\/?s={search_term_string}"},"query-input":{"@type":"PropertyValueSpecification","valueRequired":true,"valueName":"search_term_string"}}],"inLanguage":"en-US"},{"@type":"Organization","@id":"https:\/\/darkamazi.info\/#organization","name":"Darka Maz\u00ee","url":"https:\/\/darkamazi.info\/","logo":{"@type":"ImageObject","inLanguage":"en-US","@id":"https:\/\/darkamazi.info\/#\/schema\/logo\/image\/","url":"https:\/\/darkamazi.info\/file\/2017\/12\/darka-mazi-logo.png","contentUrl":"https:\/\/darkamazi.info\/file\/2017\/12\/darka-mazi-logo.png","width":151,"height":75,"caption":"Darka Maz\u00ee"},"image":{"@id":"https:\/\/darkamazi.info\/#\/schema\/logo\/image\/"},"sameAs":["https:\/\/www.facebook.com\/DarMaziKurmanci","https:\/\/x.com\/DarkaMaziLatini","https:\/\/www.instagram.com\/darkamazi.kurmanci\/","https:\/\/www.youtube.com\/channel\/UCa5HkTdmI8U1qCUFuTw8B2g"]},{"@type":"Person","@id":"https:\/\/darkamazi.info\/#\/schema\/person\/5ad3e24553a0567993fa8ed4bd0a776c","name":"darka mazi","sameAs":["https:\/\/darkamazi.info\/"],"url":"https:\/\/darkamazi.info\/archives\/author\/kurdi"}]}},"_links":{"self":[{"href":"https:\/\/darkamazi.info\/funavuv\/wp\/v2\/posts\/1054084","targetHints":{"allow":["GET"]}}],"collection":[{"href":"https:\/\/darkamazi.info\/funavuv\/wp\/v2\/posts"}],"about":[{"href":"https:\/\/darkamazi.info\/funavuv\/wp\/v2\/types\/post"}],"author":[{"embeddable":true,"href":"https:\/\/darkamazi.info\/funavuv\/wp\/v2\/users\/2"}],"replies":[{"embeddable":true,"href":"https:\/\/darkamazi.info\/funavuv\/wp\/v2\/comments?post=1054084"}],"version-history":[{"count":1,"href":"https:\/\/darkamazi.info\/funavuv\/wp\/v2\/posts\/1054084\/revisions"}],"predecessor-version":[{"id":1054086,"href":"https:\/\/darkamazi.info\/funavuv\/wp\/v2\/posts\/1054084\/revisions\/1054086"}],"wp:featuredmedia":[{"embeddable":true,"href":"https:\/\/darkamazi.info\/funavuv\/wp\/v2\/media\/1054085"}],"wp:attachment":[{"href":"https:\/\/darkamazi.info\/funavuv\/wp\/v2\/media?parent=1054084"}],"wp:term":[{"taxonomy":"category","embeddable":true,"href":"https:\/\/darkamazi.info\/funavuv\/wp\/v2\/categories?post=1054084"},{"taxonomy":"post_tag","embeddable":true,"href":"https:\/\/darkamazi.info\/funavuv\/wp\/v2\/tags?post=1054084"}],"curies":[{"name":"wp","href":"https:\/\/api.w.org\/{rel}","templated":true}]}}