{"id":1054091,"date":"2026-09-05T14:33:08","date_gmt":"2026-09-05T11:33:08","guid":{"rendered":"https:\/\/darkamazi.info\/?p=1054091"},"modified":"2026-09-05T14:33:08","modified_gmt":"2026-09-05T11:33:08","slug":"cemil-bayik-cuye-imraliye-serdemeke-nu-di-nava-pkke-de-u-hevsengiyen-heyi","status":"publish","type":"post","link":"https:\/\/darkamazi.info\/archives\/1054091","title":{"rendered":"Cem\u00eel Bayik \u00c7\u00fbye \u00cemraliy\u00ea: Serdemeke n\u00fb di nava PKK\u00ea de \u00fb hevsengiy\u00ean hey\u00ee"},"content":{"rendered":"<h3><span style=\"font-family: 'arial black', sans-serif;\">Hat ragihandin ku Cem\u00eel Bayik, r\u00eaveber\u00ea pileberz \u00ea PKK\u00ea, serdana \u00cemraliy\u00ea kiriye \u00fb bi Ocalan re hevd\u00eetin kiriye. Li gor\u00ee agahiy\u00ean ku Darka Maz\u00ee ji \u00e7avkaniy\u00ean xwe wergirtine \u00fb ji h\u00eala \u00e7avkaniy\u00ean YNK\u00ea ve hatine pi\u015ftrastkirin; Cem\u00eel Bayik, hevserok\u00ea KCK\u00ea \u00fb endam\u00ea damezr\u00eener \u00ea PKK\u00ea, di hefteya yekem a Tebax\u00ea de bi balafirek\u00ea ji Balafirgeha Sil\u00eamaniy\u00ea \u00e7\u00fbye Tirkiyey\u00ea.<\/span><\/h3>\n<h3>Bayik, ligel du kes\u00ean din, du rojan li \u00cemraliy\u00ea meya ye. Bi v\u00ea serdan\u00ea re, hema hema hem\u00fb r\u00eaveberiya payebilind a r\u00eaxistina PKK\u00ea, ji bil\u00ee \u00e7end kesan, bi Ocalan re r\u00fbbir\u00fb hevd\u00eetin kirine.<\/h3>\n<h3 style=\"text-align: center;\"><span style=\"font-family: 'arial black', sans-serif; color: #8c0a0a;\">Kronolojiya Traf\u00eek\u00ea li \u00cemraliy\u00ea<\/span><\/h3>\n<h3>Li gor\u00ee agahiy\u00ean di dest\u00ea me de, Ebdullah Ocalan pi\u015ft\u00ee banga hilwe\u015fandin\u00ea ya 27\u00ea Sibat\u00ea, du caran bi r\u00eaber\u00ean PKK\u00ea re bi telekonferans\u00ea axiv\u00eeye. Wek\u00ee din, traf\u00eeka kadroy\u00ean payebilind \u00ean ku serdana \u00cemraliy\u00ea kirine roj bi roj z\u00eade b\u00fbye:<\/h3>\n<h3>Hez\u00eerana 2025: Sabr\u00ee Ok \u00fb Bes\u00ea Hozat \u00e7\u00fbn \u00cemraliy\u00ea.<\/h3>\n<h3>Sibata 2025: Duran Kalkan, H\u00eal\u00een Tirk, Raper\u00een D\u00earsim \u00fb Bi\u015far Qoser du rojan li cem Ocalan man. Pi\u015ft\u00ee v\u00ea serdan\u00ea Mazl\u00fbm Ebd\u00ee \u00fb \u00celham Ehmed li \u00cemraliy\u00ea hevd\u00eetin p\u00eak an\u00een.<\/h3>\n<h3>T\u00eermeha 2026: Duran Kalkan bi 2 jin \u00fb 2 zilaman re cara duyem\u00een \u00e7\u00fb \u00cemraliy\u00ea \u00fb hevd\u00eetin bi Ocalan re kir.<\/h3>\n<h3>Rew\u015fa R\u00eaveber\u00ean Din: Her \u00e7end t\u00ea \u00eedd\u00eeakirin ku Mustafa Karasu bi r\u00eaya Rojava \u00e7\u00fbye \u00cemraliy\u00ea j\u00ee, ev agah\u00ee h\u00een nehatiye pi\u015ftrastkirin. L\u00ea bel\u00ea, t\u00ea gotin ku Karasu ji ber pirsgir\u00eak\u00ean \u00ea\u015fa dil \u00fb nexwe\u015fiya vertigo nekaraye siwar\u00ee balafir\u00ea bibe \u00fb dema ku pirsgir\u00eak\u00ean w\u00ee y\u00ean tenduristiy\u00ea \u00e7areser bibin, ew \u00ea j\u00ee bi\u00e7e.<\/h3>\n<h3>Derbar\u00ea Murad Karay\u0131lan de t\u00ea gotin ku dewlet\u00ea serdana w\u00ee bi hinceta &#8220;heke serdana w\u00ee e\u015fkere bibe d\u00ea bibe sedema pirsgir\u00eakan&#8221; pa\u015fxistiye; \u00fb Ocalan ji bo Karay\u0131lan gotiye: <em>&#8220;Ew ji xeta min dernakeve.&#8221;<\/em> Ji aliyek\u00ee din ve, t\u00ea ragihandin ku di navbera berpirs\u00ean jin \u00ean di nav PKK\/PAJK\u00ea de di derbar\u00ea serdana \u00cemraliy\u00ea de hevrikiyeke cid\u00ee heye \u00fb li dij\u00ee p\u00ea\u015fniyarkirina H\u00eal\u00een Tirk bertekek heye.<\/h3>\n<h3 style=\"text-align: center;\"><span style=\"color: #8c0a0a; font-family: 'arial black', sans-serif;\">\u00c7ima Serdana Bayik Watedar e?<\/span><\/h3>\n<h3>Serdana Cem\u00eel Bayik di p\u00eavajoy\u00ea de xaleke \u015fikestin\u00ea ye. Bayik di Kan\u00fbna 2025an de red kirib\u00fb ku bi\u00e7e \u00cemraliy\u00ea \u00fb wek\u00ee bertek w\u00ee xwestib\u00fb li dervey\u00ee p\u00eavajoy\u00ea bim\u00eene, bi hinceta pirsgir\u00eak\u00ean xwe y\u00ean tenduristiy\u00ea. W\u00ee her wiha banga Ocalan a <em>&#8220;bila b\u00eate vir ni\u015ftergehiy\u00ea (emeliyat\u00ea) bibe&#8221;<\/em> bi helwesteke tund red kirib\u00fb. Bayik bi tevah\u00ee ji p\u00eavajoy\u00ea veki\u015fiya b\u00fb, bi hinceta nexwe\u015fiy\u00ea \u00fb w\u00ee ji bo Ocalan gotib\u00fb: <em>&#8220;Serok d\u00een b\u00fbye.&#8221;<\/em><\/h3>\n<h3>L\u00ea bel\u00ea, ult\u00eematoma Ocalan ku di meha T\u00eermeh\u00ea de bi r\u00eaya Duran Kalkan hatib\u00fb ragihandin \u00fb nerehetiya dewleta Tirk ji ber d\u00fbrmay\u00eena Bayik ji p\u00eavajoy\u00ea, hevseng\u00ee guherandin. Serdana Bayik a bo \u00cemraliy\u00ea \u2014wek\u00ee yekane kesayetiya di nav PKK\u00ea de ku dikarib\u00fb xeteke alternat\u00eef li dij\u00ee Ocalan ava bike \u00fb bi taybet\u00ee bi t\u00eakiliy\u00ean xwe y\u00ean bi \u00ceran\u00ea re t\u00ea nas\u00een\u2014 n\u00ee\u015fana xurtkirina tevah\u00ee ya desthilatdariya Ocalan a li ser r\u00eaxistin\u00ea misoger dike. T\u00ea nirxandin ku heke Bayik vexwendina bo \u00cemraliy\u00ea red bikira, d\u00ea li ser jiyana w\u00ee metirsiyeke mezin \u00e7\u00eabib\u00fbya; loma j\u00ee w\u00ee serdana \u00cemraliy\u00ea qeb\u00fbl kir.<\/h3>\n<h3 style=\"text-align: center;\"><span style=\"color: #8c0a0a; font-family: 'arial black', sans-serif;\">Stratejiya Dewlet\u00ea \u00fb Serdema P\u00ea\u015feroj\u00ea<\/span><\/h3>\n<h3>Ev hevd\u00eetin\u00ean bi serok\u00ean PKK\u00ea re ne ji aliy\u00ea dewlet\u00ea \u00fb ne j\u00ee ji aliy\u00ea r\u00eaxistin\u00ea ve bi ferm\u00ee nehatin qeb\u00fblkirin. Her \u00e7end aliy\u00ea Tirk\u00ee li ser nepeniya p\u00eavajoy\u00ea bi hi\u015fyar\u00ee tevbigere j\u00ee, aliy\u00ea PKK\u00ea ji bo r\u00eaxistinkirina cemawer\u00ea xwe agahiy\u00ean hevd\u00eetin\u00ea dan \u00e7apemeniy\u00ea.<\/h3>\n<h3>Serdana h\u00ead\u00ee h\u00ead\u00ee \u00fb per\u00e7e per\u00e7e ya r\u00eaveber\u00ean PKK\u00ea a bo \u00cemraliy\u00ea e\u015fkere dike ku daxuyaniya gi\u015ft\u00ee ya dewleta Tirk a ku <em>&#8220;Ten\u00ea 800 kes d\u00ea ji qan\u00fbn\u00ea s\u00fbd werbigirin, kesayet\u00ean payebilind s\u00fbdmend nabin&#8221;<\/em> ten\u00ea propaganda ye. Bi rast\u00ee, Mustafa Karasu, yek ji kesayet\u00ean p\u00ea\u015feng \u00ean r\u00eaxistin\u00ea, di daxuyaniyek\u00ea de di 2y\u00ea \u00celona 2026an de bi e\u015fkerey\u00ee ev niyeta xwe pi\u015ftrast kir \u00fb got: <em>&#8220;Em dixwazin bi\u00e7in Tirkiyey\u00ea \u00fb siyaseta demokrat\u00eek bikin.&#8221;<\/em><\/h3>\n<h3>Ev hurgul\u00ee n\u00ee\u015fan dide ku Enqere armanc dike di qonaxa yekem de h\u00eaza \u015fer a bingeh\u00een a r\u00eaxistin\u00ea bi tevah\u00ee b\u00eabandor bike, \u00fb ten\u00ea komeke pir s\u00eenordar \u00fb kontrolkir\u00ee li dora r\u00eaveber\u00ean payebilind \u00ean PKK\u00ea bih\u00eale.<\/h3>\n<h3>Yek ji mijar\u00ean sereke y\u00ean ku li pi\u015ft perd\u00ea t\u00eane n\u00eeqa\u015fkirin tam ev e: t\u00ea gotin ku rew\u015fa daw\u00ee ya van r\u00eaveber\u00ean may\u00ee \u00fb p\u00eakhateya r\u00eaxistin\u00ee d\u00ea li gor\u00ee hevsengiy\u00ean her\u00eam\u00ee y\u00ean li seranser\u00ea Rojhilata Nav\u00een, bi taybet\u00ee li \u00ceran\u00ea, p\u00ea\u015f bikeve \u00fb zelal bibe.<\/h3>\n<h3>Takt\u00eeka dewlet\u00ea ya birina r\u00eaber\u00ean PKK\u00ea ya yek bi yek bo \u00cemraliy\u00ea bi tevah\u00ee bi armanca Ocalan re li hev dike ku dixwaze r\u00eaber\u00ean PKK\u00ea di bin kontrola xwe de bih\u00eale. Bi rast\u00ee, \u00e7avkaniy\u00ean di nav r\u00eaxistin\u00ea de dib\u00eajin ku hem \u015fandey\u00ean \u00cemraliy\u00ea \u00fb hem j\u00ee kadroy\u00ean d\u00ear\u00een \u00ean PKKya hilwe\u015fiyay\u00ee d\u00ea di p\u00ea\u015feroj\u00ea de serdan\u00ean xwe y\u00ean bo \u00cemraliy\u00ea h\u00een b\u00eatir z\u00eade bikin.<\/h3>\n","protected":false},"excerpt":{"rendered":"<p>Hat ragihandin ku Cem\u00eel Bayik, r\u00eaveber\u00ea pileberz \u00ea PKK\u00ea, serdana \u00cemraliy\u00ea kiriye \u00fb bi Ocalan re hevd\u00eetin kiriye. Li gor\u00ee agahiy\u00ean ku Darka Maz\u00ee ji \u00e7avkaniy\u00ean xwe wergirtine \u00fb ji h\u00eala \u00e7avkaniy\u00ean YNK\u00ea ve hatine pi\u015ftrastkirin; Cem\u00eel Bayik, hevserok\u00ea KCK\u00ea \u00fb endam\u00ea damezr\u00eener \u00ea PKK\u00ea, di hefteya yekem a Tebax\u00ea de bi balafirek\u00ea ji Balafirgeha [&hellip;]<\/p>\n","protected":false},"author":2,"featured_media":1054092,"comment_status":"closed","ping_status":"closed","sticky":false,"template":"","format":"standard","meta":{"footnotes":""},"categories":[68],"tags":[37],"class_list":["post-1054091","post","type-post","status-publish","format-standard","has-post-thumbnail","hentry","category-analiz","tag-sereke"],"blocksy_meta":{"styles_descriptor":{"styles":{"desktop":"","tablet":"","mobile":""},"google_fonts":[],"version":8}},"seo_head":"<!-- This site is optimized with the Yoast SEO plugin v28.4 - https:\/\/yoast.com\/product\/yoast-seo-wordpress\/ -->\n<title>Cem\u00eel Bayik \u00c7\u00fbye \u00cemraliy\u00ea: Serdemeke n\u00fb di nava PKK\u00ea de \u00fb hevsengiy\u00ean hey\u00ee - Darka Maz\u00ee<\/title>\n<meta name=\"robots\" content=\"index, follow, max-snippet:-1, max-image-preview:large, max-video-preview:-1\" \/>\n<link rel=\"canonical\" href=\"https:\/\/darkamazi.info\/archives\/1054091\" \/>\n<meta property=\"og:locale\" content=\"en_US\" \/>\n<meta property=\"og:type\" content=\"article\" \/>\n<meta property=\"og:title\" content=\"Cem\u00eel Bayik \u00c7\u00fbye \u00cemraliy\u00ea: Serdemeke n\u00fb di nava PKK\u00ea de \u00fb hevsengiy\u00ean hey\u00ee - Darka Maz\u00ee\" \/>\n<meta property=\"og:description\" content=\"Hat ragihandin ku Cem\u00eel Bayik, r\u00eaveber\u00ea pileberz \u00ea PKK\u00ea, serdana \u00cemraliy\u00ea kiriye \u00fb bi Ocalan re hevd\u00eetin kiriye. Li gor\u00ee agahiy\u00ean ku Darka Maz\u00ee ji \u00e7avkaniy\u00ean xwe wergirtine \u00fb ji h\u00eala \u00e7avkaniy\u00ean YNK\u00ea ve hatine pi\u015ftrastkirin; Cem\u00eel Bayik, hevserok\u00ea KCK\u00ea \u00fb endam\u00ea damezr\u00eener \u00ea PKK\u00ea, di hefteya yekem a Tebax\u00ea de bi balafirek\u00ea ji Balafirgeha [&hellip;]\" \/>\n<meta property=\"og:url\" content=\"https:\/\/darkamazi.info\/archives\/1054091\" \/>\n<meta property=\"og:site_name\" content=\"Darka Maz\u00ee\" \/>\n<meta property=\"article:publisher\" content=\"https:\/\/www.facebook.com\/DarMaziKurmanci\" \/>\n<meta property=\"article:published_time\" content=\"2026-09-05T11:33:08+00:00\" \/>\n<meta property=\"og:image\" content=\"https:\/\/darkamazi.info\/file\/2026\/09\/wp-mazi-ocalan-bayik.jpg\" \/>\n\t<meta property=\"og:image:width\" content=\"900\" \/>\n\t<meta property=\"og:image:height\" content=\"497\" \/>\n\t<meta property=\"og:image:type\" content=\"image\/jpeg\" \/>\n<meta name=\"author\" content=\"darka mazi\" \/>\n<meta name=\"twitter:card\" content=\"summary_large_image\" \/>\n<meta name=\"twitter:creator\" content=\"@DarkaMaziLatini\" \/>\n<meta name=\"twitter:site\" content=\"@DarkaMaziLatini\" \/>\n<meta name=\"twitter:label1\" content=\"Written by\" \/>\n\t<meta name=\"twitter:data1\" content=\"darka mazi\" \/>\n\t<meta name=\"twitter:label2\" content=\"Est. reading time\" \/>\n\t<meta name=\"twitter:data2\" content=\"4 minutes\" \/>\n<script type=\"application\/ld+json\" class=\"seo-schema-graph\">{\"@context\":\"https:\\\/\\\/schema.org\",\"@graph\":[{\"@type\":\"Article\",\"@id\":\"https:\\\/\\\/darkamazi.info\\\/archives\\\/1054091#article\",\"isPartOf\":{\"@id\":\"https:\\\/\\\/darkamazi.info\\\/archives\\\/1054091\"},\"author\":{\"name\":\"darka mazi\",\"@id\":\"https:\\\/\\\/darkamazi.info\\\/#\\\/schema\\\/person\\\/5ad3e24553a0567993fa8ed4bd0a776c\"},\"headline\":\"Cem\u00eel Bayik \u00c7\u00fbye \u00cemraliy\u00ea: Serdemeke n\u00fb di nava PKK\u00ea de \u00fb hevsengiy\u00ean hey\u00ee\",\"datePublished\":\"2026-09-05T11:33:08+00:00\",\"mainEntityOfPage\":{\"@id\":\"https:\\\/\\\/darkamazi.info\\\/archives\\\/1054091\"},\"wordCount\":896,\"publisher\":{\"@id\":\"https:\\\/\\\/darkamazi.info\\\/#organization\"},\"image\":{\"@id\":\"https:\\\/\\\/darkamazi.info\\\/archives\\\/1054091#primaryimage\"},\"thumbnailUrl\":\"https:\\\/\\\/darkamazi.info\\\/darka-content\\\/uploads\\\/2026\\\/09\\\/darka-mazi-ocalan-bayik.jpg\",\"keywords\":[\"sereke\"],\"articleSection\":[\"Anal\u00eez\"],\"inLanguage\":\"en-US\"},{\"@type\":\"WebPage\",\"@id\":\"https:\\\/\\\/darkamazi.info\\\/archives\\\/1054091\",\"url\":\"https:\\\/\\\/darkamazi.info\\\/archives\\\/1054091\",\"name\":\"Cem\u00eel Bayik \u00c7\u00fbye \u00cemraliy\u00ea: Serdemeke n\u00fb di nava PKK\u00ea de \u00fb hevsengiy\u00ean hey\u00ee - Darka Maz\u00ee\",\"isPartOf\":{\"@id\":\"https:\\\/\\\/darkamazi.info\\\/#website\"},\"primaryImageOfPage\":{\"@id\":\"https:\\\/\\\/darkamazi.info\\\/archives\\\/1054091#primaryimage\"},\"image\":{\"@id\":\"https:\\\/\\\/darkamazi.info\\\/archives\\\/1054091#primaryimage\"},\"thumbnailUrl\":\"https:\\\/\\\/darkamazi.info\\\/darka-content\\\/uploads\\\/2026\\\/09\\\/darka-mazi-ocalan-bayik.jpg\",\"datePublished\":\"2026-09-05T11:33:08+00:00\",\"breadcrumb\":{\"@id\":\"https:\\\/\\\/darkamazi.info\\\/archives\\\/1054091#breadcrumb\"},\"inLanguage\":\"en-US\",\"potentialAction\":[{\"@type\":\"ReadAction\",\"target\":[\"https:\\\/\\\/darkamazi.info\\\/archives\\\/1054091\"]}]},{\"@type\":\"ImageObject\",\"inLanguage\":\"en-US\",\"@id\":\"https:\\\/\\\/darkamazi.info\\\/archives\\\/1054091#primaryimage\",\"url\":\"https:\\\/\\\/darkamazi.info\\\/darka-content\\\/uploads\\\/2026\\\/09\\\/darka-mazi-ocalan-bayik.jpg\",\"contentUrl\":\"https:\\\/\\\/darkamazi.info\\\/darka-content\\\/uploads\\\/2026\\\/09\\\/darka-mazi-ocalan-bayik.jpg\",\"width\":900,\"height\":497,\"caption\":\"Cem\u00eel Bayik \u00c7\u00fbye \u00cemraliy\u00ea: Serdemeke n\u00fb di nava PKK\u00ea de \u00fb hevsengiy\u00ean hey\u00ee\"},{\"@type\":\"BreadcrumbList\",\"@id\":\"https:\\\/\\\/darkamazi.info\\\/archives\\\/1054091#breadcrumb\",\"itemListElement\":[{\"@type\":\"ListItem\",\"position\":1,\"name\":\"Home\",\"item\":\"https:\\\/\\\/darkamazi.info\\\/\"},{\"@type\":\"ListItem\",\"position\":2,\"name\":\"Cem\u00eel Bayik \u00c7\u00fbye \u00cemraliy\u00ea: Serdemeke n\u00fb di nava PKK\u00ea de \u00fb hevsengiy\u00ean hey\u00ee\"}]},{\"@type\":\"WebSite\",\"@id\":\"https:\\\/\\\/darkamazi.info\\\/#website\",\"url\":\"https:\\\/\\\/darkamazi.info\\\/\",\"name\":\"Darka Maz\u00ee\",\"description\":\"P\u00eageha Zanyariy\u00ean Nebih\u00eest\u00ee\",\"publisher\":{\"@id\":\"https:\\\/\\\/darkamazi.info\\\/#organization\"},\"potentialAction\":[{\"@type\":\"SearchAction\",\"target\":{\"@type\":\"EntryPoint\",\"urlTemplate\":\"https:\\\/\\\/darkamazi.info\\\/?s={search_term_string}\"},\"query-input\":{\"@type\":\"PropertyValueSpecification\",\"valueRequired\":true,\"valueName\":\"search_term_string\"}}],\"inLanguage\":\"en-US\"},{\"@type\":\"Organization\",\"@id\":\"https:\\\/\\\/darkamazi.info\\\/#organization\",\"name\":\"Darka Maz\u00ee\",\"url\":\"https:\\\/\\\/darkamazi.info\\\/\",\"logo\":{\"@type\":\"ImageObject\",\"inLanguage\":\"en-US\",\"@id\":\"https:\\\/\\\/darkamazi.info\\\/#\\\/schema\\\/logo\\\/image\\\/\",\"url\":\"https:\\\/\\\/darkamazi.info\\\/darka-content\\\/uploads\\\/2017\\\/12\\\/darka-mazi-logo.png\",\"contentUrl\":\"https:\\\/\\\/darkamazi.info\\\/darka-content\\\/uploads\\\/2017\\\/12\\\/darka-mazi-logo.png\",\"width\":151,\"height\":75,\"caption\":\"Darka Maz\u00ee\"},\"image\":{\"@id\":\"https:\\\/\\\/darkamazi.info\\\/#\\\/schema\\\/logo\\\/image\\\/\"},\"sameAs\":[\"https:\\\/\\\/www.facebook.com\\\/DarMaziKurmanci\",\"https:\\\/\\\/x.com\\\/DarkaMaziLatini\",\"https:\\\/\\\/www.instagram.com\\\/darkamazi.kurmanci\\\/\",\"https:\\\/\\\/www.youtube.com\\\/channel\\\/UCa5HkTdmI8U1qCUFuTw8B2g\"]},{\"@type\":\"Person\",\"@id\":\"https:\\\/\\\/darkamazi.info\\\/#\\\/schema\\\/person\\\/5ad3e24553a0567993fa8ed4bd0a776c\",\"name\":\"darka mazi\",\"sameAs\":[\"https:\\\/\\\/darkamazi.info\\\/\"],\"url\":\"https:\\\/\\\/darkamazi.info\\\/archives\\\/author\\\/kurdi\"}]}<\/script>\n<!-- \/ Yoast SEO plugin. -->","seo_head_json":{"title":"Cem\u00eel Bayik \u00c7\u00fbye \u00cemraliy\u00ea: Serdemeke n\u00fb di nava PKK\u00ea de \u00fb hevsengiy\u00ean hey\u00ee - Darka Maz\u00ee","robots":{"index":"index","follow":"follow","max-snippet":"max-snippet:-1","max-image-preview":"max-image-preview:large","max-video-preview":"max-video-preview:-1"},"canonical":"https:\/\/darkamazi.info\/archives\/1054091","og_locale":"en_US","og_type":"article","og_title":"Cem\u00eel Bayik \u00c7\u00fbye \u00cemraliy\u00ea: Serdemeke n\u00fb di nava PKK\u00ea de \u00fb hevsengiy\u00ean hey\u00ee - Darka Maz\u00ee","og_description":"Hat ragihandin ku Cem\u00eel Bayik, r\u00eaveber\u00ea pileberz \u00ea PKK\u00ea, serdana \u00cemraliy\u00ea kiriye \u00fb bi Ocalan re hevd\u00eetin kiriye. Li gor\u00ee agahiy\u00ean ku Darka Maz\u00ee ji \u00e7avkaniy\u00ean xwe wergirtine \u00fb ji h\u00eala \u00e7avkaniy\u00ean YNK\u00ea ve hatine pi\u015ftrastkirin; Cem\u00eel Bayik, hevserok\u00ea KCK\u00ea \u00fb endam\u00ea damezr\u00eener \u00ea PKK\u00ea, di hefteya yekem a Tebax\u00ea de bi balafirek\u00ea ji Balafirgeha [&hellip;]","og_url":"https:\/\/darkamazi.info\/archives\/1054091","og_site_name":"Darka Maz\u00ee","article_publisher":"https:\/\/www.facebook.com\/DarMaziKurmanci","article_published_time":"2026-09-05T11:33:08+00:00","og_image":[{"width":900,"height":497,"url":"https:\/\/darkamazi.info\/file\/2026\/09\/wp-mazi-ocalan-bayik.jpg","type":"image\/jpeg"}],"author":"darka mazi","twitter_card":"summary_large_image","twitter_creator":"@DarkaMaziLatini","twitter_site":"@DarkaMaziLatini","twitter_misc":{"Written by":"darka mazi","Est. reading time":"4 minutes"},"schema":{"@context":"https:\/\/schema.org","@graph":[{"@type":"Article","@id":"https:\/\/darkamazi.info\/archives\/1054091#article","isPartOf":{"@id":"https:\/\/darkamazi.info\/archives\/1054091"},"author":{"name":"darka mazi","@id":"https:\/\/darkamazi.info\/#\/schema\/person\/5ad3e24553a0567993fa8ed4bd0a776c"},"headline":"Cem\u00eel Bayik \u00c7\u00fbye \u00cemraliy\u00ea: Serdemeke n\u00fb di nava PKK\u00ea de \u00fb hevsengiy\u00ean hey\u00ee","datePublished":"2026-09-05T11:33:08+00:00","mainEntityOfPage":{"@id":"https:\/\/darkamazi.info\/archives\/1054091"},"wordCount":896,"publisher":{"@id":"https:\/\/darkamazi.info\/#organization"},"image":{"@id":"https:\/\/darkamazi.info\/archives\/1054091#primaryimage"},"thumbnailUrl":"https:\/\/darkamazi.info\/file\/2026\/09\/wp-mazi-ocalan-bayik.jpg","keywords":["sereke"],"articleSection":["Anal\u00eez"],"inLanguage":"en-US"},{"@type":"WebPage","@id":"https:\/\/darkamazi.info\/archives\/1054091","url":"https:\/\/darkamazi.info\/archives\/1054091","name":"Cem\u00eel Bayik \u00c7\u00fbye \u00cemraliy\u00ea: Serdemeke n\u00fb di nava PKK\u00ea de \u00fb hevsengiy\u00ean hey\u00ee - Darka Maz\u00ee","isPartOf":{"@id":"https:\/\/darkamazi.info\/#website"},"primaryImageOfPage":{"@id":"https:\/\/darkamazi.info\/archives\/1054091#primaryimage"},"image":{"@id":"https:\/\/darkamazi.info\/archives\/1054091#primaryimage"},"thumbnailUrl":"https:\/\/darkamazi.info\/file\/2026\/09\/wp-mazi-ocalan-bayik.jpg","datePublished":"2026-09-05T11:33:08+00:00","breadcrumb":{"@id":"https:\/\/darkamazi.info\/archives\/1054091#breadcrumb"},"inLanguage":"en-US","potentialAction":[{"@type":"ReadAction","target":["https:\/\/darkamazi.info\/archives\/1054091"]}]},{"@type":"ImageObject","inLanguage":"en-US","@id":"https:\/\/darkamazi.info\/archives\/1054091#primaryimage","url":"https:\/\/darkamazi.info\/file\/2026\/09\/wp-mazi-ocalan-bayik.jpg","contentUrl":"https:\/\/darkamazi.info\/file\/2026\/09\/wp-mazi-ocalan-bayik.jpg","width":900,"height":497,"caption":"Cem\u00eel Bayik \u00c7\u00fbye \u00cemraliy\u00ea: Serdemeke n\u00fb di nava PKK\u00ea de \u00fb hevsengiy\u00ean hey\u00ee"},{"@type":"BreadcrumbList","@id":"https:\/\/darkamazi.info\/archives\/1054091#breadcrumb","itemListElement":[{"@type":"ListItem","position":1,"name":"Home","item":"https:\/\/darkamazi.info\/"},{"@type":"ListItem","position":2,"name":"Cem\u00eel Bayik \u00c7\u00fbye \u00cemraliy\u00ea: Serdemeke n\u00fb di nava PKK\u00ea de \u00fb hevsengiy\u00ean hey\u00ee"}]},{"@type":"WebSite","@id":"https:\/\/darkamazi.info\/#website","url":"https:\/\/darkamazi.info\/","name":"Darka Maz\u00ee","description":"P\u00eageha Zanyariy\u00ean Nebih\u00eest\u00ee","publisher":{"@id":"https:\/\/darkamazi.info\/#organization"},"potentialAction":[{"@type":"SearchAction","target":{"@type":"EntryPoint","urlTemplate":"https:\/\/darkamazi.info\/?s={search_term_string}"},"query-input":{"@type":"PropertyValueSpecification","valueRequired":true,"valueName":"search_term_string"}}],"inLanguage":"en-US"},{"@type":"Organization","@id":"https:\/\/darkamazi.info\/#organization","name":"Darka Maz\u00ee","url":"https:\/\/darkamazi.info\/","logo":{"@type":"ImageObject","inLanguage":"en-US","@id":"https:\/\/darkamazi.info\/#\/schema\/logo\/image\/","url":"https:\/\/darkamazi.info\/file\/2017\/12\/darka-mazi-logo.png","contentUrl":"https:\/\/darkamazi.info\/file\/2017\/12\/darka-mazi-logo.png","width":151,"height":75,"caption":"Darka Maz\u00ee"},"image":{"@id":"https:\/\/darkamazi.info\/#\/schema\/logo\/image\/"},"sameAs":["https:\/\/www.facebook.com\/DarMaziKurmanci","https:\/\/x.com\/DarkaMaziLatini","https:\/\/www.instagram.com\/darkamazi.kurmanci\/","https:\/\/www.youtube.com\/channel\/UCa5HkTdmI8U1qCUFuTw8B2g"]},{"@type":"Person","@id":"https:\/\/darkamazi.info\/#\/schema\/person\/5ad3e24553a0567993fa8ed4bd0a776c","name":"darka mazi","sameAs":["https:\/\/darkamazi.info\/"],"url":"https:\/\/darkamazi.info\/archives\/author\/kurdi"}]}},"_links":{"self":[{"href":"https:\/\/darkamazi.info\/funavuv\/wp\/v2\/posts\/1054091","targetHints":{"allow":["GET"]}}],"collection":[{"href":"https:\/\/darkamazi.info\/funavuv\/wp\/v2\/posts"}],"about":[{"href":"https:\/\/darkamazi.info\/funavuv\/wp\/v2\/types\/post"}],"author":[{"embeddable":true,"href":"https:\/\/darkamazi.info\/funavuv\/wp\/v2\/users\/2"}],"replies":[{"embeddable":true,"href":"https:\/\/darkamazi.info\/funavuv\/wp\/v2\/comments?post=1054091"}],"version-history":[{"count":1,"href":"https:\/\/darkamazi.info\/funavuv\/wp\/v2\/posts\/1054091\/revisions"}],"predecessor-version":[{"id":1054093,"href":"https:\/\/darkamazi.info\/funavuv\/wp\/v2\/posts\/1054091\/revisions\/1054093"}],"wp:featuredmedia":[{"embeddable":true,"href":"https:\/\/darkamazi.info\/funavuv\/wp\/v2\/media\/1054092"}],"wp:attachment":[{"href":"https:\/\/darkamazi.info\/funavuv\/wp\/v2\/media?parent=1054091"}],"wp:term":[{"taxonomy":"category","embeddable":true,"href":"https:\/\/darkamazi.info\/funavuv\/wp\/v2\/categories?post=1054091"},{"taxonomy":"post_tag","embeddable":true,"href":"https:\/\/darkamazi.info\/funavuv\/wp\/v2\/tags?post=1054091"}],"curies":[{"name":"wp","href":"https:\/\/api.w.org\/{rel}","templated":true}]}}