{"id":1054096,"date":"2026-09-06T12:07:06","date_gmt":"2026-09-06T09:07:06","guid":{"rendered":"https:\/\/darkamazi.info\/?p=1054096"},"modified":"2026-09-06T12:07:06","modified_gmt":"2026-09-06T09:07:06","slug":"dem-parti-kongreya-xwe-ya-5emin-a-asayi-li-dar-dixe","status":"publish","type":"post","link":"https:\/\/darkamazi.info\/archives\/1054096","title":{"rendered":"Dem Part\u00ee kongreya xwe ya 5\u2019em\u00een a asay\u00ee li dar dixe"},"content":{"rendered":"<h3 style=\"text-align: justify;\"><span style=\"font-family: 'arial black', sans-serif;\">Partiya Wekhev\u00ee \u00fb Demokrasiya Gelan (DEM Part\u00ee) \u00eero Yek\u015fem\u00ea, 6\u2019\u00ea \u00celona 2026\u2019an, Kongreya xwe ya 5\u2019em\u00een a Asay\u00ee li Enqerey\u00ea li dar dixe. T\u00ca \u00e7aver\u00eakirin ku ev kongre b\u00eay\u00ee guher\u00een\u00ean k\u00fbr \u00fb bingeh\u00een bi r\u00ea ve bi\u00e7e \u00fb bibe gav\u00ea amadekariy\u00ea bo kongreyeke mezintir ku t\u00ea plankirin di bihara sala 2027\u2019an de p\u00eak b\u00eate.<\/span><\/h3>\n<h3 style=\"text-align: justify;\">Li gor\u00ee agahiy\u00ean ji \u00e7avkaniy\u00ean n\u00eaz\u00eek\u00ee DEM Partiy\u00ea hatine wergirtin, di kongreya \u00eero de guher\u00een\u00ean lezg\u00een di r\u00eaveberiy\u00ea de \u00e7\u00eanabin \u00fb t\u00ea texm\u00eenkirin ku Tuncer Bakirhan \u00fb T\u00fblay Hat\u00eemo\u011fullari careke din wek\u00ee hevserok\u00ean partiy\u00ea b\u00ean hilbijartin.<\/h3>\n<h3 style=\"text-align: justify;\"><span style=\"font-family: 'arial black', sans-serif;\">Plana Ji Bo Bihara 2027\u2019an \u00fb Guher\u00eena Nav\u00ea Partiy\u00ea<\/span><\/h3>\n<h3 style=\"text-align: justify;\">Li gor\u00ee nex\u015fer\u00eaya siyas\u00ee ya partiy\u00ea, kongreya mezin a biryardar d\u00ea di bihara sala 2027\u2019an de b\u00eate kirin. DI w\u00ea kongrey\u00ea de t\u00ea \u00e7aver\u00eakirin ku nav\u00ea DEM Partiy\u00ea bibe &#8220;Partiya Komar\u00ee ya Demokrat\u00eek&#8221;. HErwiha t\u00ea destin\u00ee\u015fankirin ku di ast\u00ean bilind \u00ean r\u00eaveberiya partiy\u00ea de ji bo wan r\u00eaber\u00ean PiKK\u00ea y\u00ean ku ji Qend\u00eel\u00ea an Ewropay\u00ea vedigerin Tirkiyey\u00ea cih b\u00eate veqetandin.<\/h3>\n<h3 style=\"text-align: justify;\">Di \u00e7ar\u00e7oveya van guher\u00eenan de, ber\u00ea j\u00ee di n\u00eeqa\u015f\u00ean siyas\u00ee de hatib\u00fb diyarikirin ku \u00eeht\u00eemaleke mezin heye ku Selahattin Demirta\u015f \u00fb Leyla Zana bibin hevserok\u00ean n\u00fb y\u00ean Partiya Komar\u00ee ya Demokrat\u00eek.<\/h3>\n<h3 style=\"text-align: justify;\"><span style=\"font-family: 'arial black', sans-serif;\">S\u00eenor\u00ea Qan\u00fbn\u00ee \u00fb P\u00eavajoya R\u00eaxistin\u00ee<\/span><\/h3>\n<h3 style=\"text-align: justify;\">DEM Partiy\u00ea kongreya xwe ya asay\u00ee ya dawiy\u00ea di Cotmeha 2023\u2019an de li dar xistib\u00fb \u00fb di w\u00ea civ\u00een\u00ea de nav\u00ea xwe ji &#8220;Partiya \u00c7ep a Kesk&#8221; guherandib\u00fb bo &#8220;DEM Part\u00ee&#8221;. LI gor\u00ee Qan\u00fbna Partiy\u00ean Siyas\u00ee y\u00ean Tirkiyey\u00ea, div\u00ea partiy\u00ean siyas\u00ee di nav dem\u00ean diyarkir\u00ee y\u00ean qan\u00fbn\u00ee de kongrey\u00ean xwe y\u00ean asay\u00ee p\u00eak b\u00eenin da ku heb\u00fbna xwe ya qan\u00fbn\u00ee bipar\u00eazin.<\/h3>\n","protected":false},"excerpt":{"rendered":"<p>Partiya Wekhev\u00ee \u00fb Demokrasiya Gelan (DEM Part\u00ee) \u00eero Yek\u015fem\u00ea, 6\u2019\u00ea \u00celona 2026\u2019an, Kongreya xwe ya 5\u2019em\u00een a Asay\u00ee li Enqerey\u00ea li dar dixe. T\u00ca \u00e7aver\u00eakirin ku ev kongre b\u00eay\u00ee guher\u00een\u00ean k\u00fbr \u00fb bingeh\u00een bi r\u00ea ve bi\u00e7e \u00fb bibe gav\u00ea amadekariy\u00ea bo kongreyeke mezintir ku t\u00ea plankirin di bihara sala 2027\u2019an de p\u00eak b\u00eate. Li [&hellip;]<\/p>\n","protected":false},"author":2,"featured_media":1054097,"comment_status":"closed","ping_status":"closed","sticky":false,"template":"","format":"standard","meta":{"footnotes":""},"categories":[29],"tags":[37],"class_list":["post-1054096","post","type-post","status-publish","format-standard","has-post-thumbnail","hentry","category-kurdistan","tag-sereke"],"blocksy_meta":{"styles_descriptor":{"styles":{"desktop":"","tablet":"","mobile":""},"google_fonts":[],"version":8}},"seo_head":"<!-- This site is optimized with the Yoast SEO plugin v28.4 - https:\/\/yoast.com\/product\/yoast-seo-wordpress\/ -->\n<title>Dem Part\u00ee kongreya xwe ya 5\u2019em\u00een a asay\u00ee li dar dixe - Darka Maz\u00ee<\/title>\n<meta name=\"robots\" content=\"index, follow, max-snippet:-1, max-image-preview:large, max-video-preview:-1\" \/>\n<link rel=\"canonical\" href=\"https:\/\/darkamazi.info\/archives\/1054096\" \/>\n<meta property=\"og:locale\" content=\"en_US\" \/>\n<meta property=\"og:type\" content=\"article\" \/>\n<meta property=\"og:title\" content=\"Dem Part\u00ee kongreya xwe ya 5\u2019em\u00een a asay\u00ee li dar dixe - Darka Maz\u00ee\" \/>\n<meta property=\"og:description\" content=\"Partiya Wekhev\u00ee \u00fb Demokrasiya Gelan (DEM Part\u00ee) \u00eero Yek\u015fem\u00ea, 6\u2019\u00ea \u00celona 2026\u2019an, Kongreya xwe ya 5\u2019em\u00een a Asay\u00ee li Enqerey\u00ea li dar dixe. T\u00ca \u00e7aver\u00eakirin ku ev kongre b\u00eay\u00ee guher\u00een\u00ean k\u00fbr \u00fb bingeh\u00een bi r\u00ea ve bi\u00e7e \u00fb bibe gav\u00ea amadekariy\u00ea bo kongreyeke mezintir ku t\u00ea plankirin di bihara sala 2027\u2019an de p\u00eak b\u00eate. Li [&hellip;]\" \/>\n<meta property=\"og:url\" content=\"https:\/\/darkamazi.info\/archives\/1054096\" \/>\n<meta property=\"og:site_name\" content=\"Darka Maz\u00ee\" \/>\n<meta property=\"article:publisher\" content=\"https:\/\/www.facebook.com\/DarMaziKurmanci\" \/>\n<meta property=\"article:published_time\" content=\"2026-09-06T09:07:06+00:00\" \/>\n<meta property=\"og:image\" content=\"https:\/\/darkamazi.info\/file\/2026\/09\/dem-partii.jpg\" \/>\n\t<meta property=\"og:image:width\" content=\"900\" \/>\n\t<meta property=\"og:image:height\" content=\"500\" \/>\n\t<meta property=\"og:image:type\" content=\"image\/jpeg\" \/>\n<meta name=\"author\" content=\"darka mazi\" \/>\n<meta name=\"twitter:card\" content=\"summary_large_image\" \/>\n<meta name=\"twitter:creator\" content=\"@DarkaMaziLatini\" \/>\n<meta name=\"twitter:site\" content=\"@DarkaMaziLatini\" \/>\n<meta name=\"twitter:label1\" content=\"Written by\" \/>\n\t<meta name=\"twitter:data1\" content=\"darka mazi\" \/>\n\t<meta name=\"twitter:label2\" content=\"Est. reading time\" \/>\n\t<meta name=\"twitter:data2\" content=\"2 minutes\" \/>\n<script type=\"application\/ld+json\" class=\"seo-schema-graph\">{\"@context\":\"https:\\\/\\\/schema.org\",\"@graph\":[{\"@type\":\"Article\",\"@id\":\"https:\\\/\\\/darkamazi.info\\\/archives\\\/1054096#article\",\"isPartOf\":{\"@id\":\"https:\\\/\\\/darkamazi.info\\\/archives\\\/1054096\"},\"author\":{\"name\":\"darka mazi\",\"@id\":\"https:\\\/\\\/darkamazi.info\\\/#\\\/schema\\\/person\\\/5ad3e24553a0567993fa8ed4bd0a776c\"},\"headline\":\"Dem Part\u00ee kongreya xwe ya 5\u2019em\u00een a asay\u00ee li dar dixe\",\"datePublished\":\"2026-09-06T09:07:06+00:00\",\"mainEntityOfPage\":{\"@id\":\"https:\\\/\\\/darkamazi.info\\\/archives\\\/1054096\"},\"wordCount\":324,\"publisher\":{\"@id\":\"https:\\\/\\\/darkamazi.info\\\/#organization\"},\"image\":{\"@id\":\"https:\\\/\\\/darkamazi.info\\\/archives\\\/1054096#primaryimage\"},\"thumbnailUrl\":\"https:\\\/\\\/darkamazi.info\\\/darka-content\\\/uploads\\\/2026\\\/09\\\/dem-partii.jpg\",\"keywords\":[\"sereke\"],\"articleSection\":[\"Kurdistan\"],\"inLanguage\":\"en-US\"},{\"@type\":\"WebPage\",\"@id\":\"https:\\\/\\\/darkamazi.info\\\/archives\\\/1054096\",\"url\":\"https:\\\/\\\/darkamazi.info\\\/archives\\\/1054096\",\"name\":\"Dem Part\u00ee kongreya xwe ya 5\u2019em\u00een a asay\u00ee li dar dixe - Darka Maz\u00ee\",\"isPartOf\":{\"@id\":\"https:\\\/\\\/darkamazi.info\\\/#website\"},\"primaryImageOfPage\":{\"@id\":\"https:\\\/\\\/darkamazi.info\\\/archives\\\/1054096#primaryimage\"},\"image\":{\"@id\":\"https:\\\/\\\/darkamazi.info\\\/archives\\\/1054096#primaryimage\"},\"thumbnailUrl\":\"https:\\\/\\\/darkamazi.info\\\/darka-content\\\/uploads\\\/2026\\\/09\\\/dem-partii.jpg\",\"datePublished\":\"2026-09-06T09:07:06+00:00\",\"breadcrumb\":{\"@id\":\"https:\\\/\\\/darkamazi.info\\\/archives\\\/1054096#breadcrumb\"},\"inLanguage\":\"en-US\",\"potentialAction\":[{\"@type\":\"ReadAction\",\"target\":[\"https:\\\/\\\/darkamazi.info\\\/archives\\\/1054096\"]}]},{\"@type\":\"ImageObject\",\"inLanguage\":\"en-US\",\"@id\":\"https:\\\/\\\/darkamazi.info\\\/archives\\\/1054096#primaryimage\",\"url\":\"https:\\\/\\\/darkamazi.info\\\/darka-content\\\/uploads\\\/2026\\\/09\\\/dem-partii.jpg\",\"contentUrl\":\"https:\\\/\\\/darkamazi.info\\\/darka-content\\\/uploads\\\/2026\\\/09\\\/dem-partii.jpg\",\"width\":900,\"height\":500,\"caption\":\"Dem Part\u00ee kongreya xwe ya 5\u2019em\u00een a asay\u00ee li dar dixe\"},{\"@type\":\"BreadcrumbList\",\"@id\":\"https:\\\/\\\/darkamazi.info\\\/archives\\\/1054096#breadcrumb\",\"itemListElement\":[{\"@type\":\"ListItem\",\"position\":1,\"name\":\"Home\",\"item\":\"https:\\\/\\\/darkamazi.info\\\/\"},{\"@type\":\"ListItem\",\"position\":2,\"name\":\"Dem Part\u00ee kongreya xwe ya 5\u2019em\u00een a asay\u00ee li dar dixe\"}]},{\"@type\":\"WebSite\",\"@id\":\"https:\\\/\\\/darkamazi.info\\\/#website\",\"url\":\"https:\\\/\\\/darkamazi.info\\\/\",\"name\":\"Darka Maz\u00ee\",\"description\":\"P\u00eageha Zanyariy\u00ean Nebih\u00eest\u00ee\",\"publisher\":{\"@id\":\"https:\\\/\\\/darkamazi.info\\\/#organization\"},\"potentialAction\":[{\"@type\":\"SearchAction\",\"target\":{\"@type\":\"EntryPoint\",\"urlTemplate\":\"https:\\\/\\\/darkamazi.info\\\/?s={search_term_string}\"},\"query-input\":{\"@type\":\"PropertyValueSpecification\",\"valueRequired\":true,\"valueName\":\"search_term_string\"}}],\"inLanguage\":\"en-US\"},{\"@type\":\"Organization\",\"@id\":\"https:\\\/\\\/darkamazi.info\\\/#organization\",\"name\":\"Darka Maz\u00ee\",\"url\":\"https:\\\/\\\/darkamazi.info\\\/\",\"logo\":{\"@type\":\"ImageObject\",\"inLanguage\":\"en-US\",\"@id\":\"https:\\\/\\\/darkamazi.info\\\/#\\\/schema\\\/logo\\\/image\\\/\",\"url\":\"https:\\\/\\\/darkamazi.info\\\/darka-content\\\/uploads\\\/2017\\\/12\\\/darka-mazi-logo.png\",\"contentUrl\":\"https:\\\/\\\/darkamazi.info\\\/darka-content\\\/uploads\\\/2017\\\/12\\\/darka-mazi-logo.png\",\"width\":151,\"height\":75,\"caption\":\"Darka Maz\u00ee\"},\"image\":{\"@id\":\"https:\\\/\\\/darkamazi.info\\\/#\\\/schema\\\/logo\\\/image\\\/\"},\"sameAs\":[\"https:\\\/\\\/www.facebook.com\\\/DarMaziKurmanci\",\"https:\\\/\\\/x.com\\\/DarkaMaziLatini\",\"https:\\\/\\\/www.instagram.com\\\/darkamazi.kurmanci\\\/\",\"https:\\\/\\\/www.youtube.com\\\/channel\\\/UCa5HkTdmI8U1qCUFuTw8B2g\"]},{\"@type\":\"Person\",\"@id\":\"https:\\\/\\\/darkamazi.info\\\/#\\\/schema\\\/person\\\/5ad3e24553a0567993fa8ed4bd0a776c\",\"name\":\"darka mazi\",\"sameAs\":[\"https:\\\/\\\/darkamazi.info\\\/\"],\"url\":\"https:\\\/\\\/darkamazi.info\\\/archives\\\/author\\\/kurdi\"}]}<\/script>\n<!-- \/ Yoast SEO plugin. -->","seo_head_json":{"title":"Dem Part\u00ee kongreya xwe ya 5\u2019em\u00een a asay\u00ee li dar dixe - Darka Maz\u00ee","robots":{"index":"index","follow":"follow","max-snippet":"max-snippet:-1","max-image-preview":"max-image-preview:large","max-video-preview":"max-video-preview:-1"},"canonical":"https:\/\/darkamazi.info\/archives\/1054096","og_locale":"en_US","og_type":"article","og_title":"Dem Part\u00ee kongreya xwe ya 5\u2019em\u00een a asay\u00ee li dar dixe - Darka Maz\u00ee","og_description":"Partiya Wekhev\u00ee \u00fb Demokrasiya Gelan (DEM Part\u00ee) \u00eero Yek\u015fem\u00ea, 6\u2019\u00ea \u00celona 2026\u2019an, Kongreya xwe ya 5\u2019em\u00een a Asay\u00ee li Enqerey\u00ea li dar dixe. T\u00ca \u00e7aver\u00eakirin ku ev kongre b\u00eay\u00ee guher\u00een\u00ean k\u00fbr \u00fb bingeh\u00een bi r\u00ea ve bi\u00e7e \u00fb bibe gav\u00ea amadekariy\u00ea bo kongreyeke mezintir ku t\u00ea plankirin di bihara sala 2027\u2019an de p\u00eak b\u00eate. Li [&hellip;]","og_url":"https:\/\/darkamazi.info\/archives\/1054096","og_site_name":"Darka Maz\u00ee","article_publisher":"https:\/\/www.facebook.com\/DarMaziKurmanci","article_published_time":"2026-09-06T09:07:06+00:00","og_image":[{"width":900,"height":500,"url":"https:\/\/darkamazi.info\/file\/2026\/09\/dem-partii.jpg","type":"image\/jpeg"}],"author":"darka mazi","twitter_card":"summary_large_image","twitter_creator":"@DarkaMaziLatini","twitter_site":"@DarkaMaziLatini","twitter_misc":{"Written by":"darka mazi","Est. reading time":"2 minutes"},"schema":{"@context":"https:\/\/schema.org","@graph":[{"@type":"Article","@id":"https:\/\/darkamazi.info\/archives\/1054096#article","isPartOf":{"@id":"https:\/\/darkamazi.info\/archives\/1054096"},"author":{"name":"darka mazi","@id":"https:\/\/darkamazi.info\/#\/schema\/person\/5ad3e24553a0567993fa8ed4bd0a776c"},"headline":"Dem Part\u00ee kongreya xwe ya 5\u2019em\u00een a asay\u00ee li dar dixe","datePublished":"2026-09-06T09:07:06+00:00","mainEntityOfPage":{"@id":"https:\/\/darkamazi.info\/archives\/1054096"},"wordCount":324,"publisher":{"@id":"https:\/\/darkamazi.info\/#organization"},"image":{"@id":"https:\/\/darkamazi.info\/archives\/1054096#primaryimage"},"thumbnailUrl":"https:\/\/darkamazi.info\/file\/2026\/09\/dem-partii.jpg","keywords":["sereke"],"articleSection":["Kurdistan"],"inLanguage":"en-US"},{"@type":"WebPage","@id":"https:\/\/darkamazi.info\/archives\/1054096","url":"https:\/\/darkamazi.info\/archives\/1054096","name":"Dem Part\u00ee kongreya xwe ya 5\u2019em\u00een a asay\u00ee li dar dixe - Darka Maz\u00ee","isPartOf":{"@id":"https:\/\/darkamazi.info\/#website"},"primaryImageOfPage":{"@id":"https:\/\/darkamazi.info\/archives\/1054096#primaryimage"},"image":{"@id":"https:\/\/darkamazi.info\/archives\/1054096#primaryimage"},"thumbnailUrl":"https:\/\/darkamazi.info\/file\/2026\/09\/dem-partii.jpg","datePublished":"2026-09-06T09:07:06+00:00","breadcrumb":{"@id":"https:\/\/darkamazi.info\/archives\/1054096#breadcrumb"},"inLanguage":"en-US","potentialAction":[{"@type":"ReadAction","target":["https:\/\/darkamazi.info\/archives\/1054096"]}]},{"@type":"ImageObject","inLanguage":"en-US","@id":"https:\/\/darkamazi.info\/archives\/1054096#primaryimage","url":"https:\/\/darkamazi.info\/file\/2026\/09\/dem-partii.jpg","contentUrl":"https:\/\/darkamazi.info\/file\/2026\/09\/dem-partii.jpg","width":900,"height":500,"caption":"Dem Part\u00ee kongreya xwe ya 5\u2019em\u00een a asay\u00ee li dar dixe"},{"@type":"BreadcrumbList","@id":"https:\/\/darkamazi.info\/archives\/1054096#breadcrumb","itemListElement":[{"@type":"ListItem","position":1,"name":"Home","item":"https:\/\/darkamazi.info\/"},{"@type":"ListItem","position":2,"name":"Dem Part\u00ee kongreya xwe ya 5\u2019em\u00een a asay\u00ee li dar dixe"}]},{"@type":"WebSite","@id":"https:\/\/darkamazi.info\/#website","url":"https:\/\/darkamazi.info\/","name":"Darka Maz\u00ee","description":"P\u00eageha Zanyariy\u00ean Nebih\u00eest\u00ee","publisher":{"@id":"https:\/\/darkamazi.info\/#organization"},"potentialAction":[{"@type":"SearchAction","target":{"@type":"EntryPoint","urlTemplate":"https:\/\/darkamazi.info\/?s={search_term_string}"},"query-input":{"@type":"PropertyValueSpecification","valueRequired":true,"valueName":"search_term_string"}}],"inLanguage":"en-US"},{"@type":"Organization","@id":"https:\/\/darkamazi.info\/#organization","name":"Darka Maz\u00ee","url":"https:\/\/darkamazi.info\/","logo":{"@type":"ImageObject","inLanguage":"en-US","@id":"https:\/\/darkamazi.info\/#\/schema\/logo\/image\/","url":"https:\/\/darkamazi.info\/file\/2017\/12\/darka-mazi-logo.png","contentUrl":"https:\/\/darkamazi.info\/file\/2017\/12\/darka-mazi-logo.png","width":151,"height":75,"caption":"Darka Maz\u00ee"},"image":{"@id":"https:\/\/darkamazi.info\/#\/schema\/logo\/image\/"},"sameAs":["https:\/\/www.facebook.com\/DarMaziKurmanci","https:\/\/x.com\/DarkaMaziLatini","https:\/\/www.instagram.com\/darkamazi.kurmanci\/","https:\/\/www.youtube.com\/channel\/UCa5HkTdmI8U1qCUFuTw8B2g"]},{"@type":"Person","@id":"https:\/\/darkamazi.info\/#\/schema\/person\/5ad3e24553a0567993fa8ed4bd0a776c","name":"darka mazi","sameAs":["https:\/\/darkamazi.info\/"],"url":"https:\/\/darkamazi.info\/archives\/author\/kurdi"}]}},"_links":{"self":[{"href":"https:\/\/darkamazi.info\/funavuv\/wp\/v2\/posts\/1054096","targetHints":{"allow":["GET"]}}],"collection":[{"href":"https:\/\/darkamazi.info\/funavuv\/wp\/v2\/posts"}],"about":[{"href":"https:\/\/darkamazi.info\/funavuv\/wp\/v2\/types\/post"}],"author":[{"embeddable":true,"href":"https:\/\/darkamazi.info\/funavuv\/wp\/v2\/users\/2"}],"replies":[{"embeddable":true,"href":"https:\/\/darkamazi.info\/funavuv\/wp\/v2\/comments?post=1054096"}],"version-history":[{"count":1,"href":"https:\/\/darkamazi.info\/funavuv\/wp\/v2\/posts\/1054096\/revisions"}],"predecessor-version":[{"id":1054098,"href":"https:\/\/darkamazi.info\/funavuv\/wp\/v2\/posts\/1054096\/revisions\/1054098"}],"wp:featuredmedia":[{"embeddable":true,"href":"https:\/\/darkamazi.info\/funavuv\/wp\/v2\/media\/1054097"}],"wp:attachment":[{"href":"https:\/\/darkamazi.info\/funavuv\/wp\/v2\/media?parent=1054096"}],"wp:term":[{"taxonomy":"category","embeddable":true,"href":"https:\/\/darkamazi.info\/funavuv\/wp\/v2\/categories?post=1054096"},{"taxonomy":"post_tag","embeddable":true,"href":"https:\/\/darkamazi.info\/funavuv\/wp\/v2\/tags?post=1054096"}],"curies":[{"name":"wp","href":"https:\/\/api.w.org\/{rel}","templated":true}]}}